{"id":8434,"date":"2023-05-31T23:15:01","date_gmt":"2023-05-31T23:15:01","guid":{"rendered":"https:\/\/www.semanariotiempo.cl\/?p=8434"},"modified":"2023-05-31T23:15:02","modified_gmt":"2023-05-31T23:15:02","slug":"papaya-gate-sii-arremete-con-querella-contra-las-inmobiliarias-implicadas-en-venta-de-terrenos-por-eventual-perjuicio-fiscal-de-900-millones","status":"publish","type":"post","link":"https:\/\/www.semanariotiempo.cl\/?p=8434","title":{"rendered":"Papaya Gate: SII arremete con querella contra las inmobiliarias implicadas en venta de terrenos por eventual  perjuicio fiscal de $900 millones"},"content":{"rendered":"\n<h4 class=\"has-vivid-red-color has-text-color wp-block-heading\"><strong>Luego de revisar los antecedentes de la carpeta investigativa que lleva el Ministerio P\u00fablico de Valpara\u00edso por presunto fraude al fisco, el servicio logr\u00f3 detectar que el costo tributario de los inmuebles era efectivamente excesivo, por lo que inici\u00f3 un proceso de auditor\u00eda tributaria para fiscalizar el correcto cumplimiento de la declaraci\u00f3n y pago de grav\u00e1menes.<\/strong><\/h4>\n\n\n\n<p class=\"wp-block-paragraph\">El Servicio de Impuestos Internos (SII), a trav\u00e9s de su Direcci\u00f3n Regional de La Serena, interpuso una querella por presunto delito tributario asociado a la presentaci\u00f3n de declaraciones de impuestos maliciosamente falsas, contra los representantes legales de las inmobiliarias implicadas en la controvertida venta de terrenos que originaron el bullado caso denominado Payaya Gate.<br>Las sociedades investigadas son Guayac\u00e1n S.P.A., Inmobiliaria La Herradura S.P.A., Inmobiliaria La Serena S.P.A., Inmobiliaria El Faro S.P.A., Inmobiliaria Pan de Az\u00facar S.P.A. e Inmobiliaria Cerro Grande S.P.A., y todos quienes resulten responsables, empresas que participaron en la venta de una serie de lotes de terrenos en el sector de San Ram\u00f3n de La Serena, que ir\u00edan a la construcci\u00f3n de un centro deportivo y adquiridos bajo el periodo de la ex Intendenta de la regi\u00f3n de Coquimbo, Luc\u00eda Pinto.<br>Cabe recordar que la Contralor\u00eda General de la Rep\u00fablica represent\u00f3 en cuatro oportunidades la compra venta, por m\u00e1s de $9 mil millones. Sin embargo, el proceso entre las partes sigui\u00f3 adelante y se efectu\u00f3 son la \u201ctoma de raz\u00f3n\u201d del ente fiscalizador. Las empresas est\u00e1n representadas por Lorenzo Pedro Iduya Ortiz de Luzuriaga, Nicolas Fabian Bakulic Govorcin, Karim Ale Daire Daud y Manuel Alejandro Daire Daud. A juicio del SII, los individualizados adquirieron los predios por $485.229.830, en el a\u00f1o 2014.<br>En el marco de la presentaci\u00f3n de esta querella, el subdirector Jur\u00eddico del SII, Marcelo Freyhoffer, enfatiz\u00f3 que \u201clo que buscamos con este tipo de acciones es entregar un mensaje claro: nadie debe afectar el desarrollo de nuestra sociedad al no pagar correctamente sus impuestos. Con esto adem\u00e1s buscamos un efecto ejemplarizador, que desincentive a otros a realizar este tipo de delitos\u201d.<\/p>\n\n\n\n<p class=\"wp-block-paragraph\"><strong>La lupa del SII<\/strong><br>Luego de revisar los antecedentes de la carpeta investigativa que lleva la Unidad de Delitos de Alta Complejidad del Ministerio P\u00fablico en Valpara\u00edso, pericia que lleva adelante la fiscal regional Claudia Perivancich, por eventual fraude al fisco, el SII logr\u00f3 detectar que el costo tributario de los inmuebles al momento de su venta era efectivamente excesivo, por lo que inici\u00f3 un proceso de auditor\u00eda tributaria para fiscalizar el correcto cumplimiento de la declaraci\u00f3n y pago del Impuesto a la Renta de Primera Categor\u00eda y del Impuesto \u00danico del art\u00edculo 21 de la Ley sobre Impuesto a la Renta, correspondiente al a\u00f1o tributario 2021, con la finalidad de detectar si determinaci\u00f3n del costo directo de los terrenos para el per\u00edodo comercial 2020, por parte de las sociedades mencionadas, fuera el que correspond\u00eda.<br>A partir de esta auditor\u00eda se pudo determinar que efectivamente el costo directo de los bienes ra\u00edces vendidos al Gobierno Regional de Coquimbo, por parte de las sociedades inmobiliarias, hab\u00eda sido incrementado de manera maliciosa, mediante un proceso de reorganizaci\u00f3n empresarial injustificado, a trav\u00e9s del cual imputaron como costo m\u00e1s de $.3.881 millones, como consecuencia de un aumento de capital ficticio (suscrito, no pagado).<br>Con esta informaci\u00f3n, el SII inici\u00f3 un proceso de recopilaci\u00f3n de antecedentes en contra de las seis sociedades, lo que permiti\u00f3 detectar que las declaraciones anuales de impuesto a la Renta, correspondientes al A\u00f1o Tributario 2021, fueron presentadas de manera maliciosamente falsa, debido a que el costo tributario declarado en ellas fue generado artificialmente, mediante una planificaci\u00f3n tributaria fraudulenta.<br>El objetivo de esta planificaci\u00f3n fue disminuir la base imponible del impuesto de primera categor\u00eda que se generar\u00eda con ocasi\u00f3n de la enajenaci\u00f3n de bienes ra\u00edces de propiedad de las empresas ya indicadas. El perjuicio fiscal generado por concepto de Impuesto a la Renta en este caso es de cerca de $900 millones.<\/p>\n\n\n\n<h4 class=\"wp-block-heading\"><span class=\"has-inline-color has-very-dark-gray-color\"><strong>Subdirector Jur\u00eddico del Servicio de Impuestos Internos (SII), Marcelo Freyhoffer:<\/strong><\/span><span class=\"has-inline-color has-vivid-red-color\"> <strong>\u201cEntregamos una se\u00f1al clara de que no toleraremos estos il\u00edcitos\u201d<\/strong><\/span><\/h4>\n\n\n\n<p class=\"wp-block-paragraph\"><em><strong>Abogado de la Universidad de Chile y Magister en Direcci\u00f3n y Gesti\u00f3n Tributaria de la Universidad Adolfo Ib\u00e1\u00f1ez, lleva una carrera superior a las dos d\u00e9cadas en el servicio. Fue nombrado en enero del 2022 como Subdirector Jur\u00eddico.<\/strong><\/em><\/p>\n\n\n\n<div class=\"wp-block-image\"><figure class=\"aligncenter size-large\"><img loading=\"lazy\" decoding=\"async\" width=\"931\" height=\"601\" src=\"https:\/\/www.semanariotiempo.cl\/wp-content\/uploads\/2023\/05\/Subdirector-Jur\u00eddico-del-Servicio-de-Impuestos-Internos-SII-Marcelo-Freyhoffer.jpg\" alt=\"\" class=\"wp-image-8435\" srcset=\"https:\/\/www.semanariotiempo.cl\/wp-content\/uploads\/2023\/05\/Subdirector-Jur\u00eddico-del-Servicio-de-Impuestos-Internos-SII-Marcelo-Freyhoffer.jpg 931w, https:\/\/www.semanariotiempo.cl\/wp-content\/uploads\/2023\/05\/Subdirector-Jur\u00eddico-del-Servicio-de-Impuestos-Internos-SII-Marcelo-Freyhoffer-300x194.jpg 300w, https:\/\/www.semanariotiempo.cl\/wp-content\/uploads\/2023\/05\/Subdirector-Jur\u00eddico-del-Servicio-de-Impuestos-Internos-SII-Marcelo-Freyhoffer-768x496.jpg 768w, https:\/\/www.semanariotiempo.cl\/wp-content\/uploads\/2023\/05\/Subdirector-Jur\u00eddico-del-Servicio-de-Impuestos-Internos-SII-Marcelo-Freyhoffer-696x449.jpg 696w, https:\/\/www.semanariotiempo.cl\/wp-content\/uploads\/2023\/05\/Subdirector-Jur\u00eddico-del-Servicio-de-Impuestos-Internos-SII-Marcelo-Freyhoffer-651x420.jpg 651w\" sizes=\"auto, (max-width: 931px) 100vw, 931px\" \/><\/figure><\/div>\n\n\n\n<p class=\"wp-block-paragraph\">\u201cComo servicio estamos fortaleciendo nuestra acci\u00f3n en materia de persecuci\u00f3n penal, a trav\u00e9s de la presentaci\u00f3n de querellas contra todos quienes resulten responsables\u201d.<br>Esa fue parte de la breve declaraci\u00f3n que entreg\u00f3 el Servicio de Impuestos Internos (SII) que esta semana remeci\u00f3 a la regi\u00f3n de Coquimbo, luego de conocerse que la entidad present\u00f3 una querella por eventuales delitos tributarios contra las seis sociedades que vendieron los terrenos al Gobierno Regional de Coquimbo, ligados al caso Papaya Gate (ver nota principal).<br>Los dichos a nombre del organismo recaudador fueron emitidos por su subdirector Jur\u00eddico, Marcelo Freyhoffer, abogado de la Universidad de Chile, quien lleva m\u00e1s de dos d\u00e9cadas en la instituci\u00f3n. \u201cY lo hacemos, porque estamos seguros de que esta forma, perseguimos no solo la sanci\u00f3n contra quienes da\u00f1en nuestro sistema tributario, sino que adem\u00e1s entregamos una se\u00f1al clara de que no toleraremos estos il\u00edcitos\u201d, agreg\u00f3.<br>Magister en Direcci\u00f3n y Gesti\u00f3n Tributaria de la Universidad Adolfo Ib\u00e1\u00f1ez, Freyhoffer ingres\u00f3 al SII en enero del 2023 y fue jefe de la Oficina de An\u00e1lisis de la Jurisprudencia. Luego, en 2015 se desempe\u00f1o como subdirector de Contralor\u00eda Interna, hasta enero del 2022, cuando logr\u00f3 convertirse en subdirector Jur\u00eddico.<\/p>\n","protected":false},"excerpt":{"rendered":"<p>Luego de revisar los antecedentes de la carpeta investigativa que lleva el Ministerio P\u00fablico de Valpara\u00edso por presunto fraude al fisco, el servicio logr\u00f3 detectar que el costo tributario de los inmuebles era efectivamente excesivo, por lo que inici\u00f3 un proceso de auditor\u00eda tributaria para fiscalizar el correcto cumplimiento de la declaraci\u00f3n y pago de [&hellip;]<\/p>\n","protected":false},"author":1,"featured_media":8435,"comment_status":"open","ping_status":"open","sticky":false,"template":"","format":"standard","meta":{"tdm_status":"","tdm_grid_status":"","footnotes":"","_wpscppro_dont_share_socialmedia":false,"_wpscppro_custom_social_share_image":0,"_facebook_share_type":"","_twitter_share_type":"","_linkedin_share_type":"","_pinterest_share_type":"","_linkedin_share_type_page":"","_instagram_share_type":"","_medium_share_type":"","_threads_share_type":"","_google_business_share_type":"","_bluesky_share_type":"","_mastodon_share_type":"","_selected_social_profile":[],"_wpsp_enable_custom_social_template":false,"_wpsp_social_scheduling":{"enabled":false,"datetime":null,"platforms":[],"status":"template_only","dateOption":"today","timeOption":"now","customDays":"","customHours":"","customDate":"","customTime":"","schedulingType":"absolute"},"_wpsp_active_default_template":true},"categories":[1],"tags":[8],"class_list":["post-8434","post","type-post","status-publish","format-standard","has-post-thumbnail","hentry","category-uncategorized","tag-marketing"],"_links":{"self":[{"href":"https:\/\/www.semanariotiempo.cl\/index.php?rest_route=\/wp\/v2\/posts\/8434","targetHints":{"allow":["GET"]}}],"collection":[{"href":"https:\/\/www.semanariotiempo.cl\/index.php?rest_route=\/wp\/v2\/posts"}],"about":[{"href":"https:\/\/www.semanariotiempo.cl\/index.php?rest_route=\/wp\/v2\/types\/post"}],"author":[{"embeddable":true,"href":"https:\/\/www.semanariotiempo.cl\/index.php?rest_route=\/wp\/v2\/users\/1"}],"replies":[{"embeddable":true,"href":"https:\/\/www.semanariotiempo.cl\/index.php?rest_route=%2Fwp%2Fv2%2Fcomments&post=8434"}],"version-history":[{"count":0,"href":"https:\/\/www.semanariotiempo.cl\/index.php?rest_route=\/wp\/v2\/posts\/8434\/revisions"}],"wp:featuredmedia":[{"embeddable":true,"href":"https:\/\/www.semanariotiempo.cl\/index.php?rest_route=\/wp\/v2\/media\/8435"}],"wp:attachment":[{"href":"https:\/\/www.semanariotiempo.cl\/index.php?rest_route=%2Fwp%2Fv2%2Fmedia&parent=8434"}],"wp:term":[{"taxonomy":"category","embeddable":true,"href":"https:\/\/www.semanariotiempo.cl\/index.php?rest_route=%2Fwp%2Fv2%2Fcategories&post=8434"},{"taxonomy":"post_tag","embeddable":true,"href":"https:\/\/www.semanariotiempo.cl\/index.php?rest_route=%2Fwp%2Fv2%2Ftags&post=8434"}],"curies":[{"name":"wp","href":"https:\/\/api.w.org\/{rel}","templated":true}]}}