{"id":8428,"date":"2023-05-31T21:47:27","date_gmt":"2023-05-31T21:47:27","guid":{"rendered":"https:\/\/www.semanariotiempo.cl\/?p=8428"},"modified":"2023-05-31T21:47:27","modified_gmt":"2023-05-31T21:47:27","slug":"comuna-de-la-higuera-senador-nunez-pide-acelerar-investigacion-por-robo-de-cables","status":"publish","type":"post","link":"https:\/\/www.semanariotiempo.cl\/?p=8428","title":{"rendered":"Comuna de La Higuera: Senador N\u00fa\u00f1ez pide acelerar investigaci\u00f3n por robo de cables"},"content":{"rendered":"\n<h4 class=\"has-vivid-red-color has-text-color wp-block-heading\"><strong>El parlamentario, junto al consejero regional Javier Vega, se reunieron con el prefecto Jos\u00e9 Carrasco de la PDI, quien comprometi\u00f3 dedicaci\u00f3n preferente a un delito que genera un impacto negativo en la comunidad de La Higuera y tambi\u00e9n en otras comunas como Monte Patria.<\/strong><\/h4>\n\n\n\n<div class=\"wp-block-image\"><figure class=\"aligncenter size-large\"><img loading=\"lazy\" decoding=\"async\" width=\"1024\" height=\"662\" src=\"https:\/\/www.semanariotiempo.cl\/wp-content\/uploads\/2023\/05\/PDI-ROBO-CABLES-1024x662.jpg\" alt=\"\" class=\"wp-image-8429\" srcset=\"https:\/\/www.semanariotiempo.cl\/wp-content\/uploads\/2023\/05\/PDI-ROBO-CABLES-1024x662.jpg 1024w, https:\/\/www.semanariotiempo.cl\/wp-content\/uploads\/2023\/05\/PDI-ROBO-CABLES-300x194.jpg 300w, https:\/\/www.semanariotiempo.cl\/wp-content\/uploads\/2023\/05\/PDI-ROBO-CABLES-768x496.jpg 768w, https:\/\/www.semanariotiempo.cl\/wp-content\/uploads\/2023\/05\/PDI-ROBO-CABLES-696x450.jpg 696w, https:\/\/www.semanariotiempo.cl\/wp-content\/uploads\/2023\/05\/PDI-ROBO-CABLES-1068x690.jpg 1068w, https:\/\/www.semanariotiempo.cl\/wp-content\/uploads\/2023\/05\/PDI-ROBO-CABLES-650x420.jpg 650w, https:\/\/www.semanariotiempo.cl\/wp-content\/uploads\/2023\/05\/PDI-ROBO-CABLES.jpg 1147w\" sizes=\"auto, (max-width: 1024px) 100vw, 1024px\" \/><\/figure><\/div>\n\n\n\n<p class=\"wp-block-paragraph\">El robo de cables conductores de cobre en la comuna de La Higuera se ha convertido en un verdadero drama para vecinos y vecinas de diferentes localidades de la comuna del norte de la Regi\u00f3n de Coquimbo.<br>En las \u00faltimas semanas se ha reiterado este tipo de delito, dejando sin electricidad y generando un importante impacto social en las comunidades de Caleta Los Hornos, Punta de Choros, Caleta Los Hornos, Punta Colorada, entre otras.<br>Buscando una soluci\u00f3n, este mi\u00e9rcoles el senador Daniel N\u00fa\u00f1ez y el consejero regional Javier Vega, se reunieron con el Prefecto Inspector Jos\u00e9 Carrasco jefe de la Regi\u00f3n Policial de la PDI Coquimbo.<br>En la cita, las autoridades regionales plantearon la inquietud de los vecinos y vecinas de la comuna, as\u00ed como tambi\u00e9n la inquietud que existe tambi\u00e9n en Monte Patria a causa del mismo delito.<br>El consejero Javier Vega relat\u00f3 que \u201chemos recibido bastantes denuncias de parte de diferentes localidades de La Higuera sobre el robo de cables \u201chan estado por varias horas sin energ\u00eda el\u00e9ctrica y esto ha provocado desaz\u00f3n, intranquilidad, respecto a poder vivir una vida normal\u201d.<br>Para Vega este problema perjudica \u201cen general. Toda la comuna est\u00e1 agobiada por estos problemas que tienen un impacto en su propia econom\u00eda, en el hecho de no poder congelar sus alimentos, los negocios que proveen a la ciudadan\u00eda, las escuelas, los jardines infantiles sin suministros\u201d,<br>El senador Daniel N\u00fa\u00f1ez explic\u00f3 que la reuni\u00f3n tuvo como objetivo \u201cplantear la urgente necesidad que hay de detener a esta banda que ha hecho de esta una actividad econ\u00f3mica permanente ilegal. El robo de cables deja sin suministro el\u00e9ctrico y todas las actividades b\u00e1sicas que se desarrollan con electricidad, como la luz y el agua, a distintas localidades de la comuna de La Higuera\u201d.<br>El parlamentario detall\u00f3 que \u201cnos parece que ac\u00e1 hay una banda que se ha dedicado en forma sistem\u00e1tica a esta actividad, que hay un poder de compra que hace un negocio muy lucratuvo, as\u00ed que estamos pidiendo a la PDI una intervenci\u00f3n integral, que se detecte no solo a quien roba el cable, sino a quien se lo compra, lo comercializa\u201d.<br>El prefecto Carrasco, en tanto, apunt\u00f3 que \u201cyo me compromet\u00ed con el senador Daniel N\u00fa\u00f1ez y le se\u00f1al\u00e9 que nuestro equipo que est\u00e1 con dedicaci\u00f3n preferente en ese sentido y con la coordinaci\u00f3n de nuestra comunidad podamos dar respuesta a esta problem\u00e1tica que sin duda nos est\u00e1 afectando en instalaciones que son relevantes para el normal funcionamiento de la comunidad\u201d.<br>El jefe regional de la PDI coment\u00f3 que este es un foco criminal que se est\u00e1 trabajando desde hace bastante tiempo y debido al gran impacto que genera en el d\u00eda a d\u00eda de las personas, se enfocar\u00e1n esfuerzos en dar con quienes est\u00e1n detr\u00e1s de este negocio il\u00edcito.<\/p>\n","protected":false},"excerpt":{"rendered":"<p>El parlamentario, junto al consejero regional Javier Vega, se reunieron con el prefecto Jos\u00e9 Carrasco de la PDI, quien comprometi\u00f3 dedicaci\u00f3n preferente a un delito que genera un impacto negativo en la comunidad de La Higuera y tambi\u00e9n en otras comunas como Monte Patria. El robo de cables conductores de cobre en la comuna de [&hellip;]<\/p>\n","protected":false},"author":1,"featured_media":8429,"comment_status":"open","ping_status":"open","sticky":false,"template":"","format":"standard","meta":{"tdm_status":"","tdm_grid_status":"","footnotes":"","_wpscppro_dont_share_socialmedia":false,"_wpscppro_custom_social_share_image":0,"_facebook_share_type":"","_twitter_share_type":"","_linkedin_share_type":"","_pinterest_share_type":"","_linkedin_share_type_page":"","_instagram_share_type":"","_medium_share_type":"","_threads_share_type":"","_google_business_share_type":"","_bluesky_share_type":"","_mastodon_share_type":"","_selected_social_profile":[],"_wpsp_enable_custom_social_template":false,"_wpsp_social_scheduling":{"enabled":false,"datetime":null,"platforms":[],"status":"template_only","dateOption":"today","timeOption":"now","customDays":"","customHours":"","customDate":"","customTime":"","schedulingType":"absolute"},"_wpsp_active_default_template":true},"categories":[1],"tags":[8,5],"class_list":["post-8428","post","type-post","status-publish","format-standard","has-post-thumbnail","hentry","category-uncategorized","tag-marketing","tag-website"],"_links":{"self":[{"href":"https:\/\/www.semanariotiempo.cl\/index.php?rest_route=\/wp\/v2\/posts\/8428","targetHints":{"allow":["GET"]}}],"collection":[{"href":"https:\/\/www.semanariotiempo.cl\/index.php?rest_route=\/wp\/v2\/posts"}],"about":[{"href":"https:\/\/www.semanariotiempo.cl\/index.php?rest_route=\/wp\/v2\/types\/post"}],"author":[{"embeddable":true,"href":"https:\/\/www.semanariotiempo.cl\/index.php?rest_route=\/wp\/v2\/users\/1"}],"replies":[{"embeddable":true,"href":"https:\/\/www.semanariotiempo.cl\/index.php?rest_route=%2Fwp%2Fv2%2Fcomments&post=8428"}],"version-history":[{"count":0,"href":"https:\/\/www.semanariotiempo.cl\/index.php?rest_route=\/wp\/v2\/posts\/8428\/revisions"}],"wp:featuredmedia":[{"embeddable":true,"href":"https:\/\/www.semanariotiempo.cl\/index.php?rest_route=\/wp\/v2\/media\/8429"}],"wp:attachment":[{"href":"https:\/\/www.semanariotiempo.cl\/index.php?rest_route=%2Fwp%2Fv2%2Fmedia&parent=8428"}],"wp:term":[{"taxonomy":"category","embeddable":true,"href":"https:\/\/www.semanariotiempo.cl\/index.php?rest_route=%2Fwp%2Fv2%2Fcategories&post=8428"},{"taxonomy":"post_tag","embeddable":true,"href":"https:\/\/www.semanariotiempo.cl\/index.php?rest_route=%2Fwp%2Fv2%2Ftags&post=8428"}],"curies":[{"name":"wp","href":"https:\/\/api.w.org\/{rel}","templated":true}]}}