{"id":8387,"date":"2023-05-29T23:54:59","date_gmt":"2023-05-29T23:54:59","guid":{"rendered":"https:\/\/www.semanariotiempo.cl\/?p=8387"},"modified":"2023-05-29T23:55:00","modified_gmt":"2023-05-29T23:55:00","slug":"norte-niris-cortes-pizarro-ucn-es-necesario-consolidar-la-educacion-ambiental-desde-la-primera-infancia-hasta-la-educacion-superior","status":"publish","type":"post","link":"https:\/\/www.semanariotiempo.cl\/?p=8387","title":{"rendered":"Norte Niris Cort\u00e9s Pizarro, UCN: \u201cEs necesario consolidar la educaci\u00f3n ambiental desde la primera infancia  hasta la educaci\u00f3n superior\u201d"},"content":{"rendered":"\n<h4 class=\"has-vivid-red-color has-text-color wp-block-heading\">La necesidad de que las investigaciones realizadas en las universidades sean consideras con mayor propiedad por quienes toman las decisiones en nuestro pa\u00eds es el llamado de la Decana de la Facultad de Ciencias del Mar de la Universidad Cat\u00f3lica del Norte Niris Cort\u00e9s Pizarro, quien destac\u00f3 las capacidades que existen en las universidades para aportar en an\u00e1lisis de tem\u00e1ticas ambientales.<\/h4>\n\n\n\n<div class=\"wp-block-image\"><figure class=\"aligncenter size-large\"><img loading=\"lazy\" decoding=\"async\" width=\"960\" height=\"626\" src=\"https:\/\/www.semanariotiempo.cl\/wp-content\/uploads\/2023\/05\/medio-ambiente-mar-ucn.jpg\" alt=\"\" class=\"wp-image-8388\" srcset=\"https:\/\/www.semanariotiempo.cl\/wp-content\/uploads\/2023\/05\/medio-ambiente-mar-ucn.jpg 960w, https:\/\/www.semanariotiempo.cl\/wp-content\/uploads\/2023\/05\/medio-ambiente-mar-ucn-300x196.jpg 300w, https:\/\/www.semanariotiempo.cl\/wp-content\/uploads\/2023\/05\/medio-ambiente-mar-ucn-768x501.jpg 768w, https:\/\/www.semanariotiempo.cl\/wp-content\/uploads\/2023\/05\/medio-ambiente-mar-ucn-696x454.jpg 696w, https:\/\/www.semanariotiempo.cl\/wp-content\/uploads\/2023\/05\/medio-ambiente-mar-ucn-644x420.jpg 644w\" sizes=\"auto, (max-width: 960px) 100vw, 960px\" \/><\/figure><\/div>\n\n\n\n<p class=\"wp-block-paragraph\">Cada mayo se conmemora en Chile el Mes del Mar, fecha para reflexionar sobre los avances y las deudas que existen en su cuidado. Conversamos con la decana de la Facultad de Ciencias del Mar de la Universidad Cat\u00f3lica del Norte (UCN), Niris Cort\u00e9s Pizarro, quien destac\u00f3 que, en comparaci\u00f3n con d\u00e9cadas anteriores, se ha avanzado en cuanto a las normativas referentes a la protecci\u00f3n de la biodiversidad marina, as\u00ed como tambi\u00e9n en la formaci\u00f3n de profesionales que aborden tem\u00e1ticas en estas materias marinas.<br>\u201cNo obstante, ese conocimiento no siempre llega a quienes toman las decisiones de manera oportuna. Las diferentes mesas de trabajo que existen en el Congreso, solicitan apoyos de expertos, sin embargo que las opiniones, sugerencias y\/o recomendaciones de los expertos sean finalmente consideradas al momento de generar pol\u00edticas, estrategias, normativas, no siempre rinden frutos, lo que dificulta la protecci\u00f3n efectiva del mar\u201d, dijo.<br>En otro tema la decana de la Facultad de Ciencias del Mar UCN se refiri\u00f3 a la formaci\u00f3n ciudadana en materia medioambiental. Hoy, dijo, gracias a las redes sociales, hay una r\u00e1pida difusi\u00f3n de todas las tem\u00e1ticas, entre ellas las ambientales. Pero esta r\u00e1pida difusi\u00f3n necesita ir de la mano de una formaci\u00f3n de la ciudadan\u00eda, es necesario consolidar la educaci\u00f3n ambiental desde la primera infancia hasta la educaci\u00f3n superior, donde todo futuro profesional debiera tener conocimiento sobre la importancia de la protecci\u00f3n del medioambiente. S\u00f3lo de esta manera lograremos tener una sociedad que opine con conocimiento.<\/p>\n\n\n\n<div class=\"wp-block-image\"><figure class=\"aligncenter size-large is-resized\"><img loading=\"lazy\" decoding=\"async\" src=\"https:\/\/www.semanariotiempo.cl\/wp-content\/uploads\/2023\/05\/Decana-ucn-876x1024.jpg\" alt=\"\" class=\"wp-image-8389\" width=\"438\" height=\"512\" srcset=\"https:\/\/www.semanariotiempo.cl\/wp-content\/uploads\/2023\/05\/Decana-ucn-876x1024.jpg 876w, https:\/\/www.semanariotiempo.cl\/wp-content\/uploads\/2023\/05\/Decana-ucn-257x300.jpg 257w, https:\/\/www.semanariotiempo.cl\/wp-content\/uploads\/2023\/05\/Decana-ucn-768x898.jpg 768w, https:\/\/www.semanariotiempo.cl\/wp-content\/uploads\/2023\/05\/Decana-ucn-696x814.jpg 696w, https:\/\/www.semanariotiempo.cl\/wp-content\/uploads\/2023\/05\/Decana-ucn-359x420.jpg 359w, https:\/\/www.semanariotiempo.cl\/wp-content\/uploads\/2023\/05\/Decana-ucn.jpg 929w\" sizes=\"auto, (max-width: 438px) 100vw, 438px\" \/><figcaption>Decana de la Facultad de Ciencias del Mar de la Universidad Cat\u00f3lica del Norte Niris Cort\u00e9s Pizarro,<\/figcaption><\/figure><\/div>\n\n\n\n<p class=\"wp-block-paragraph\"><strong>APORTE DESDE LA UCN<\/strong><br>La necesidad de proteger la biodiversidad es una certeza, y los acad\u00e9micos y acad\u00e9micas de la Facultad de Ciencias del Mar trabajan activamente en ello, cubriendo tem\u00e1ticas que son traspasadas a sus estudiantes, \u201clo que ha permitido que se empoderen de los temas, pero tambi\u00e9n que se identifique a la UCN como una universidad donde sus profesores est\u00e1n apoyando, desde el punto de vista cient\u00edfico, para mostrar cuales son las l\u00edneas de protecci\u00f3n en las que se puede seguir avanzando\u201d.<br>En este contexto destac\u00f3 la labor de centros y programas que trabajan en esta l\u00ednea, el Programa Cient\u00edficos de la Basura, ha permitido que se visualice el problema de la basura en el mar; el Centro de Ecolog\u00eda y Manejo Sustentable de Islas Oce\u00e1nicas (ESMOI) ha evidenciado la biodiversidad que existe en las Islas Oce\u00e1nicas; el Centro de Investigaci\u00f3n y Desarrollo Tecnol\u00f3gico en Algas y Otros Recursos Biol\u00f3gicos (CIDTA) busca agregar valor al recurso algal nativo mediante el desarrollo de investigaci\u00f3n b\u00e1sica y aplicada; el Instituto Milenio SECOS, que entre sus integrantes tienen a acad\u00e9micos y acad\u00e9micas de la UCN, aporta con su trabajo con las y los usuarias de las costa y su administraci\u00f3n; el proyecto de apoyo a la Municipalidad de Rapa Nui de la instalaci\u00f3n del Centro de Investigaciones, entre otros temas.<\/p>\n","protected":false},"excerpt":{"rendered":"<p>La necesidad de que las investigaciones realizadas en las universidades sean consideras con mayor propiedad por quienes toman las decisiones en nuestro pa\u00eds es el llamado de la Decana de la Facultad de Ciencias del Mar de la Universidad Cat\u00f3lica del Norte Niris Cort\u00e9s Pizarro, quien destac\u00f3 las capacidades que existen en las universidades para [&hellip;]<\/p>\n","protected":false},"author":1,"featured_media":8388,"comment_status":"open","ping_status":"open","sticky":false,"template":"","format":"standard","meta":{"tdm_status":"","tdm_grid_status":"","footnotes":"","_wpscppro_dont_share_socialmedia":false,"_wpscppro_custom_social_share_image":0,"_facebook_share_type":"","_twitter_share_type":"","_linkedin_share_type":"","_pinterest_share_type":"","_linkedin_share_type_page":"","_instagram_share_type":"","_medium_share_type":"","_threads_share_type":"","_google_business_share_type":"","_bluesky_share_type":"","_mastodon_share_type":"","_selected_social_profile":[],"_wpsp_enable_custom_social_template":false,"_wpsp_social_scheduling":{"enabled":false,"datetime":null,"platforms":[],"status":"template_only","dateOption":"today","timeOption":"now","customDays":"","customHours":"","customDate":"","customTime":"","schedulingType":"absolute"},"_wpsp_active_default_template":true},"categories":[1],"tags":[16,8],"class_list":["post-8387","post","type-post","status-publish","format-standard","has-post-thumbnail","hentry","category-uncategorized","tag-make-money-online","tag-marketing"],"_links":{"self":[{"href":"https:\/\/www.semanariotiempo.cl\/index.php?rest_route=\/wp\/v2\/posts\/8387","targetHints":{"allow":["GET"]}}],"collection":[{"href":"https:\/\/www.semanariotiempo.cl\/index.php?rest_route=\/wp\/v2\/posts"}],"about":[{"href":"https:\/\/www.semanariotiempo.cl\/index.php?rest_route=\/wp\/v2\/types\/post"}],"author":[{"embeddable":true,"href":"https:\/\/www.semanariotiempo.cl\/index.php?rest_route=\/wp\/v2\/users\/1"}],"replies":[{"embeddable":true,"href":"https:\/\/www.semanariotiempo.cl\/index.php?rest_route=%2Fwp%2Fv2%2Fcomments&post=8387"}],"version-history":[{"count":0,"href":"https:\/\/www.semanariotiempo.cl\/index.php?rest_route=\/wp\/v2\/posts\/8387\/revisions"}],"wp:featuredmedia":[{"embeddable":true,"href":"https:\/\/www.semanariotiempo.cl\/index.php?rest_route=\/wp\/v2\/media\/8388"}],"wp:attachment":[{"href":"https:\/\/www.semanariotiempo.cl\/index.php?rest_route=%2Fwp%2Fv2%2Fmedia&parent=8387"}],"wp:term":[{"taxonomy":"category","embeddable":true,"href":"https:\/\/www.semanariotiempo.cl\/index.php?rest_route=%2Fwp%2Fv2%2Fcategories&post=8387"},{"taxonomy":"post_tag","embeddable":true,"href":"https:\/\/www.semanariotiempo.cl\/index.php?rest_route=%2Fwp%2Fv2%2Ftags&post=8387"}],"curies":[{"name":"wp","href":"https:\/\/api.w.org\/{rel}","templated":true}]}}