{"id":8385,"date":"2023-05-29T23:51:50","date_gmt":"2023-05-29T23:51:50","guid":{"rendered":"https:\/\/www.semanariotiempo.cl\/?p=8385"},"modified":"2023-05-29T23:51:51","modified_gmt":"2023-05-29T23:51:51","slug":"regiones-constitucion-y-voluntarismo","status":"publish","type":"post","link":"https:\/\/www.semanariotiempo.cl\/?p=8385","title":{"rendered":"Regiones, constituci\u00f3n y voluntarismo"},"content":{"rendered":"\n<p class=\"wp-block-paragraph\">En La Serena se realiza la Asamblea Extraordinaria de la Asociaci\u00f3n Chilena de Municipalidades (AChM), en la que el subsecretario de Desarrollo Regional y Administrativo, Nicol\u00e1s Cataldo, expuso sobre la agenda del gobierno, anunciando un proceso de di\u00e1logos en torno a una propuesta de Pol\u00edtica Nacional de Descentralizaci\u00f3n que permitir\u00e1 acordar \u201cla imagen objetivo del Chile descentralizado, con desarrollo y bienestar territorial equitativo\u201d.<br>Se habla de un proceso de di\u00e1logos en las 16 regiones del pa\u00eds para elaborar una Pol\u00edtica Nacional de Descentralizaci\u00f3n con todos los actores involucrados en la gobernanza territorial.<br>Sin embargo llama la atenci\u00f3n y no deja de ser confuso que este proceso se lleve de manera paralela a la propuesta del nueva constituci\u00f3n y al trabajo del futuro \u00f3rgano constituyente, aunque puede ser que lo que busca el gobierno es avanzar en un cambio cultural m\u00e1s all\u00e1 de lo simplemente legal.<br>El ministro sostuvo que la descentralizaci\u00f3n \u201cno tiene un valor en s\u00ed mismo, sino que tiene valor cuando contribuye al bienestar de los territorios\u201d, y afirma acertadamente que tenemos que definir bien el rol de cada nivel de gobierno, fortalecer la generaci\u00f3n de ingresos propios para sostener estas pol\u00edticas y el buen uso de los recursos para poder tener legitimidad.<br>En cuanto a los recursos sin duda que el Royalty Minero deber\u00eda ayudar a tener Regiones M\u00e1s Fuertes.<br>Ahora bien, debemos estar atentos a lo que pueda avanzar el comit\u00e9 de expertos y el \u00f3rgano constituyente, puesto que ya se puede ver como el art\u00edculo 40 de la propuesta consagra que \u201cLa ley establecer\u00e1 foros de deliberaci\u00f3n ciudadana que colaborar\u00e1n en la resoluci\u00f3n de una materia espec\u00edfica de debate p\u00fablico, sea esta de alcance nacional, regional o comunal\u201d. Es decir que se abre un interesante espacio democr\u00e1tico regional que hoy no existe.<br>De la misma forma, el art\u00edculo 41 se\u00f1ala que \u201cEl gobernador regional o el alcalde, seg\u00fan corresponda, con el acuerdo o a requerimiento de los dos tercios de los consejeros regionales o concejales en ejercicio, o un grupo de personas habilitadas para sufragar que represente el ocho por ciento del padr\u00f3n electoral regional o comunal, respectivamente, podr\u00e1 someter a plebiscito aquellas materias de competencia municipal o regional, seg\u00fan corresponda, se\u00f1aladas expresamente en la ley institucional\u201d.<br>Como hemos dicho tantas veces en este espacio, es indispensable en todos estos procesos que se genere el espacio para definir los objetivos regionales en una Estrategia Regional de Desarrollo (hoy inexistente) para que las futuras decisiones no sean vol\u00e1tiles o fruto de la simple voluntad antojadiza del o los pol\u00edticos de turno.<\/p>\n\n\n\n<p style=\"background-color:#ffebeb\" class=\"has-background wp-block-paragraph\"><strong>V\u00edctor H. Villagr\u00e1n<\/strong><br>Editor Semanario Tiempo<\/p>\n","protected":false},"excerpt":{"rendered":"<p>En La Serena se realiza la Asamblea Extraordinaria de la Asociaci\u00f3n Chilena de Municipalidades (AChM), en la que el subsecretario de Desarrollo Regional y Administrativo, Nicol\u00e1s Cataldo, expuso sobre la agenda del gobierno, anunciando un proceso de di\u00e1logos en torno a una propuesta de Pol\u00edtica Nacional de Descentralizaci\u00f3n que permitir\u00e1 acordar \u201cla imagen objetivo del [&hellip;]<\/p>\n","protected":false},"author":1,"featured_media":0,"comment_status":"open","ping_status":"open","sticky":false,"template":"","format":"standard","meta":{"tdm_status":"","tdm_grid_status":"","footnotes":"","_wpscppro_dont_share_socialmedia":false,"_wpscppro_custom_social_share_image":0,"_facebook_share_type":"","_twitter_share_type":"","_linkedin_share_type":"","_pinterest_share_type":"","_linkedin_share_type_page":"","_instagram_share_type":"","_medium_share_type":"","_threads_share_type":"","_google_business_share_type":"","_bluesky_share_type":"","_mastodon_share_type":"","_selected_social_profile":[],"_wpsp_enable_custom_social_template":false,"_wpsp_social_scheduling":{"enabled":false,"datetime":null,"platforms":[],"status":"template_only","dateOption":"today","timeOption":"now","customDays":"","customHours":"","customDate":"","customTime":"","schedulingType":"absolute"},"_wpsp_active_default_template":true},"categories":[],"tags":[25],"class_list":["post-8385","post","type-post","status-publish","format-standard","hentry","tag-wordpress-themes"],"_links":{"self":[{"href":"https:\/\/www.semanariotiempo.cl\/index.php?rest_route=\/wp\/v2\/posts\/8385","targetHints":{"allow":["GET"]}}],"collection":[{"href":"https:\/\/www.semanariotiempo.cl\/index.php?rest_route=\/wp\/v2\/posts"}],"about":[{"href":"https:\/\/www.semanariotiempo.cl\/index.php?rest_route=\/wp\/v2\/types\/post"}],"author":[{"embeddable":true,"href":"https:\/\/www.semanariotiempo.cl\/index.php?rest_route=\/wp\/v2\/users\/1"}],"replies":[{"embeddable":true,"href":"https:\/\/www.semanariotiempo.cl\/index.php?rest_route=%2Fwp%2Fv2%2Fcomments&post=8385"}],"version-history":[{"count":0,"href":"https:\/\/www.semanariotiempo.cl\/index.php?rest_route=\/wp\/v2\/posts\/8385\/revisions"}],"wp:attachment":[{"href":"https:\/\/www.semanariotiempo.cl\/index.php?rest_route=%2Fwp%2Fv2%2Fmedia&parent=8385"}],"wp:term":[{"taxonomy":"category","embeddable":true,"href":"https:\/\/www.semanariotiempo.cl\/index.php?rest_route=%2Fwp%2Fv2%2Fcategories&post=8385"},{"taxonomy":"post_tag","embeddable":true,"href":"https:\/\/www.semanariotiempo.cl\/index.php?rest_route=%2Fwp%2Fv2%2Ftags&post=8385"}],"curies":[{"name":"wp","href":"https:\/\/api.w.org\/{rel}","templated":true}]}}