{"id":8370,"date":"2023-05-25T00:36:54","date_gmt":"2023-05-25T00:36:54","guid":{"rendered":"https:\/\/www.semanariotiempo.cl\/?p=8370"},"modified":"2023-05-25T00:36:54","modified_gmt":"2023-05-25T00:36:54","slug":"preven-aumento-del-15-en-la-produccion-de-frutas-de-la-region-de-coquimbo","status":"publish","type":"post","link":"https:\/\/www.semanariotiempo.cl\/?p=8370","title":{"rendered":"Prev\u00e9n aumento del 15% en la producci\u00f3n de frutas de la regi\u00f3n de Coquimbo"},"content":{"rendered":"\n<h4 class=\"has-vivid-red-color has-text-color wp-block-heading\"><strong>En otro \u00e1mbito, a la fecha, el SAG ha detectado cuatro brotes larvarios y un total de 23 moscas de la fruta, especie Ceratitis capitata en Coquimbo. El trabajo de control comprende un radio de 200 metros desde el lugar de descubrimiento, en donde se realizan muestreos, descarga y limpieza de fruta, adem\u00e1s de tratamiento de suelos, generando incluso un \u00e1rea reglamentada o en cuarentena.<\/strong><\/h4>\n\n\n\n<div class=\"wp-block-image\"><figure class=\"aligncenter size-large\"><img loading=\"lazy\" decoding=\"async\" width=\"1024\" height=\"683\" src=\"https:\/\/www.semanariotiempo.cl\/wp-content\/uploads\/2023\/05\/SAG-01-1024x683.jpg\" alt=\"\" class=\"wp-image-8371\" srcset=\"https:\/\/www.semanariotiempo.cl\/wp-content\/uploads\/2023\/05\/SAG-01-1024x683.jpg 1024w, https:\/\/www.semanariotiempo.cl\/wp-content\/uploads\/2023\/05\/SAG-01-300x200.jpg 300w, https:\/\/www.semanariotiempo.cl\/wp-content\/uploads\/2023\/05\/SAG-01-768x512.jpg 768w, https:\/\/www.semanariotiempo.cl\/wp-content\/uploads\/2023\/05\/SAG-01-696x464.jpg 696w, https:\/\/www.semanariotiempo.cl\/wp-content\/uploads\/2023\/05\/SAG-01-1068x712.jpg 1068w, https:\/\/www.semanariotiempo.cl\/wp-content\/uploads\/2023\/05\/SAG-01-630x420.jpg 630w, https:\/\/www.semanariotiempo.cl\/wp-content\/uploads\/2023\/05\/SAG-01.jpg 1200w\" sizes=\"auto, (max-width: 1024px) 100vw, 1024px\" \/><\/figure><\/div>\n\n\n\n<p class=\"wp-block-paragraph\">Se inici\u00f3 la temporada de env\u00edos agr\u00edcolas con productos de la regi\u00f3n de Coquimbo a Estados Unidos, y en un recorrido por el Sitio de Inspecciones SAG\/USDA-ASOEX\/APHIS, de la planta de la empresa DOLE, en el sector de Pan de Az\u00facar, Coquimbo, se prev\u00e9 que durante el ejercicio exista un incremento del 15% en la producci\u00f3n de frutas de la zona.<br>\u201cChile goza de la confianza de los grandes compradores del mundo producto de nuestra trazabilidad, de la cooperaci\u00f3n p\u00fablico-privada. Aqu\u00ed no se enga\u00f1a ning\u00fan proceso. Hay un grupo de entom\u00f3logos, un laboratorio para revisar la trazabilidad con autonom\u00eda y, con amor a Chile y a los territorios, para cuidar esta cadena estrat\u00e9gica. Estamos trabajando en una colaboraci\u00f3n p\u00fablico-privada con ASOEX, el Gobierno Regional y las distintas autoridades para realizar la ampliaci\u00f3n del centro de inspecciones porque esperamos que la regi\u00f3n de Coquimbo y el Puerto de Coquimbo se conviertan en uno de los principales puertos exportadores por la vitalidad de la regi\u00f3n de Coquimbo, Valpara\u00edso y Atacama en el sector frut\u00edcola\u201d, dijo el ministro de Agricultura, Esteban Valenzuela.<br>Respecto de la producci\u00f3n, el gerente Regional de Asociaci\u00f3n de Exportadores, ASOEX, Cristian Sotomayor, explic\u00f3 que \u201ctenemos un incremento importante a la fecha en la producci\u00f3n de c\u00edtricos y estamos a la espera del Systems Approach para uva de mesa, que va a ser un tremendo aporte para la regi\u00f3n y los productores, ya que nos va a diferenciar en el mercado de Estados Unidos, que es uno de los principales destinos de exportaci\u00f3n para esta regi\u00f3n\u201d.<br>\u201cA trav\u00e9s de este sitio se inspeccionan principalmente mandarinas, clementinas, limones, y m\u00e1s hacia el t\u00e9rmino de la temporada ar\u00e1ndanos. Esperamos anheladamente que ingrese la uva de mesa a este protocolo de Systems Approeach para Estados Unidos\u201d, agreg\u00f3.<br>Respecto del brote de mosca de la fruta en la regi\u00f3n de Coquimbo y su posible afectaci\u00f3n para el sector exportador, el director regional del Servicio Agr\u00edcola Ganadero (SAG), Jorge Mautz, mencion\u00f3 que \u201cel objetivo de nuestro trabajo en el brote, que se gener\u00f3 en el sector urbano, espec\u00edficamente Pe\u00f1uelas, es tenerlo contenido para que no traspase al sector productivo que hay en los valles. Por eso es fundamental que la ciudadan\u00eda colabore con nuestra labor para evitar que este brote se expanda\u201d.<br>A la fecha, el SAG ha detectado cuatro brotes larvarios y un total de 23 moscas de la fruta especie Ceratitis capitata en Coquimbo. El trabajo en control de la instituci\u00f3n comprende un radio de 200 metros desde el lugar de detecci\u00f3n de los brotes, en donde se realizan trabajos de muestreo, descarga y limpieza de fruta, adem\u00e1s de tratamiento de suelos; conjuntamente, se genera un \u00e1rea reglamentada o en cuarentena, en el cual existe la prohibici\u00f3n de traslado de fruta, que en este caso contempla a las comunas de La Serena y Coquimbo.<\/p>\n","protected":false},"excerpt":{"rendered":"<p>En otro \u00e1mbito, a la fecha, el SAG ha detectado cuatro brotes larvarios y un total de 23 moscas de la fruta, especie Ceratitis capitata en Coquimbo. El trabajo de control comprende un radio de 200 metros desde el lugar de descubrimiento, en donde se realizan muestreos, descarga y limpieza de fruta, adem\u00e1s de tratamiento [&hellip;]<\/p>\n","protected":false},"author":1,"featured_media":8371,"comment_status":"open","ping_status":"open","sticky":false,"template":"","format":"standard","meta":{"tdm_status":"","tdm_grid_status":"","footnotes":"","_wpscppro_dont_share_socialmedia":false,"_wpscppro_custom_social_share_image":0,"_facebook_share_type":"","_twitter_share_type":"","_linkedin_share_type":"","_pinterest_share_type":"","_linkedin_share_type_page":"","_instagram_share_type":"","_medium_share_type":"","_threads_share_type":"","_google_business_share_type":"","_bluesky_share_type":"","_mastodon_share_type":"","_selected_social_profile":[],"_wpsp_enable_custom_social_template":false,"_wpsp_social_scheduling":{"enabled":false,"datetime":null,"platforms":[],"status":"template_only","dateOption":"today","timeOption":"now","customDays":"","customHours":"","customDate":"","customTime":"","schedulingType":"absolute"},"_wpsp_active_default_template":true},"categories":[1],"tags":[8,28,7],"class_list":["post-8370","post","type-post","status-publish","format-standard","has-post-thumbnail","hentry","category-uncategorized","tag-marketing","tag-site-tips","tag-wordpress"],"_links":{"self":[{"href":"https:\/\/www.semanariotiempo.cl\/index.php?rest_route=\/wp\/v2\/posts\/8370","targetHints":{"allow":["GET"]}}],"collection":[{"href":"https:\/\/www.semanariotiempo.cl\/index.php?rest_route=\/wp\/v2\/posts"}],"about":[{"href":"https:\/\/www.semanariotiempo.cl\/index.php?rest_route=\/wp\/v2\/types\/post"}],"author":[{"embeddable":true,"href":"https:\/\/www.semanariotiempo.cl\/index.php?rest_route=\/wp\/v2\/users\/1"}],"replies":[{"embeddable":true,"href":"https:\/\/www.semanariotiempo.cl\/index.php?rest_route=%2Fwp%2Fv2%2Fcomments&post=8370"}],"version-history":[{"count":0,"href":"https:\/\/www.semanariotiempo.cl\/index.php?rest_route=\/wp\/v2\/posts\/8370\/revisions"}],"wp:featuredmedia":[{"embeddable":true,"href":"https:\/\/www.semanariotiempo.cl\/index.php?rest_route=\/wp\/v2\/media\/8371"}],"wp:attachment":[{"href":"https:\/\/www.semanariotiempo.cl\/index.php?rest_route=%2Fwp%2Fv2%2Fmedia&parent=8370"}],"wp:term":[{"taxonomy":"category","embeddable":true,"href":"https:\/\/www.semanariotiempo.cl\/index.php?rest_route=%2Fwp%2Fv2%2Fcategories&post=8370"},{"taxonomy":"post_tag","embeddable":true,"href":"https:\/\/www.semanariotiempo.cl\/index.php?rest_route=%2Fwp%2Fv2%2Ftags&post=8370"}],"curies":[{"name":"wp","href":"https:\/\/api.w.org\/{rel}","templated":true}]}}