{"id":8358,"date":"2023-05-23T22:48:00","date_gmt":"2023-05-23T22:48:00","guid":{"rendered":"https:\/\/www.semanariotiempo.cl\/?p=8358"},"modified":"2023-05-23T22:48:00","modified_gmt":"2023-05-23T22:48:00","slug":"en-comuna-de-la-serena-instalaran-porticos-lectores-de-patentes-para-combatir-robo-de-autos","status":"publish","type":"post","link":"https:\/\/www.semanariotiempo.cl\/?p=8358","title":{"rendered":"En comuna de La Serena instalar\u00e1n p\u00f3rticos lectores de patentes para combatir robo de autos"},"content":{"rendered":"\n<h4 class=\"has-vivid-red-color has-text-color wp-block-heading\"><strong>Esta tecnolog\u00eda se instalar\u00e1 en puntos estrat\u00e9gicos de la comuna y se conectar\u00e1 con una central municipal para an\u00e1lisis de datos y otra operada directamente por Carabineros.<\/strong><\/h4>\n\n\n\n<div class=\"wp-block-image\"><figure class=\"aligncenter size-large\"><img loading=\"lazy\" decoding=\"async\" width=\"794\" height=\"504\" src=\"https:\/\/www.semanariotiempo.cl\/wp-content\/uploads\/2023\/05\/camara-1.jpg\" alt=\"\" class=\"wp-image-8359\" srcset=\"https:\/\/www.semanariotiempo.cl\/wp-content\/uploads\/2023\/05\/camara-1.jpg 794w, https:\/\/www.semanariotiempo.cl\/wp-content\/uploads\/2023\/05\/camara-1-300x190.jpg 300w, https:\/\/www.semanariotiempo.cl\/wp-content\/uploads\/2023\/05\/camara-1-768x487.jpg 768w, https:\/\/www.semanariotiempo.cl\/wp-content\/uploads\/2023\/05\/camara-1-696x442.jpg 696w, https:\/\/www.semanariotiempo.cl\/wp-content\/uploads\/2023\/05\/camara-1-662x420.jpg 662w\" sizes=\"auto, (max-width: 794px) 100vw, 794px\" \/><\/figure><\/div>\n\n\n\n<p class=\"wp-block-paragraph\">Preocupados est\u00e1n las autoridades de La Serena ante los hechos delictuales que han afectado a la comuna y al pa\u00eds en general en el \u00faltimo tiempo, es por ello que el municipio serenense sigue trabajado en distintas estrategias de prevenci\u00f3n de delitos, por este motivo el alcalde Roberto Jacob anunci\u00f3 la instalaci\u00f3n de p\u00f3rticos lectores de patentes en varias calles de comuna para ayudar a combatir delitos, sobre todo relacionados con el robo de autos y otros.<\/p>\n\n\n\n<p class=\"wp-block-paragraph\">\u201cEste es un proyecto que ya ped\u00ed que se trabaje en el municipio, por ahora estamos recabando los antecedentes t\u00e9cnicos para ver la mejor manera de implantar los p\u00f3rticos, que sin duda servir\u00e1n para reconocer autos que han sido robados que entren o salgan de la ciudad de la forma m\u00e1s r\u00e1pida posible y as\u00ed poder recuperarlos y ser devueltos a sus due\u00f1os\u201d, asegur\u00f3 el alcalde Roberto Jacob.<\/p>\n\n\n\n<p class=\"wp-block-paragraph\">Este sistema tiene como principal objetivo capturar las patentes de veh\u00edculos motorizados a trav\u00e9s de una infraestructura de c\u00e1maras de televigilancia. El proceso de lectura de placas patentes funciona a trav\u00e9s de un software que se ejecuta en un servidor f\u00edsico, siendo es capaz de realizar una serie de procesos y algoritmos que permiten identificar y leer una placa patente y saber si tiene encargo por robo en pocos segundos.<\/p>\n\n\n\n<p class=\"wp-block-paragraph\">La operaci\u00f3n del p\u00f3rtico de lectura, considera la instalaci\u00f3n del sistema en dependencias de la municipalidad y env\u00edo de informaci\u00f3n inmediata a la central de Carabineros.<\/p>\n\n\n\n<p class=\"wp-block-paragraph\">Los puntos seleccionados son de alto flujo vehicular, fuera del alcance residencial y lugares estrat\u00e9gicos en las principales entradas y salidas de la comuna. Los tres puntos que considera la primera etapa son la instalaci\u00f3n en Avenida Juan Cisternas, Avenida Colo Colo y Avenida Isl\u00f3n con la Ruta 5 Norte.<\/p>\n","protected":false},"excerpt":{"rendered":"<p>Esta tecnolog\u00eda se instalar\u00e1 en puntos estrat\u00e9gicos de la comuna y se conectar\u00e1 con una central municipal para an\u00e1lisis de datos y otra operada directamente por Carabineros. Preocupados est\u00e1n las autoridades de La Serena ante los hechos delictuales que han afectado a la comuna y al pa\u00eds en general en el \u00faltimo tiempo, es por [&hellip;]<\/p>\n","protected":false},"author":1,"featured_media":8359,"comment_status":"open","ping_status":"open","sticky":false,"template":"","format":"standard","meta":{"tdm_status":"","tdm_grid_status":"","footnotes":"","_wpscppro_dont_share_socialmedia":false,"_wpscppro_custom_social_share_image":0,"_facebook_share_type":"","_twitter_share_type":"","_linkedin_share_type":"","_pinterest_share_type":"","_linkedin_share_type_page":"","_instagram_share_type":"","_medium_share_type":"","_threads_share_type":"","_google_business_share_type":"","_bluesky_share_type":"","_mastodon_share_type":"","_selected_social_profile":[],"_wpsp_enable_custom_social_template":false,"_wpsp_social_scheduling":{"enabled":false,"datetime":null,"platforms":[],"status":"template_only","dateOption":"today","timeOption":"now","customDays":"","customHours":"","customDate":"","customTime":"","schedulingType":"absolute"},"_wpsp_active_default_template":true},"categories":[1],"tags":[8,28],"class_list":["post-8358","post","type-post","status-publish","format-standard","has-post-thumbnail","hentry","category-uncategorized","tag-marketing","tag-site-tips"],"_links":{"self":[{"href":"https:\/\/www.semanariotiempo.cl\/index.php?rest_route=\/wp\/v2\/posts\/8358","targetHints":{"allow":["GET"]}}],"collection":[{"href":"https:\/\/www.semanariotiempo.cl\/index.php?rest_route=\/wp\/v2\/posts"}],"about":[{"href":"https:\/\/www.semanariotiempo.cl\/index.php?rest_route=\/wp\/v2\/types\/post"}],"author":[{"embeddable":true,"href":"https:\/\/www.semanariotiempo.cl\/index.php?rest_route=\/wp\/v2\/users\/1"}],"replies":[{"embeddable":true,"href":"https:\/\/www.semanariotiempo.cl\/index.php?rest_route=%2Fwp%2Fv2%2Fcomments&post=8358"}],"version-history":[{"count":0,"href":"https:\/\/www.semanariotiempo.cl\/index.php?rest_route=\/wp\/v2\/posts\/8358\/revisions"}],"wp:featuredmedia":[{"embeddable":true,"href":"https:\/\/www.semanariotiempo.cl\/index.php?rest_route=\/wp\/v2\/media\/8359"}],"wp:attachment":[{"href":"https:\/\/www.semanariotiempo.cl\/index.php?rest_route=%2Fwp%2Fv2%2Fmedia&parent=8358"}],"wp:term":[{"taxonomy":"category","embeddable":true,"href":"https:\/\/www.semanariotiempo.cl\/index.php?rest_route=%2Fwp%2Fv2%2Fcategories&post=8358"},{"taxonomy":"post_tag","embeddable":true,"href":"https:\/\/www.semanariotiempo.cl\/index.php?rest_route=%2Fwp%2Fv2%2Ftags&post=8358"}],"curies":[{"name":"wp","href":"https:\/\/api.w.org\/{rel}","templated":true}]}}