{"id":8355,"date":"2023-05-23T22:46:18","date_gmt":"2023-05-23T22:46:18","guid":{"rendered":"https:\/\/www.semanariotiempo.cl\/?p=8355"},"modified":"2023-05-23T22:46:19","modified_gmt":"2023-05-23T22:46:19","slug":"mop-compromete-concretar-inversion-en-la-ruta-ch-41-y-construccion-de-dos-puentes-en-vicuna","status":"publish","type":"post","link":"https:\/\/www.semanariotiempo.cl\/?p=8355","title":{"rendered":"MOP compromete concretar inversi\u00f3n en la ruta CH 41 y construcci\u00f3n de dos puentes en Vicu\u00f1a"},"content":{"rendered":"\n<h4 class=\"has-vivid-red-color has-text-color wp-block-heading\"><strong>El alcalde de Vicu\u00f1a, Rafael Vera, se reuni\u00f3 con la ministra Jessica L\u00f3pez, con quien se analizaron los pasos a seguir en las iniciativas.<\/strong><\/h4>\n\n\n\n<div class=\"wp-block-image\"><figure class=\"aligncenter size-large\"><img loading=\"lazy\" decoding=\"async\" width=\"1024\" height=\"768\" src=\"https:\/\/www.semanariotiempo.cl\/wp-content\/uploads\/2023\/05\/mop-vicu\u00f1a-01-1024x768.jpg\" alt=\"\" class=\"wp-image-8356\" srcset=\"https:\/\/www.semanariotiempo.cl\/wp-content\/uploads\/2023\/05\/mop-vicu\u00f1a-01-1024x768.jpg 1024w, https:\/\/www.semanariotiempo.cl\/wp-content\/uploads\/2023\/05\/mop-vicu\u00f1a-01-300x225.jpg 300w, https:\/\/www.semanariotiempo.cl\/wp-content\/uploads\/2023\/05\/mop-vicu\u00f1a-01-768x576.jpg 768w, https:\/\/www.semanariotiempo.cl\/wp-content\/uploads\/2023\/05\/mop-vicu\u00f1a-01-80x60.jpg 80w, https:\/\/www.semanariotiempo.cl\/wp-content\/uploads\/2023\/05\/mop-vicu\u00f1a-01-265x198.jpg 265w, https:\/\/www.semanariotiempo.cl\/wp-content\/uploads\/2023\/05\/mop-vicu\u00f1a-01-696x522.jpg 696w, https:\/\/www.semanariotiempo.cl\/wp-content\/uploads\/2023\/05\/mop-vicu\u00f1a-01-1068x801.jpg 1068w, https:\/\/www.semanariotiempo.cl\/wp-content\/uploads\/2023\/05\/mop-vicu\u00f1a-01-560x420.jpg 560w, https:\/\/www.semanariotiempo.cl\/wp-content\/uploads\/2023\/05\/mop-vicu\u00f1a-01.jpg 1200w\" sizes=\"auto, (max-width: 1024px) 100vw, 1024px\" \/><\/figure><\/div>\n\n\n\n<p class=\"wp-block-paragraph\">Los proyectos comprometidos para este 2023 por el Ministerio de Obras P\u00fablicas en la comuna de Vicu\u00f1a siguen el proceso planificado por esta cartera. As\u00ed lo reafirm\u00f3 la ministra del MOP, Jessica L\u00f3pez Saffie, quien sostuvo una reuni\u00f3n en Santiago con el alcalde Rafael Vera Castillo, cita que adem\u00e1s cont\u00f3 con la conexi\u00f3n telem\u00e1tica del diputado Ricardo Cifuentes y el Seremi de Obras P\u00fablicas, Javier Sandoval.<br>En la oportunidad se analiz\u00f3 la inversi\u00f3n del ministerio para intervenir, en el \u00e1mbito de la seguridad, en 11 puntos de la ruta CH 41 este 2023; as\u00ed tambi\u00e9n el inicio de expropiaciones en el sector urbano en el a\u00f1o en curso hasta la Quebrada de Monardez y en el sector rural el 2024, llegando hasta Altovalsol. As\u00ed tambi\u00e9n las expropiaciones para extender la avenida Las Delicias y la construcci\u00f3n de dos puentes, uno para la ciudad y otro para el sector Marquesa-Talcuna, adem\u00e1s de la pavimentaci\u00f3n del paso de Agua Negra, desde el Embalse La Laguna.<br>Para la ministra del MOP, Jesica L\u00f3pez, fue una positiva reuni\u00f3n en la que se pudo analizar los pasos a seguir en los proyectos viales que tienen que ver con Vicu\u00f1a. \u201cRevisamos varios proyectos que estan en diversas etapas, ustedes saben que existen prioridades, todo es importate, pero no se puede hacer todo junto. Pero si sabemos de la concreci\u00f3n de algunos, como por ejemplo la ampiaci\u00f3n de la ruta 41, el nuevo puente de Vicu\u00f1a y la pavimentaci\u00f3n del camino de Agua Negra. Hay algunos otros temas que quedaron para que yo los analice, pero nuestro esp\u00edritu es trabajar arduamente en el desarrollo de las regiones\u201d.<br>Por su parte, Rafael Vera Castillo, alcalde de Vicu\u00f1a, valor\u00f3 la cita con la ministra, pues reafirm\u00f3 lo comprometido por la cartera hace algunas semanas con el ex ministro. \u201cEs algo en lo cual se viene trabajando desde hace bastante tiempo y existe el compromiso del Estado. Quedamos muy satisfechos, porque vemos que los proyectos van avanzando, lo que nos deja tranquilos, pues ya tenemos plazos estimados y la voluntad pol\u00edtica de concretar algo que es tan anhelado en la comuna y el valle del Elqui en general\u201d.<br>En cuanto a la planificaci\u00f3n, qued\u00f3 comprometida una reuni\u00f3n del Seremi del MOP con el alcalde de Vicu\u00f1a, para aterrizar estas informaciones a nivel local, adem\u00e1s de analizar el mejoramiento de caminos interiores. As\u00ed tambi\u00e9n la ministra anunci\u00f3 una visita a la zona y concoer la realidad de la Ruta CH 41.<\/p>\n","protected":false},"excerpt":{"rendered":"<p>El alcalde de Vicu\u00f1a, Rafael Vera, se reuni\u00f3 con la ministra Jessica L\u00f3pez, con quien se analizaron los pasos a seguir en las iniciativas. Los proyectos comprometidos para este 2023 por el Ministerio de Obras P\u00fablicas en la comuna de Vicu\u00f1a siguen el proceso planificado por esta cartera. As\u00ed lo reafirm\u00f3 la ministra del MOP, [&hellip;]<\/p>\n","protected":false},"author":1,"featured_media":8356,"comment_status":"open","ping_status":"open","sticky":false,"template":"","format":"standard","meta":{"tdm_status":"","tdm_grid_status":"","footnotes":"","_wpscppro_dont_share_socialmedia":false,"_wpscppro_custom_social_share_image":0,"_facebook_share_type":"","_twitter_share_type":"","_linkedin_share_type":"","_pinterest_share_type":"","_linkedin_share_type_page":"","_instagram_share_type":"","_medium_share_type":"","_threads_share_type":"","_google_business_share_type":"","_bluesky_share_type":"","_mastodon_share_type":"","_selected_social_profile":[],"_wpsp_enable_custom_social_template":false,"_wpsp_social_scheduling":{"enabled":false,"datetime":null,"platforms":[],"status":"template_only","dateOption":"today","timeOption":"now","customDays":"","customHours":"","customDate":"","customTime":"","schedulingType":"absolute"},"_wpsp_active_default_template":true},"categories":[1],"tags":[8,28,5],"class_list":["post-8355","post","type-post","status-publish","format-standard","has-post-thumbnail","hentry","category-uncategorized","tag-marketing","tag-site-tips","tag-website"],"_links":{"self":[{"href":"https:\/\/www.semanariotiempo.cl\/index.php?rest_route=\/wp\/v2\/posts\/8355","targetHints":{"allow":["GET"]}}],"collection":[{"href":"https:\/\/www.semanariotiempo.cl\/index.php?rest_route=\/wp\/v2\/posts"}],"about":[{"href":"https:\/\/www.semanariotiempo.cl\/index.php?rest_route=\/wp\/v2\/types\/post"}],"author":[{"embeddable":true,"href":"https:\/\/www.semanariotiempo.cl\/index.php?rest_route=\/wp\/v2\/users\/1"}],"replies":[{"embeddable":true,"href":"https:\/\/www.semanariotiempo.cl\/index.php?rest_route=%2Fwp%2Fv2%2Fcomments&post=8355"}],"version-history":[{"count":0,"href":"https:\/\/www.semanariotiempo.cl\/index.php?rest_route=\/wp\/v2\/posts\/8355\/revisions"}],"wp:featuredmedia":[{"embeddable":true,"href":"https:\/\/www.semanariotiempo.cl\/index.php?rest_route=\/wp\/v2\/media\/8356"}],"wp:attachment":[{"href":"https:\/\/www.semanariotiempo.cl\/index.php?rest_route=%2Fwp%2Fv2%2Fmedia&parent=8355"}],"wp:term":[{"taxonomy":"category","embeddable":true,"href":"https:\/\/www.semanariotiempo.cl\/index.php?rest_route=%2Fwp%2Fv2%2Fcategories&post=8355"},{"taxonomy":"post_tag","embeddable":true,"href":"https:\/\/www.semanariotiempo.cl\/index.php?rest_route=%2Fwp%2Fv2%2Ftags&post=8355"}],"curies":[{"name":"wp","href":"https:\/\/api.w.org\/{rel}","templated":true}]}}