{"id":8291,"date":"2023-05-15T23:54:17","date_gmt":"2023-05-15T23:54:17","guid":{"rendered":"https:\/\/www.semanariotiempo.cl\/?p=8291"},"modified":"2023-05-15T23:54:17","modified_gmt":"2023-05-15T23:54:17","slug":"compania-minera-del-pacifico-levanta-area-de-proteccion-de-487-hectareas-en-chungungo","status":"publish","type":"post","link":"https:\/\/www.semanariotiempo.cl\/?p=8291","title":{"rendered":"Compa\u00f1\u00eda Minera del Pac\u00edfico levanta \u00e1rea de protecci\u00f3n de 487 hect\u00e1reas en Chungungo"},"content":{"rendered":"\n<h4 class=\"has-vivid-red-color has-text-color wp-block-heading\"><strong>La iniciativa busca restaurar la flora y fauna nativa de la localidad costera de la comuna de La Higuera, enfocada en la recuperaci\u00f3n y protecci\u00f3n en las cercan\u00edas de sus proyectos, con el objetivo de recuperar especies que actualmente est\u00e1n categorizadas como en v\u00edas de extinci\u00f3n.<\/strong><\/h4>\n\n\n\n<div class=\"wp-block-image\"><figure class=\"aligncenter size-large\"><img loading=\"lazy\" decoding=\"async\" width=\"1024\" height=\"661\" src=\"https:\/\/www.semanariotiempo.cl\/wp-content\/uploads\/2023\/05\/D\u00e1rsena-Chungungo-1024x661.jpg\" alt=\"\" class=\"wp-image-8292\" srcset=\"https:\/\/www.semanariotiempo.cl\/wp-content\/uploads\/2023\/05\/D\u00e1rsena-Chungungo-1024x661.jpg 1024w, https:\/\/www.semanariotiempo.cl\/wp-content\/uploads\/2023\/05\/D\u00e1rsena-Chungungo-300x194.jpg 300w, https:\/\/www.semanariotiempo.cl\/wp-content\/uploads\/2023\/05\/D\u00e1rsena-Chungungo-768x496.jpg 768w, https:\/\/www.semanariotiempo.cl\/wp-content\/uploads\/2023\/05\/D\u00e1rsena-Chungungo-696x450.jpg 696w, https:\/\/www.semanariotiempo.cl\/wp-content\/uploads\/2023\/05\/D\u00e1rsena-Chungungo-1068x690.jpg 1068w, https:\/\/www.semanariotiempo.cl\/wp-content\/uploads\/2023\/05\/D\u00e1rsena-Chungungo-650x420.jpg 650w, https:\/\/www.semanariotiempo.cl\/wp-content\/uploads\/2023\/05\/D\u00e1rsena-Chungungo.jpg 1200w\" sizes=\"auto, (max-width: 1024px) 100vw, 1024px\" \/><\/figure><\/div>\n\n\n\n<p class=\"wp-block-paragraph\">La Compa\u00f1\u00eda Minera del Pac\u00edfico (CMP) se encuentra ejecutando una iniciativa de protecci\u00f3n ambiental en la localidad costera de Chungungo, en la comuna de La Higuera, al norte de la regi\u00f3n de Coquimbo. Se trata espec\u00edficamente de la \u00c1rea de Protecci\u00f3n Privada (APP) Cruz Grande, establecida como una acci\u00f3n por parte de esa empresa enmarcada en el proceso de construcci\u00f3n del Puerto Cruz Grande.<br>De acuerdo a la informaci\u00f3n entregada en la Memoria Integrada del grupo CAP, matriz de CMP, la zona abarcar\u00e1 unas 487 hect\u00e1reas, y ayudar\u00e1 al cuidado a la flora y fauna ubicados en las cercan\u00edas de donde se efect\u00faa el proceso de faenas asociadas al terminal portuario, a trav\u00e9s de un proyecto de restauraci\u00f3n de flora y fauna nativa en Chungungo, enfocada en la recuperaci\u00f3n y protecci\u00f3n en las cercan\u00edas de sus proyectos con el objetivo de recuperar especies que actualmente est\u00e1n categorizadas como en v\u00edas de extinci\u00f3n.<br>En ese sentido, el plan de acci\u00f3n est\u00e1 desarrollando un proceso de reproducci\u00f3n de 1.497 plantas de Lucumillo, un arbusto end\u00e9mico de la regi\u00f3n de Coquimbo.<br>El puerto de Cruz Grande ingres\u00f3 a evaluaci\u00f3n ambiental en agosto del 2012 y fue aprobado en febrero del 2015, pero no a tuvo f\u00e1cil ya que debi\u00f3 recorrer un largo camino judicial, que lleg\u00f3 a tribunales ambientales y la Corte Suprema. Considera una vida \u00fatil por 50 a\u00f1os y consiste en una instalaci\u00f3n portuaria, capaz de atender naves graneleras de hasta 300.000 DWT, cuyo prop\u00f3sito inicial es brindar los servicios de recepci\u00f3n, acopio y embarque de graneles minerales requeridos por el titular y, eventualmente, por otros proyectos mineros interesados, permitiendo el embarque de 13,5 millones de toneladas de minerales a granel al a\u00f1o.<br>Su puesta en marcha, de acuerdo a CMP, est\u00e1 planificada para 2025-2026.<\/p>\n","protected":false},"excerpt":{"rendered":"<p>La iniciativa busca restaurar la flora y fauna nativa de la localidad costera de la comuna de La Higuera, enfocada en la recuperaci\u00f3n y protecci\u00f3n en las cercan\u00edas de sus proyectos, con el objetivo de recuperar especies que actualmente est\u00e1n categorizadas como en v\u00edas de extinci\u00f3n. La Compa\u00f1\u00eda Minera del Pac\u00edfico (CMP) se encuentra ejecutando [&hellip;]<\/p>\n","protected":false},"author":1,"featured_media":8292,"comment_status":"open","ping_status":"open","sticky":false,"template":"","format":"standard","meta":{"tdm_status":"","tdm_grid_status":"","footnotes":"","_wpscppro_dont_share_socialmedia":false,"_wpscppro_custom_social_share_image":0,"_facebook_share_type":"","_twitter_share_type":"","_linkedin_share_type":"","_pinterest_share_type":"","_linkedin_share_type_page":"","_instagram_share_type":"","_medium_share_type":"","_threads_share_type":"","_google_business_share_type":"","_bluesky_share_type":"","_mastodon_share_type":"","_selected_social_profile":[],"_wpsp_enable_custom_social_template":false,"_wpsp_social_scheduling":{"enabled":false,"datetime":null,"platforms":[],"status":"template_only","dateOption":"today","timeOption":"now","customDays":"","customHours":"","customDate":"","customTime":"","schedulingType":"absolute"},"_wpsp_active_default_template":true},"categories":[1],"tags":[8],"class_list":["post-8291","post","type-post","status-publish","format-standard","has-post-thumbnail","hentry","category-uncategorized","tag-marketing"],"_links":{"self":[{"href":"https:\/\/www.semanariotiempo.cl\/index.php?rest_route=\/wp\/v2\/posts\/8291","targetHints":{"allow":["GET"]}}],"collection":[{"href":"https:\/\/www.semanariotiempo.cl\/index.php?rest_route=\/wp\/v2\/posts"}],"about":[{"href":"https:\/\/www.semanariotiempo.cl\/index.php?rest_route=\/wp\/v2\/types\/post"}],"author":[{"embeddable":true,"href":"https:\/\/www.semanariotiempo.cl\/index.php?rest_route=\/wp\/v2\/users\/1"}],"replies":[{"embeddable":true,"href":"https:\/\/www.semanariotiempo.cl\/index.php?rest_route=%2Fwp%2Fv2%2Fcomments&post=8291"}],"version-history":[{"count":0,"href":"https:\/\/www.semanariotiempo.cl\/index.php?rest_route=\/wp\/v2\/posts\/8291\/revisions"}],"wp:featuredmedia":[{"embeddable":true,"href":"https:\/\/www.semanariotiempo.cl\/index.php?rest_route=\/wp\/v2\/media\/8292"}],"wp:attachment":[{"href":"https:\/\/www.semanariotiempo.cl\/index.php?rest_route=%2Fwp%2Fv2%2Fmedia&parent=8291"}],"wp:term":[{"taxonomy":"category","embeddable":true,"href":"https:\/\/www.semanariotiempo.cl\/index.php?rest_route=%2Fwp%2Fv2%2Fcategories&post=8291"},{"taxonomy":"post_tag","embeddable":true,"href":"https:\/\/www.semanariotiempo.cl\/index.php?rest_route=%2Fwp%2Fv2%2Ftags&post=8291"}],"curies":[{"name":"wp","href":"https:\/\/api.w.org\/{rel}","templated":true}]}}