{"id":8272,"date":"2023-05-15T23:37:30","date_gmt":"2023-05-15T23:37:30","guid":{"rendered":"https:\/\/www.semanariotiempo.cl\/?p=8272"},"modified":"2023-05-15T23:37:30","modified_gmt":"2023-05-15T23:37:30","slug":"nueva-generacion-de-becados-y-becadas-de-especialidades-medicas-inicio-su-ciclo-formativo-en-la-ucn","status":"publish","type":"post","link":"https:\/\/www.semanariotiempo.cl\/?p=8272","title":{"rendered":"Nueva generaci\u00f3n de becados y becadas de especialidades  m\u00e9dicas inici\u00f3 su ciclo formativo en la UCN"},"content":{"rendered":"\n<h4 class=\"has-vivid-red-color has-text-color wp-block-heading\"><strong>28 becados esperan poner sus conocimientos al servicio de la salud de toda la comunidad.<\/strong><\/h4>\n\n\n\n<div class=\"wp-block-image\"><figure class=\"aligncenter size-large\"><img loading=\"lazy\" decoding=\"async\" width=\"1024\" height=\"683\" src=\"https:\/\/www.semanariotiempo.cl\/wp-content\/uploads\/2023\/05\/becados_UCN-1024x683.jpg\" alt=\"\" class=\"wp-image-8273\" srcset=\"https:\/\/www.semanariotiempo.cl\/wp-content\/uploads\/2023\/05\/becados_UCN-1024x683.jpg 1024w, https:\/\/www.semanariotiempo.cl\/wp-content\/uploads\/2023\/05\/becados_UCN-300x200.jpg 300w, https:\/\/www.semanariotiempo.cl\/wp-content\/uploads\/2023\/05\/becados_UCN-768x512.jpg 768w, https:\/\/www.semanariotiempo.cl\/wp-content\/uploads\/2023\/05\/becados_UCN-696x464.jpg 696w, https:\/\/www.semanariotiempo.cl\/wp-content\/uploads\/2023\/05\/becados_UCN-1068x712.jpg 1068w, https:\/\/www.semanariotiempo.cl\/wp-content\/uploads\/2023\/05\/becados_UCN-630x420.jpg 630w, https:\/\/www.semanariotiempo.cl\/wp-content\/uploads\/2023\/05\/becados_UCN.jpg 1200w\" sizes=\"auto, (max-width: 1024px) 100vw, 1024px\" \/><\/figure><\/div>\n\n\n\n<p class=\"wp-block-paragraph\">Con la vocaci\u00f3n y el compromiso como principal orientaci\u00f3n, 28 becadas y becados comenzaron el proceso de inducci\u00f3n los programas de especialidades m\u00e9dicas, impartidos por la Facultad de Medicina de la Universidad Cat\u00f3lica del Norte.<br>Durante el proceso, los nuevos becados recibieron informaci\u00f3n importante sobre el programa, su estructura, objetivos, reglamentos y las expectativas que se tienen de ellos como futuros especialistas m\u00e9dicos. Adem\u00e1s, deber\u00e1n participar de actividades como el curso de soporte vital b\u00e1sico, jornada de inducci\u00f3n a la docencia, inducciones a los hospitales de La Serena y Coquimbo, entre otros.<br>Los galenos ser\u00e1n parte de la decimotercera generaci\u00f3n de profesionales en formaci\u00f3n en las especialidades m\u00e9dicas UCN, las cuales actualmente imparten los programas de: Cirug\u00eda General, Ginecolog\u00eda y Obstetricia, Medicina Interna, Neurocirug\u00eda, Pediatr\u00eda, Psiquiatr\u00eda Adulto, Psiquiatr\u00eda Infanto-Juvenil, Radiolog\u00eda, Medicina Familiar, Medicina de Urgencia, Neurolog\u00eda del Adulto, Otorrinolaringolog\u00eda, Anestesia y Medicina Perioperatoria, Medicina F\u00edsica y Rehabilitaci\u00f3n, y la subespecialidad de Neonatolog\u00eda.<br>\u201cTenemos una alianza importante con la Universidad Cat\u00f3lica del Norte para disponer de nuestra red hospitalaria para la formaci\u00f3n de especialistas, donde ya tenemos una experiencia acumulada significativa. Ser\u00e1n 3 a\u00f1os de arduo trabajo y contar con ustedes en este per\u00edodo es significativo porque ser\u00e1 una contribuci\u00f3n al desarrollo de nuestra red, de nuestros usuarios y en la reducci\u00f3n de listas de espera\u201d, explic\u00f3 el Dr. Christian Vargas Alday, Director del Servicio de Salud Coquimbo.<br>\u201cNuestra misi\u00f3n no es solo formarlos como especialistas de excelencia, sino tambi\u00e9n entregarles una formaci\u00f3n integral, tanto como m\u00e9dicos y como personas, invit\u00e1ndolos a actuar con profesionalismo en las distintas \u00e1reas que abarcar\u00e1n su formaci\u00f3n. Los invitamos a comprometerse con la salud y el bienestar de los pacientes y de la sociedad, a trav\u00e9s de una pr\u00e1ctica \u00e9tica y altos est\u00e1ndares de conducta, responsabilidad para con su profesi\u00f3n y con la sociedad\u201d, indic\u00f3 la Dra. Giselle Myer Morales, Decana de la Facultad de Medicina UCN.<\/p>\n","protected":false},"excerpt":{"rendered":"<p>28 becados esperan poner sus conocimientos al servicio de la salud de toda la comunidad. Con la vocaci\u00f3n y el compromiso como principal orientaci\u00f3n, 28 becadas y becados comenzaron el proceso de inducci\u00f3n los programas de especialidades m\u00e9dicas, impartidos por la Facultad de Medicina de la Universidad Cat\u00f3lica del Norte.Durante el proceso, los nuevos becados [&hellip;]<\/p>\n","protected":false},"author":1,"featured_media":8273,"comment_status":"open","ping_status":"open","sticky":false,"template":"","format":"standard","meta":{"tdm_status":"","tdm_grid_status":"","footnotes":"","_wpscppro_dont_share_socialmedia":false,"_wpscppro_custom_social_share_image":0,"_facebook_share_type":"","_twitter_share_type":"","_linkedin_share_type":"","_pinterest_share_type":"","_linkedin_share_type_page":"","_instagram_share_type":"","_medium_share_type":"","_threads_share_type":"","_google_business_share_type":"","_bluesky_share_type":"","_mastodon_share_type":"","_selected_social_profile":[],"_wpsp_enable_custom_social_template":false,"_wpsp_social_scheduling":{"enabled":false,"datetime":null,"platforms":[],"status":"template_only","dateOption":"today","timeOption":"now","customDays":"","customHours":"","customDate":"","customTime":"","schedulingType":"absolute"},"_wpsp_active_default_template":true},"categories":[1],"tags":[22,8],"class_list":["post-8272","post","type-post","status-publish","format-standard","has-post-thumbnail","hentry","category-uncategorized","tag-air-ear","tag-marketing"],"_links":{"self":[{"href":"https:\/\/www.semanariotiempo.cl\/index.php?rest_route=\/wp\/v2\/posts\/8272","targetHints":{"allow":["GET"]}}],"collection":[{"href":"https:\/\/www.semanariotiempo.cl\/index.php?rest_route=\/wp\/v2\/posts"}],"about":[{"href":"https:\/\/www.semanariotiempo.cl\/index.php?rest_route=\/wp\/v2\/types\/post"}],"author":[{"embeddable":true,"href":"https:\/\/www.semanariotiempo.cl\/index.php?rest_route=\/wp\/v2\/users\/1"}],"replies":[{"embeddable":true,"href":"https:\/\/www.semanariotiempo.cl\/index.php?rest_route=%2Fwp%2Fv2%2Fcomments&post=8272"}],"version-history":[{"count":0,"href":"https:\/\/www.semanariotiempo.cl\/index.php?rest_route=\/wp\/v2\/posts\/8272\/revisions"}],"wp:featuredmedia":[{"embeddable":true,"href":"https:\/\/www.semanariotiempo.cl\/index.php?rest_route=\/wp\/v2\/media\/8273"}],"wp:attachment":[{"href":"https:\/\/www.semanariotiempo.cl\/index.php?rest_route=%2Fwp%2Fv2%2Fmedia&parent=8272"}],"wp:term":[{"taxonomy":"category","embeddable":true,"href":"https:\/\/www.semanariotiempo.cl\/index.php?rest_route=%2Fwp%2Fv2%2Fcategories&post=8272"},{"taxonomy":"post_tag","embeddable":true,"href":"https:\/\/www.semanariotiempo.cl\/index.php?rest_route=%2Fwp%2Fv2%2Ftags&post=8272"}],"curies":[{"name":"wp","href":"https:\/\/api.w.org\/{rel}","templated":true}]}}