{"id":8264,"date":"2023-05-15T23:21:07","date_gmt":"2023-05-15T23:21:07","guid":{"rendered":"https:\/\/www.semanariotiempo.cl\/?p=8264"},"modified":"2023-05-15T23:21:07","modified_gmt":"2023-05-15T23:21:07","slug":"cada-mes-es-mes-del-mar","status":"publish","type":"post","link":"https:\/\/www.semanariotiempo.cl\/?p=8264","title":{"rendered":"Cada mes es Mes del Mar"},"content":{"rendered":"\n<p class=\"wp-block-paragraph\">Como cient\u00edfico dedicado a estudiar los ecosistemas marinos, ocasionalmente me solicitan escribir una columna sobre el Mes del Mar.<br>Todos los d\u00edas miro el mar, investigo el mar, pienso en el mar, escribo del mar, hablo del mar, pero cuando lleg\u00f3 el momento de redactar estas l\u00edneas no fluyeron las palabras. Escrib\u00ed algo, pero despu\u00e9s me pareci\u00f3 demasiado pobre para presentarlo. As\u00ed que decid\u00ed compartir una experiencia de las \u00faltimas semanas.<br>Por un proyecto de investigaci\u00f3n de especies marinas invasoras, hemos viajado con nuestro equipo por toda la costa de Chile, entre Arica y Chilo\u00e9. Con la marea baja, estuvimos en las rocas buscando especies que hab\u00edan llegado a nuestras costas desde otros lados para quedarse, y mientras la marea estaba alta, cubriendo las rocas, visitamos a colegios para compartir lo aprendido con los y las estudiantes.<br>Les hicimos preguntas a los escolares, si conoc\u00edan la corriente de Humboldt, la surgencia costera, las especies nativas, el loco, el chorito, el erizo rojo y los huiros que cubren los roquer\u00edos de toda la costa de Chile. Las respuestas nos sorprendieron\u2026\u00a1No las conoc\u00edan!<br>Compartimos con escolares muy j\u00f3venes (5to o 6to b\u00e1sico), y escolares que est\u00e1n llegando al final de la ense\u00f1anza media, de colegios p\u00fablicos y de colegios privados. \u00a1No conoc\u00edan las especies que habitan en nuestro mar!<br>Cuando les contamos de las corrientes y de las especies marinas aprendieron muy r\u00e1pido. Y cuando les preguntamos si quer\u00edan saber m\u00e1s, estaban ansiosos de conocer m\u00e1s sobre este mar y sus organismos.<br>Nuestro mar amerita que lo conozcamos, porque este mar que nos sustenta, en Chile y en todo el mundo, \u00a1es la madre de la vida! e igual como todos los d\u00edas del a\u00f1o deber\u00edan ser el D\u00eda de la Madre, todos los meses del a\u00f1o deber\u00edan ser el Mes del Mar.<br>Solamente si conocemos el mar, lo podemos cuidar. Este conocimiento empieza en nuestras casas y se debe profundizar en nuestros colegios. Si cada mes es Mes del Mar, vamos a lograr conocer y cuidar este mar que sustenta nuestras vidas.<\/p>\n\n\n\n<div class=\"wp-block-image\"><figure class=\"aligncenter size-large is-resized\"><img loading=\"lazy\" decoding=\"async\" src=\"https:\/\/www.semanariotiempo.cl\/wp-content\/uploads\/2023\/05\/martin-thiel.jpg\" alt=\"\" class=\"wp-image-8265\" width=\"500\" height=\"447\" srcset=\"https:\/\/www.semanariotiempo.cl\/wp-content\/uploads\/2023\/05\/martin-thiel.jpg 1000w, https:\/\/www.semanariotiempo.cl\/wp-content\/uploads\/2023\/05\/martin-thiel-300x268.jpg 300w, https:\/\/www.semanariotiempo.cl\/wp-content\/uploads\/2023\/05\/martin-thiel-768x686.jpg 768w, https:\/\/www.semanariotiempo.cl\/wp-content\/uploads\/2023\/05\/martin-thiel-696x622.jpg 696w, https:\/\/www.semanariotiempo.cl\/wp-content\/uploads\/2023\/05\/martin-thiel-470x420.jpg 470w\" sizes=\"auto, (max-width: 500px) 100vw, 500px\" \/><figcaption><em>Por<strong> Martin Thiel, <\/strong>Acad\u00e9mico de la Facultad de Ciencias del Mar de la Universidad Cat\u00f3lica del Norte Sede Coquimbo y Director del Programa Cient\u00edficos de la Basura.<\/em><\/figcaption><\/figure><\/div>\n","protected":false},"excerpt":{"rendered":"<p>Como cient\u00edfico dedicado a estudiar los ecosistemas marinos, ocasionalmente me solicitan escribir una columna sobre el Mes del Mar.Todos los d\u00edas miro el mar, investigo el mar, pienso en el mar, escribo del mar, hablo del mar, pero cuando lleg\u00f3 el momento de redactar estas l\u00edneas no fluyeron las palabras. Escrib\u00ed algo, pero despu\u00e9s me [&hellip;]<\/p>\n","protected":false},"author":1,"featured_media":8265,"comment_status":"open","ping_status":"open","sticky":false,"template":"","format":"standard","meta":{"tdm_status":"","tdm_grid_status":"","footnotes":"","_wpscppro_dont_share_socialmedia":false,"_wpscppro_custom_social_share_image":0,"_facebook_share_type":"","_twitter_share_type":"","_linkedin_share_type":"","_pinterest_share_type":"","_linkedin_share_type_page":"","_instagram_share_type":"","_medium_share_type":"","_threads_share_type":"","_google_business_share_type":"","_bluesky_share_type":"","_mastodon_share_type":"","_selected_social_profile":[],"_wpsp_enable_custom_social_template":false,"_wpsp_social_scheduling":{"enabled":false,"datetime":null,"platforms":[],"status":"template_only","dateOption":"today","timeOption":"now","customDays":"","customHours":"","customDate":"","customTime":"","schedulingType":"absolute"},"_wpsp_active_default_template":true},"categories":[],"tags":[25],"class_list":["post-8264","post","type-post","status-publish","format-standard","has-post-thumbnail","hentry","tag-wordpress-themes"],"_links":{"self":[{"href":"https:\/\/www.semanariotiempo.cl\/index.php?rest_route=\/wp\/v2\/posts\/8264","targetHints":{"allow":["GET"]}}],"collection":[{"href":"https:\/\/www.semanariotiempo.cl\/index.php?rest_route=\/wp\/v2\/posts"}],"about":[{"href":"https:\/\/www.semanariotiempo.cl\/index.php?rest_route=\/wp\/v2\/types\/post"}],"author":[{"embeddable":true,"href":"https:\/\/www.semanariotiempo.cl\/index.php?rest_route=\/wp\/v2\/users\/1"}],"replies":[{"embeddable":true,"href":"https:\/\/www.semanariotiempo.cl\/index.php?rest_route=%2Fwp%2Fv2%2Fcomments&post=8264"}],"version-history":[{"count":0,"href":"https:\/\/www.semanariotiempo.cl\/index.php?rest_route=\/wp\/v2\/posts\/8264\/revisions"}],"wp:featuredmedia":[{"embeddable":true,"href":"https:\/\/www.semanariotiempo.cl\/index.php?rest_route=\/wp\/v2\/media\/8265"}],"wp:attachment":[{"href":"https:\/\/www.semanariotiempo.cl\/index.php?rest_route=%2Fwp%2Fv2%2Fmedia&parent=8264"}],"wp:term":[{"taxonomy":"category","embeddable":true,"href":"https:\/\/www.semanariotiempo.cl\/index.php?rest_route=%2Fwp%2Fv2%2Fcategories&post=8264"},{"taxonomy":"post_tag","embeddable":true,"href":"https:\/\/www.semanariotiempo.cl\/index.php?rest_route=%2Fwp%2Fv2%2Ftags&post=8264"}],"curies":[{"name":"wp","href":"https:\/\/api.w.org\/{rel}","templated":true}]}}