{"id":8261,"date":"2023-05-15T23:18:35","date_gmt":"2023-05-15T23:18:35","guid":{"rendered":"https:\/\/www.semanariotiempo.cl\/?p=8261"},"modified":"2023-05-15T23:18:35","modified_gmt":"2023-05-15T23:18:35","slug":"tribunal-ambiental-deja-en-acuerdo-las-seis-causas-contra-la-declaratoria-de-humedal-urbano-en-el-rio-elqui","status":"publish","type":"post","link":"https:\/\/www.semanariotiempo.cl\/?p=8261","title":{"rendered":"Tribunal Ambiental deja en acuerdo las seis causas contra la declaratoria de Humedal Urbano en el r\u00edo Elqui"},"content":{"rendered":"\n<h4 class=\"has-vivid-red-color has-text-color wp-block-heading\"><strong>La presidenta del Primer Tribunal Ambiental de Antofagasta (1TA), Sandra \u00c1lvarez, ser\u00e1 la encargada de redactar cada una de las sentencias que viene tramitando la corte especializada desde septiembre del a\u00f1o pasado. Solo resta conocer los fallos.<\/strong><\/h4>\n\n\n\n<div class=\"wp-block-image\"><figure class=\"aligncenter size-large\"><img loading=\"lazy\" decoding=\"async\" width=\"1024\" height=\"576\" src=\"https:\/\/www.semanariotiempo.cl\/wp-content\/uploads\/2023\/05\/Humedal-rio-Elqui-2-1024x576.jpg\" alt=\"\" class=\"wp-image-8262\" srcset=\"https:\/\/www.semanariotiempo.cl\/wp-content\/uploads\/2023\/05\/Humedal-rio-Elqui-2-1024x576.jpg 1024w, https:\/\/www.semanariotiempo.cl\/wp-content\/uploads\/2023\/05\/Humedal-rio-Elqui-2-300x169.jpg 300w, https:\/\/www.semanariotiempo.cl\/wp-content\/uploads\/2023\/05\/Humedal-rio-Elqui-2-768x432.jpg 768w, https:\/\/www.semanariotiempo.cl\/wp-content\/uploads\/2023\/05\/Humedal-rio-Elqui-2-696x392.jpg 696w, https:\/\/www.semanariotiempo.cl\/wp-content\/uploads\/2023\/05\/Humedal-rio-Elqui-2-1068x601.jpg 1068w, https:\/\/www.semanariotiempo.cl\/wp-content\/uploads\/2023\/05\/Humedal-rio-Elqui-2-747x420.jpg 747w, https:\/\/www.semanariotiempo.cl\/wp-content\/uploads\/2023\/05\/Humedal-rio-Elqui-2.jpg 1200w\" sizes=\"auto, (max-width: 1024px) 100vw, 1024px\" \/><\/figure><\/div>\n\n\n\n<p class=\"wp-block-paragraph\">Quiz\u00e1s el \u00faltimo paso para conocer el resultado de la controversia judicial por la declaratoria de Humedal Urbano en la desembocadura del r\u00edo Elqui se produjo esta \u00faltima semana, luego que el Primer Tribunal Ambiental de Antofagasta (1TA) dejara en acuerdo las seis causas abiertas que buscan revertir esa zona de protecci\u00f3n establecida por el Ministerio del Medio Ambiente.<br>Las reclamaciones est\u00e1n interpuestas contra la cartera p\u00fablica y se vienen tramitando -de forma separada- en la justicia ambiental desde fines de septiembre del 2022, tras la fijaci\u00f3n de un pol\u00edgono de 498 hect\u00e1reas resguardadas. En ellas, los demandantes individualizados con la Sociedad Agr\u00edcola Emilio Apey Hijos; la consultora Gesti\u00f3n y Desarrollo S.A.; Inmobiliaria La Cruz del Molino S.A.; Habita Asociaciones Inmobiliaria S.A., y los privados Mar\u00eda Alvarado y Diego Brun.<br>Sin embargo, \u00e9stos dos \u00faltimos acudieron el 18 de enero del 2023 al Tribunal Constitucional por eventuales vicios s en la declaratoria, dejando la tramitaci\u00f3n de las restantes, llevadas por el 1TA, suspendidas, hasta el pronunciamiento del organismo.<br>Los alegatos en el TC se produjeron en unja audiencia realizada el 22 de marzo, donde participaron los reclamantes y el Consejo de Defensa del Estado (CDE), \u00e9ste \u00faltimo en representaci\u00f3n del Ministerio del Medio Ambiente. Finalmente, la resoluci\u00f3n se dict\u00f3 el 25 de abril, y un fallo dividido, el organismo resolvi\u00f3 que las partes no fundamentaron c\u00f3mo la declaratoria provocar\u00eda una infracci\u00f3n constitucional, y agreg\u00f3 que se trata de una controversia t\u00e9cnico-ambiental, que deber\u00e1 ser zanjada por el 1TA.<br>La controversia por la protecci\u00f3n de la desembocadura del r\u00edo Elqui como Humedal Urbano comenz\u00f3 en 2021, luego que la Inmobiliaria ISiete decidiera levantar el proyecto Ipanema, un complejo de departamentos, algunos con subsidios, lo que provoc\u00f3 manifestaciones de organizaciones ecologistas, ciudadanas y el rechazo de autoridades locales, cuando la empresa comenz\u00f3 a cercar el predio y otras obras civiles. Luego de eso, y tras un extenso proceso, finalmente la autoridad sectorial de Medio Ambiente configur\u00f3 un pol\u00edgono de protecci\u00f3n.<br>De acuerdo a los antecedentes, los demandantes cuestionan la superficie que abarca el humedal y presuntos vicios del proceso, y el l\u00edmite del derecho de propiedad y de su uso, goce y disposici\u00f3n. Junto a lo anterior, alegan que no hubo posibilidad de participar activamente en el procedimiento de declaratoria de humedal urbano y algunos reclamantes aducen una discordancia en la gesti\u00f3n ambiental local llevada a cabo por el Municipio de La Serena y la secretar\u00eda de Estado.<br>El CDE, en tanto, asumi\u00f3 la representaci\u00f3n jur\u00eddica de los intereses fiscales y justific\u00f3 que la Resoluci\u00f3n Exenta N833\/2022, del 25 de julio en 2022, tuvo un no solo un \u201ccorrecto procedimiento en la declaratoria de Humedal Urbano, sino que una ajustada delimitaci\u00f3n del sector\u201d.<br>Solo falta conocer la resoluci\u00f3n que adopten los magistrados Sandra \u00c1lvarez (presidenta del 1TA), Virginia Soublette y Mauricio Oviedo. En tanto, \u00c1lvarez se encargar\u00e1 en la redacci\u00f3n de cada sentencia.<\/p>\n","protected":false},"excerpt":{"rendered":"<p>La presidenta del Primer Tribunal Ambiental de Antofagasta (1TA), Sandra \u00c1lvarez, ser\u00e1 la encargada de redactar cada una de las sentencias que viene tramitando la corte especializada desde septiembre del a\u00f1o pasado. Solo resta conocer los fallos. Quiz\u00e1s el \u00faltimo paso para conocer el resultado de la controversia judicial por la declaratoria de Humedal Urbano [&hellip;]<\/p>\n","protected":false},"author":1,"featured_media":8262,"comment_status":"open","ping_status":"open","sticky":false,"template":"","format":"standard","meta":{"tdm_status":"","tdm_grid_status":"","footnotes":"","_wpscppro_dont_share_socialmedia":false,"_wpscppro_custom_social_share_image":0,"_facebook_share_type":"","_twitter_share_type":"","_linkedin_share_type":"","_pinterest_share_type":"","_linkedin_share_type_page":"","_instagram_share_type":"","_medium_share_type":"","_threads_share_type":"","_google_business_share_type":"","_bluesky_share_type":"","_mastodon_share_type":"","_selected_social_profile":[],"_wpsp_enable_custom_social_template":false,"_wpsp_social_scheduling":{"enabled":false,"datetime":null,"platforms":[],"status":"template_only","dateOption":"today","timeOption":"now","customDays":"","customHours":"","customDate":"","customTime":"","schedulingType":"absolute"},"_wpsp_active_default_template":true},"categories":[1],"tags":[16,8],"class_list":["post-8261","post","type-post","status-publish","format-standard","has-post-thumbnail","hentry","category-uncategorized","tag-make-money-online","tag-marketing"],"_links":{"self":[{"href":"https:\/\/www.semanariotiempo.cl\/index.php?rest_route=\/wp\/v2\/posts\/8261","targetHints":{"allow":["GET"]}}],"collection":[{"href":"https:\/\/www.semanariotiempo.cl\/index.php?rest_route=\/wp\/v2\/posts"}],"about":[{"href":"https:\/\/www.semanariotiempo.cl\/index.php?rest_route=\/wp\/v2\/types\/post"}],"author":[{"embeddable":true,"href":"https:\/\/www.semanariotiempo.cl\/index.php?rest_route=\/wp\/v2\/users\/1"}],"replies":[{"embeddable":true,"href":"https:\/\/www.semanariotiempo.cl\/index.php?rest_route=%2Fwp%2Fv2%2Fcomments&post=8261"}],"version-history":[{"count":0,"href":"https:\/\/www.semanariotiempo.cl\/index.php?rest_route=\/wp\/v2\/posts\/8261\/revisions"}],"wp:featuredmedia":[{"embeddable":true,"href":"https:\/\/www.semanariotiempo.cl\/index.php?rest_route=\/wp\/v2\/media\/8262"}],"wp:attachment":[{"href":"https:\/\/www.semanariotiempo.cl\/index.php?rest_route=%2Fwp%2Fv2%2Fmedia&parent=8261"}],"wp:term":[{"taxonomy":"category","embeddable":true,"href":"https:\/\/www.semanariotiempo.cl\/index.php?rest_route=%2Fwp%2Fv2%2Fcategories&post=8261"},{"taxonomy":"post_tag","embeddable":true,"href":"https:\/\/www.semanariotiempo.cl\/index.php?rest_route=%2Fwp%2Fv2%2Ftags&post=8261"}],"curies":[{"name":"wp","href":"https:\/\/api.w.org\/{rel}","templated":true}]}}