{"id":8257,"date":"2023-05-15T23:13:57","date_gmt":"2023-05-15T23:13:57","guid":{"rendered":"https:\/\/www.semanariotiempo.cl\/?p=8257"},"modified":"2023-05-15T23:13:57","modified_gmt":"2023-05-15T23:13:57","slug":"desafios-de-la-jornada-laboral","status":"publish","type":"post","link":"https:\/\/www.semanariotiempo.cl\/?p=8257","title":{"rendered":"Desaf\u00edos de la jornada laboral"},"content":{"rendered":"\n<p class=\"wp-block-paragraph\">A pesar del amplio apoyo pol\u00edtico y la gradualidad con que fue aprobada, la reforma que reducir\u00e1 de 45 a 40 horas la jornada laboral todav\u00eda deja importantes desaf\u00edos para su total aplicaci\u00f3n.<br>En primer lugar, es importante que este cambio al interior de las empresas no se reduzca simplemente a salir un poco m\u00e1s temprano, sino que debe ir acompa\u00f1ado de un proceso de cambio al interior de los trabajos para que junto con este cambio se logren cambios en el nivel de productividad real en menos horas disponibles. En este sentido, como todos los cambios, debe ser visto como una oportunidad de revisi\u00f3n, capacitaci\u00f3n e incentivos para mejorar los procesos internos, teniendo siempre en cuenta que el objetivo final es mejorar la calidad de vida de los trabajadores.<br>A m\u00e1s de alguno le sonar\u00e1 a \u201csobrecaga\u201d, pero en realidad se trata de ser capaces de observar realmente donde est\u00e1n las brechas, los tiempos sin uso, e incluso la falta de metas claras y realistas para poder cumplir de manera m\u00e1s eficiente las labores.<br>Y atendiendo a la gradualidad, ser\u00eda posible establecer preparaci\u00f3n en este plazo de implementaci\u00f3n para no producir mayor agobio o se sensaci\u00f3n de recarga, sino de sentir realmente que logramos mayor eficiencia. Y tambi\u00e9n para lograr el objetivo final, que es entregar mayor tiempo con la familia, mayor tiempo para descanso. En este sentido el trabajo de salud mental es muy importante para la buena implementaci\u00f3n de la nueva jornada.<br>Sin duda ahora que es ley, debe ser una oportunidad al interior de las empresas para revisar sus procesos, motivar a sus colaboradores, mejorar productividad, revisar incentivos, apoyar en la mejora de la calidad de vida laboral.<\/p>\n\n\n\n<p style=\"background-color:#f8dfdf\" class=\"has-background wp-block-paragraph\"><strong>V\u00edctor H. Villagr\u00e1n<\/strong><br>Editor Semanario Tiempo<\/p>\n","protected":false},"excerpt":{"rendered":"<p>A pesar del amplio apoyo pol\u00edtico y la gradualidad con que fue aprobada, la reforma que reducir\u00e1 de 45 a 40 horas la jornada laboral todav\u00eda deja importantes desaf\u00edos para su total aplicaci\u00f3n.En primer lugar, es importante que este cambio al interior de las empresas no se reduzca simplemente a salir un poco m\u00e1s temprano, [&hellip;]<\/p>\n","protected":false},"author":1,"featured_media":0,"comment_status":"open","ping_status":"open","sticky":false,"template":"","format":"standard","meta":{"tdm_status":"","tdm_grid_status":"","footnotes":"","_wpscppro_dont_share_socialmedia":false,"_wpscppro_custom_social_share_image":0,"_facebook_share_type":"","_twitter_share_type":"","_linkedin_share_type":"","_pinterest_share_type":"","_linkedin_share_type_page":"","_instagram_share_type":"","_medium_share_type":"","_threads_share_type":"","_google_business_share_type":"","_bluesky_share_type":"","_mastodon_share_type":"","_selected_social_profile":[],"_wpsp_enable_custom_social_template":false,"_wpsp_social_scheduling":{"enabled":false,"datetime":null,"platforms":[],"status":"template_only","dateOption":"today","timeOption":"now","customDays":"","customHours":"","customDate":"","customTime":"","schedulingType":"absolute"},"_wpsp_active_default_template":true},"categories":[],"tags":[25],"class_list":["post-8257","post","type-post","status-publish","format-standard","hentry","tag-wordpress-themes"],"_links":{"self":[{"href":"https:\/\/www.semanariotiempo.cl\/index.php?rest_route=\/wp\/v2\/posts\/8257","targetHints":{"allow":["GET"]}}],"collection":[{"href":"https:\/\/www.semanariotiempo.cl\/index.php?rest_route=\/wp\/v2\/posts"}],"about":[{"href":"https:\/\/www.semanariotiempo.cl\/index.php?rest_route=\/wp\/v2\/types\/post"}],"author":[{"embeddable":true,"href":"https:\/\/www.semanariotiempo.cl\/index.php?rest_route=\/wp\/v2\/users\/1"}],"replies":[{"embeddable":true,"href":"https:\/\/www.semanariotiempo.cl\/index.php?rest_route=%2Fwp%2Fv2%2Fcomments&post=8257"}],"version-history":[{"count":0,"href":"https:\/\/www.semanariotiempo.cl\/index.php?rest_route=\/wp\/v2\/posts\/8257\/revisions"}],"wp:attachment":[{"href":"https:\/\/www.semanariotiempo.cl\/index.php?rest_route=%2Fwp%2Fv2%2Fmedia&parent=8257"}],"wp:term":[{"taxonomy":"category","embeddable":true,"href":"https:\/\/www.semanariotiempo.cl\/index.php?rest_route=%2Fwp%2Fv2%2Fcategories&post=8257"},{"taxonomy":"post_tag","embeddable":true,"href":"https:\/\/www.semanariotiempo.cl\/index.php?rest_route=%2Fwp%2Fv2%2Ftags&post=8257"}],"curies":[{"name":"wp","href":"https:\/\/api.w.org\/{rel}","templated":true}]}}