{"id":8247,"date":"2023-05-12T00:10:34","date_gmt":"2023-05-12T00:10:34","guid":{"rendered":"https:\/\/www.semanariotiempo.cl\/?p=8247"},"modified":"2023-05-12T00:10:34","modified_gmt":"2023-05-12T00:10:34","slug":"destacan-al-cooperativismo-como-modelo-clave-para-el-desarrollo-regional","status":"publish","type":"post","link":"https:\/\/www.semanariotiempo.cl\/?p=8247","title":{"rendered":"Destacan al cooperativismo como  modelo clave para el desarrollo regional"},"content":{"rendered":"\n<h4 class=\"has-vivid-red-color has-text-color wp-block-heading\"><strong>En seminario efectuado en La Serena, fue presentado el programa Red Cooperativa, pionero en el pa\u00eds y que desarrollar\u00e1 nuevas capacidades en cooperativas de Elqui, Limar\u00ed y Choapa, formar\u00e1 mentores para el apoyo permanente a \u00e9stas, y crear\u00e1 una red de colaboraci\u00f3n y un ecosistema de econom\u00eda social.<\/strong><\/h4>\n\n\n\n<div class=\"wp-block-image\"><figure class=\"aligncenter size-large\"><img loading=\"lazy\" decoding=\"async\" width=\"1024\" height=\"575\" src=\"https:\/\/www.semanariotiempo.cl\/wp-content\/uploads\/2023\/05\/fundacion-2-1024x575.jpg\" alt=\"\" class=\"wp-image-8248\" srcset=\"https:\/\/www.semanariotiempo.cl\/wp-content\/uploads\/2023\/05\/fundacion-2-1024x575.jpg 1024w, https:\/\/www.semanariotiempo.cl\/wp-content\/uploads\/2023\/05\/fundacion-2-300x169.jpg 300w, https:\/\/www.semanariotiempo.cl\/wp-content\/uploads\/2023\/05\/fundacion-2-768x431.jpg 768w, https:\/\/www.semanariotiempo.cl\/wp-content\/uploads\/2023\/05\/fundacion-2-696x391.jpg 696w, https:\/\/www.semanariotiempo.cl\/wp-content\/uploads\/2023\/05\/fundacion-2-1068x600.jpg 1068w, https:\/\/www.semanariotiempo.cl\/wp-content\/uploads\/2023\/05\/fundacion-2-748x420.jpg 748w, https:\/\/www.semanariotiempo.cl\/wp-content\/uploads\/2023\/05\/fundacion-2.jpg 1200w\" sizes=\"auto, (max-width: 1024px) 100vw, 1024px\" \/><\/figure><\/div>\n\n\n\n<p class=\"wp-block-paragraph\">Resaltando a las cooperativas como una forma de organizaci\u00f3n clave para el desarrollo de la Regi\u00f3n de Coquimbo, que diversifica su econom\u00eda y genera empleos e ingresos, con equidad, sustentabilidad e inclusi\u00f3n, fue presentado en La Serena el programa Red Cooperativa, financiado por el Gobierno Regional y ejecutado por Fundaci\u00f3n Chile, el que potenciar\u00e1 a las cooperativas, formar\u00e1 mentores locales para el apoyo permanente a \u00e9stas, y crear\u00e1 una red de colaboraci\u00f3n y un ecosistema de econom\u00eda social en la Regi\u00f3n de Coquimbo.<br>El Programa fue explicitado en el seminario \u2018Proyectos Cooperativos para una Transici\u00f3n Socio-Ecol\u00f3gica Justa\u2019, al que asistieron casi un centenar de miembros de cooperativas y organizaciones de econom\u00eda social de la zona, junto a la consejera regional y presidenta de la Comisi\u00f3n de Fomento Productivo, Tatiana Castillo; la jefa de Divisi\u00f3n de Fomento Productivo del Gobierno Regional, Lorena Sandoval; la gerenta del Centro de Desarrollo Humano de Fundaci\u00f3n de Chile, Valentina Quiroga; la directora ejecutiva de la Asociaci\u00f3n Nacional de Cooperativas de Chile, Jimena Mu\u00f1oz; y el director del Programa, Manuel Far\u00edas, adem\u00e1s de autoridades regionales.<br>Durante su primera etapa, Red Cooperativa se encuentra realizando un estudio diagn\u00f3stico que permita contar con una completa radiograf\u00eda del sector que sirva de insumo para trabajar en su mejora para fortalecer y diversificar la base productiva regional. Posteriormente, el trabajo se centrar\u00e1 en generar y dejar instaladas nuevas capacidades en las empresas cooperativas a trav\u00e9s de mentores locales, con \u00e9nfasis en desaf\u00edos digitales y ambientales.<br>De las cerca de 100 empresas cooperativas que se estima existen en la Regi\u00f3n de Coquimbo menos del 50% registr\u00f3 actividad comercial durante el a\u00f1o 2022, estad\u00edsticas que arroj\u00f3 el informe preliminar del Estudio de caracterizaci\u00f3n de la econom\u00eda social y cooperativa de la Regi\u00f3n de Coquimbo realizado por la consultora de capital humano Circular HR de Fundaci\u00f3n Chile, evidenciando la necesidad de contar con programas para fortalecerlas y apoyar su reactivaci\u00f3n.<br>\u201cRed Cooperativa no solo contribuir\u00e1 a que las empresas locales incrementen su competitividad por medio de una capacidad instalada y permanente en el territorio, sino que permitir\u00e1 impulsar su vocaci\u00f3n transformadora para dar respuesta a problem\u00e1ticas como el empleo, satisfacer demandas locales o dar soluciones innovadoras a los desaf\u00edos de la regi\u00f3n\u201d, agreg\u00f3 el director de Educaci\u00f3n TP de Fundaci\u00f3n Chile y director del programa, Manuel Far\u00edas.<\/p>\n","protected":false},"excerpt":{"rendered":"<p>En seminario efectuado en La Serena, fue presentado el programa Red Cooperativa, pionero en el pa\u00eds y que desarrollar\u00e1 nuevas capacidades en cooperativas de Elqui, Limar\u00ed y Choapa, formar\u00e1 mentores para el apoyo permanente a \u00e9stas, y crear\u00e1 una red de colaboraci\u00f3n y un ecosistema de econom\u00eda social. Resaltando a las cooperativas como una forma [&hellip;]<\/p>\n","protected":false},"author":1,"featured_media":8248,"comment_status":"open","ping_status":"open","sticky":false,"template":"","format":"standard","meta":{"tdm_status":"","tdm_grid_status":"","footnotes":"","_wpscppro_dont_share_socialmedia":false,"_wpscppro_custom_social_share_image":0,"_facebook_share_type":"","_twitter_share_type":"","_linkedin_share_type":"","_pinterest_share_type":"","_linkedin_share_type_page":"","_instagram_share_type":"","_medium_share_type":"","_threads_share_type":"","_google_business_share_type":"","_bluesky_share_type":"","_mastodon_share_type":"","_selected_social_profile":[],"_wpsp_enable_custom_social_template":false,"_wpsp_social_scheduling":{"enabled":false,"datetime":null,"platforms":[],"status":"template_only","dateOption":"today","timeOption":"now","customDays":"","customHours":"","customDate":"","customTime":"","schedulingType":"absolute"},"_wpsp_active_default_template":true},"categories":[1],"tags":[8,28],"class_list":["post-8247","post","type-post","status-publish","format-standard","has-post-thumbnail","hentry","category-uncategorized","tag-marketing","tag-site-tips"],"_links":{"self":[{"href":"https:\/\/www.semanariotiempo.cl\/index.php?rest_route=\/wp\/v2\/posts\/8247","targetHints":{"allow":["GET"]}}],"collection":[{"href":"https:\/\/www.semanariotiempo.cl\/index.php?rest_route=\/wp\/v2\/posts"}],"about":[{"href":"https:\/\/www.semanariotiempo.cl\/index.php?rest_route=\/wp\/v2\/types\/post"}],"author":[{"embeddable":true,"href":"https:\/\/www.semanariotiempo.cl\/index.php?rest_route=\/wp\/v2\/users\/1"}],"replies":[{"embeddable":true,"href":"https:\/\/www.semanariotiempo.cl\/index.php?rest_route=%2Fwp%2Fv2%2Fcomments&post=8247"}],"version-history":[{"count":0,"href":"https:\/\/www.semanariotiempo.cl\/index.php?rest_route=\/wp\/v2\/posts\/8247\/revisions"}],"wp:featuredmedia":[{"embeddable":true,"href":"https:\/\/www.semanariotiempo.cl\/index.php?rest_route=\/wp\/v2\/media\/8248"}],"wp:attachment":[{"href":"https:\/\/www.semanariotiempo.cl\/index.php?rest_route=%2Fwp%2Fv2%2Fmedia&parent=8247"}],"wp:term":[{"taxonomy":"category","embeddable":true,"href":"https:\/\/www.semanariotiempo.cl\/index.php?rest_route=%2Fwp%2Fv2%2Fcategories&post=8247"},{"taxonomy":"post_tag","embeddable":true,"href":"https:\/\/www.semanariotiempo.cl\/index.php?rest_route=%2Fwp%2Fv2%2Ftags&post=8247"}],"curies":[{"name":"wp","href":"https:\/\/api.w.org\/{rel}","templated":true}]}}