{"id":8235,"date":"2023-05-12T00:03:00","date_gmt":"2023-05-12T00:03:00","guid":{"rendered":"https:\/\/www.semanariotiempo.cl\/?p=8235"},"modified":"2023-05-12T00:03:01","modified_gmt":"2023-05-12T00:03:01","slug":"detectives-y-funcionarios-en-retiro-de-la-pdi-cuentan-con-terreno-para-construir-su-sede","status":"publish","type":"post","link":"https:\/\/www.semanariotiempo.cl\/?p=8235","title":{"rendered":"Detectives y funcionarios en retiro de la PDI cuentan con terreno para construir su sede"},"content":{"rendered":"\n<div class=\"wp-block-image\"><figure class=\"aligncenter size-large\"><img loading=\"lazy\" decoding=\"async\" width=\"1024\" height=\"576\" src=\"https:\/\/www.semanariotiempo.cl\/wp-content\/uploads\/2023\/05\/pdi-3-1024x576.jpg\" alt=\"\" class=\"wp-image-8236\" srcset=\"https:\/\/www.semanariotiempo.cl\/wp-content\/uploads\/2023\/05\/pdi-3-1024x576.jpg 1024w, https:\/\/www.semanariotiempo.cl\/wp-content\/uploads\/2023\/05\/pdi-3-300x169.jpg 300w, https:\/\/www.semanariotiempo.cl\/wp-content\/uploads\/2023\/05\/pdi-3-768x432.jpg 768w, https:\/\/www.semanariotiempo.cl\/wp-content\/uploads\/2023\/05\/pdi-3-696x392.jpg 696w, https:\/\/www.semanariotiempo.cl\/wp-content\/uploads\/2023\/05\/pdi-3-1068x601.jpg 1068w, https:\/\/www.semanariotiempo.cl\/wp-content\/uploads\/2023\/05\/pdi-3-747x420.jpg 747w, https:\/\/www.semanariotiempo.cl\/wp-content\/uploads\/2023\/05\/pdi-3.jpg 1200w\" sizes=\"auto, (max-width: 1024px) 100vw, 1024px\" \/><\/figure><\/div>\n\n\n\n<p class=\"wp-block-paragraph\">Veinte y hasta m\u00e1s de treinta a\u00f1os en la escena del crimen, al servicio de la comunidad, a trav\u00e9s de la investigaci\u00f3n profesional de los delitos. As\u00ed es la mayor parte de la historia que escribieron hombres y mujeres como detectives, trabajando de d\u00eda o de noche, en b\u00fasqueda de la verdad, hasta poder aclarar y establecer responsabilidades ante la Justicia.<br>Son oficiales que dedicaron su vida a una instituci\u00f3n fundamental para la Seguridad del Estado, que el pr\u00f3ximo 19 de junio conmemora 90 a\u00f1os de trayectoria. 55 socios y socias, integran el C\u00edrculo de Funcionarios en Retiro de la Regi\u00f3n de Coquimbo, y el pasado fin de semana la organizaci\u00f3n formalmente conmemor\u00f3 sus 20 a\u00f1os, con un almuerzo de camarader\u00eda, encabezada por prefecto (r) Segundo Leyton, presidente del C\u00edrculo de Funcionarios en Retiro de la PDI, en la regi\u00f3n de Coquimbo y el prefecto inspector Jos\u00e9 Carrasco, jefe de la Regi\u00f3n Policial de Coquimbo.<br>En la Avenida Estadio con el pasaje Frutillar de la capital regional, se encuentran los 500 m2 que fueron cedidos formalmente al C\u00edrculo. Un logro significativo para los socios y socias que quisieron seguir vigentes y aportar de manera voluntaria en los desaf\u00edos y compromisos que trabajan en conjunto con cada directiva, desde el 21 de abril de 2003.<br>En este contexto, los jefes activos de las diversas unidades de la Regi\u00f3n Policial de Coquimbo, tambi\u00e9n se reunieron con la mayor\u00eda de los miembros de la organizaci\u00f3n, para compartir un desayuno en el nuevo complejo de calle Pinto. As\u00ed pudieron reconocer los logros y desaf\u00edos institucionales, los avances y la complejidad que viven los detectives en el contexto de la Seguridad P\u00fablica nacional, adem\u00e1s de informarse sobre los beneficios que siguen a su disposici\u00f3n en salud y bienestar, entre otros.<br>Dentro de la conmemoraci\u00f3n por el vig\u00e9simo aniversario del C\u00edrculo de Funcionarios en Situaci\u00f3n de Retiro de la PDI, la directiva entreg\u00f3 una distinci\u00f3n simb\u00f3lica a sus socios y socias, por su activa participaci\u00f3n. Tambi\u00e9n agradecieron a la Municipalidad de La Serena, todas las gestiones de sus equipos que ayudaron a celebrar el contrato con sus representantes, proyectando el gran desaf\u00edo de trabajar en el dise\u00f1o y materializar la construcci\u00f3n de la sede que albergar\u00e1 a la organizaci\u00f3n.<\/p>\n","protected":false},"excerpt":{"rendered":"<p>Veinte y hasta m\u00e1s de treinta a\u00f1os en la escena del crimen, al servicio de la comunidad, a trav\u00e9s de la investigaci\u00f3n profesional de los delitos. As\u00ed es la mayor parte de la historia que escribieron hombres y mujeres como detectives, trabajando de d\u00eda o de noche, en b\u00fasqueda de la verdad, hasta poder aclarar [&hellip;]<\/p>\n","protected":false},"author":1,"featured_media":8236,"comment_status":"open","ping_status":"open","sticky":false,"template":"","format":"standard","meta":{"tdm_status":"","tdm_grid_status":"","footnotes":"","_wpscppro_dont_share_socialmedia":false,"_wpscppro_custom_social_share_image":0,"_facebook_share_type":"","_twitter_share_type":"","_linkedin_share_type":"","_pinterest_share_type":"","_linkedin_share_type_page":"","_instagram_share_type":"","_medium_share_type":"","_threads_share_type":"","_google_business_share_type":"","_bluesky_share_type":"","_mastodon_share_type":"","_selected_social_profile":[],"_wpsp_enable_custom_social_template":false,"_wpsp_social_scheduling":{"enabled":false,"datetime":null,"platforms":[],"status":"template_only","dateOption":"today","timeOption":"now","customDays":"","customHours":"","customDate":"","customTime":"","schedulingType":"absolute"},"_wpsp_active_default_template":true},"categories":[1],"tags":[8,28],"class_list":["post-8235","post","type-post","status-publish","format-standard","has-post-thumbnail","hentry","category-uncategorized","tag-marketing","tag-site-tips"],"_links":{"self":[{"href":"https:\/\/www.semanariotiempo.cl\/index.php?rest_route=\/wp\/v2\/posts\/8235","targetHints":{"allow":["GET"]}}],"collection":[{"href":"https:\/\/www.semanariotiempo.cl\/index.php?rest_route=\/wp\/v2\/posts"}],"about":[{"href":"https:\/\/www.semanariotiempo.cl\/index.php?rest_route=\/wp\/v2\/types\/post"}],"author":[{"embeddable":true,"href":"https:\/\/www.semanariotiempo.cl\/index.php?rest_route=\/wp\/v2\/users\/1"}],"replies":[{"embeddable":true,"href":"https:\/\/www.semanariotiempo.cl\/index.php?rest_route=%2Fwp%2Fv2%2Fcomments&post=8235"}],"version-history":[{"count":0,"href":"https:\/\/www.semanariotiempo.cl\/index.php?rest_route=\/wp\/v2\/posts\/8235\/revisions"}],"wp:featuredmedia":[{"embeddable":true,"href":"https:\/\/www.semanariotiempo.cl\/index.php?rest_route=\/wp\/v2\/media\/8236"}],"wp:attachment":[{"href":"https:\/\/www.semanariotiempo.cl\/index.php?rest_route=%2Fwp%2Fv2%2Fmedia&parent=8235"}],"wp:term":[{"taxonomy":"category","embeddable":true,"href":"https:\/\/www.semanariotiempo.cl\/index.php?rest_route=%2Fwp%2Fv2%2Fcategories&post=8235"},{"taxonomy":"post_tag","embeddable":true,"href":"https:\/\/www.semanariotiempo.cl\/index.php?rest_route=%2Fwp%2Fv2%2Ftags&post=8235"}],"curies":[{"name":"wp","href":"https:\/\/api.w.org\/{rel}","templated":true}]}}