{"id":8228,"date":"2023-05-09T22:50:16","date_gmt":"2023-05-09T22:50:16","guid":{"rendered":"https:\/\/www.semanariotiempo.cl\/?p=8228"},"modified":"2023-05-09T22:50:17","modified_gmt":"2023-05-09T22:50:17","slug":"destacan-extenso-periodo-de-operacion-e-inedito-flujo-por-paso-de-agua-negra-esta-temporada","status":"publish","type":"post","link":"https:\/\/www.semanariotiempo.cl\/?p=8228","title":{"rendered":"Destacan extenso per\u00edodo de  operaci\u00f3n e in\u00e9dito flujo por Paso  de Agua Negra esta temporada"},"content":{"rendered":"\n<h4 class=\"has-vivid-red-color has-text-color wp-block-heading\"><strong>Buen estado del camino, y positivas relaciones entre autoridades locales de Chile y Argentina facilitan que la v\u00eda internacional -activa desde el 07 de diciembre en 2022- siga funcionando. Si en la temporada 2019-2020, se registr\u00f3 un flujo de 27.816 personas, el periodo 2022-2023 lleva 62.284, lo que equivale a m\u00e1s del doble.<\/strong><\/h4>\n\n\n\n<div class=\"wp-block-image\"><figure class=\"aligncenter size-large\"><img loading=\"lazy\" decoding=\"async\" width=\"1024\" height=\"577\" src=\"https:\/\/www.semanariotiempo.cl\/wp-content\/uploads\/2023\/05\/Delegado-Presidencial-Rub\u00e9n-Quezada-1024x577.jpg\" alt=\"\" class=\"wp-image-8229\" srcset=\"https:\/\/www.semanariotiempo.cl\/wp-content\/uploads\/2023\/05\/Delegado-Presidencial-Rub\u00e9n-Quezada-1024x577.jpg 1024w, https:\/\/www.semanariotiempo.cl\/wp-content\/uploads\/2023\/05\/Delegado-Presidencial-Rub\u00e9n-Quezada-300x169.jpg 300w, https:\/\/www.semanariotiempo.cl\/wp-content\/uploads\/2023\/05\/Delegado-Presidencial-Rub\u00e9n-Quezada-768x433.jpg 768w, https:\/\/www.semanariotiempo.cl\/wp-content\/uploads\/2023\/05\/Delegado-Presidencial-Rub\u00e9n-Quezada-696x392.jpg 696w, https:\/\/www.semanariotiempo.cl\/wp-content\/uploads\/2023\/05\/Delegado-Presidencial-Rub\u00e9n-Quezada-1068x602.jpg 1068w, https:\/\/www.semanariotiempo.cl\/wp-content\/uploads\/2023\/05\/Delegado-Presidencial-Rub\u00e9n-Quezada-746x420.jpg 746w, https:\/\/www.semanariotiempo.cl\/wp-content\/uploads\/2023\/05\/Delegado-Presidencial-Rub\u00e9n-Quezada.jpg 1200w\" sizes=\"auto, (max-width: 1024px) 100vw, 1024px\" \/><\/figure><\/div>\n\n\n\n<p class=\"wp-block-paragraph\">\u201cEs importante destacar que hace cerca de 10 a\u00f1os, nuestro paso fronterizo no se encontraba aperturado en estas fechas\u201d.<br>Esa la frase con que el delegado Presidencial, Rub\u00e9n Quezada, destac\u00f3 el in\u00e9dito flujo de personas por el paso internacional Agua Negra -abierto desde el 07 de diciembre del 2022-, v\u00eda que conecta a la provincia de San Juan (Argentina) con la regi\u00f3n de Coquimbo.<br>El trayecto no demanda m\u00e1s de seis horas en recorrerlo, y aunque varios kil\u00f3metros del camino se encuentran sin pavimento, en las zonas de mayor altura del corredor fronterizo, con elevaciones que superan los 4.500 metros sobre el nivel del mar, durante marzo y abril se registr\u00f3 6.545 cruces, siendo el tercer mes del a\u00f1o con mayor actividad con 53% del total.<br>La autoridad regional atribuy\u00f3 esta coyuntura migratoria no solo a la positiva temporada estival, sino al cambio favorable de divisas que permite a adquirir bienes al otro lado de la cordillera.<br>\u201cMotivados a lo que fue una muy buena temporada de verano, asociado a un cambio favorable para los chilenos en Argentina, un buen estado del camino y buenas relaciones que mantenemos con nuestros hermanos de la provincia de San Juan, hemos tenido en marzo y abril m\u00e1s de 6.500 personas que han cruzado\u201d, precis\u00f3.<\/p>\n\n\n\n<p class=\"wp-block-paragraph\">Y es que las consolidadas relaciones entre la provincia de San Juan y la regi\u00f3n de Coquimbo, el atractivo de las playas y balnearios de La Serena y la ciudad-puerto, la gastronom\u00eda marina, la fascinaci\u00f3n de los transandinos por alojar en el borde costero de la conurbaci\u00f3n, y el inter\u00e9s por los \u201ctours de compras\u201d han sido factor para que los argentinos lleguen a la zona, especialmente en los meses de diciembre y enero.<br>Vestimenta, calzado, art\u00edculos electr\u00f3nicos y repuestos de autom\u00f3viles son las compras que m\u00e1s demandan los visitantes de ese pa\u00eds. Pero, la tendencia de las \u00faltimas semanas es que tambi\u00e9n los chilenos se est\u00e9n atreviendo a cruzar la cordillera en b\u00fasqueda de precio accesibles, en bienes de consumo b\u00e1sicos como los alimentos.<br>\u201cEstamos muy orgullosos de haber mantenido un paso que ha podido estar a la altura, pese a algunos eventos clim\u00e1ticos\u201d, sentenci\u00f3 Quezada.<\/p>\n\n\n\n<p class=\"wp-block-paragraph\">Si en la temporada estival 2019-2020, se registr\u00f3 un flujo de 27.816 personas por el paso Agua Negra, en el periodo 2022-2023 lleva 62.284 personas, lo que equivale a m\u00e1s del doble.<\/p>\n","protected":false},"excerpt":{"rendered":"<p>Buen estado del camino, y positivas relaciones entre autoridades locales de Chile y Argentina facilitan que la v\u00eda internacional -activa desde el 07 de diciembre en 2022- siga funcionando. Si en la temporada 2019-2020, se registr\u00f3 un flujo de 27.816 personas, el periodo 2022-2023 lleva 62.284, lo que equivale a m\u00e1s del doble. \u201cEs importante [&hellip;]<\/p>\n","protected":false},"author":1,"featured_media":8229,"comment_status":"open","ping_status":"open","sticky":false,"template":"","format":"standard","meta":{"tdm_status":"","tdm_grid_status":"","footnotes":"","_wpscppro_dont_share_socialmedia":false,"_wpscppro_custom_social_share_image":0,"_facebook_share_type":"","_twitter_share_type":"","_linkedin_share_type":"","_pinterest_share_type":"","_linkedin_share_type_page":"","_instagram_share_type":"","_medium_share_type":"","_threads_share_type":"","_google_business_share_type":"","_bluesky_share_type":"","_mastodon_share_type":"","_selected_social_profile":[],"_wpsp_enable_custom_social_template":false,"_wpsp_social_scheduling":{"enabled":false,"datetime":null,"platforms":[],"status":"template_only","dateOption":"today","timeOption":"now","customDays":"","customHours":"","customDate":"","customTime":"","schedulingType":"absolute"},"_wpsp_active_default_template":true},"categories":[1],"tags":[8,28],"class_list":["post-8228","post","type-post","status-publish","format-standard","has-post-thumbnail","hentry","category-uncategorized","tag-marketing","tag-site-tips"],"_links":{"self":[{"href":"https:\/\/www.semanariotiempo.cl\/index.php?rest_route=\/wp\/v2\/posts\/8228","targetHints":{"allow":["GET"]}}],"collection":[{"href":"https:\/\/www.semanariotiempo.cl\/index.php?rest_route=\/wp\/v2\/posts"}],"about":[{"href":"https:\/\/www.semanariotiempo.cl\/index.php?rest_route=\/wp\/v2\/types\/post"}],"author":[{"embeddable":true,"href":"https:\/\/www.semanariotiempo.cl\/index.php?rest_route=\/wp\/v2\/users\/1"}],"replies":[{"embeddable":true,"href":"https:\/\/www.semanariotiempo.cl\/index.php?rest_route=%2Fwp%2Fv2%2Fcomments&post=8228"}],"version-history":[{"count":0,"href":"https:\/\/www.semanariotiempo.cl\/index.php?rest_route=\/wp\/v2\/posts\/8228\/revisions"}],"wp:featuredmedia":[{"embeddable":true,"href":"https:\/\/www.semanariotiempo.cl\/index.php?rest_route=\/wp\/v2\/media\/8229"}],"wp:attachment":[{"href":"https:\/\/www.semanariotiempo.cl\/index.php?rest_route=%2Fwp%2Fv2%2Fmedia&parent=8228"}],"wp:term":[{"taxonomy":"category","embeddable":true,"href":"https:\/\/www.semanariotiempo.cl\/index.php?rest_route=%2Fwp%2Fv2%2Fcategories&post=8228"},{"taxonomy":"post_tag","embeddable":true,"href":"https:\/\/www.semanariotiempo.cl\/index.php?rest_route=%2Fwp%2Fv2%2Ftags&post=8228"}],"curies":[{"name":"wp","href":"https:\/\/api.w.org\/{rel}","templated":true}]}}