{"id":8218,"date":"2023-05-09T22:41:20","date_gmt":"2023-05-09T22:41:20","guid":{"rendered":"https:\/\/www.semanariotiempo.cl\/?p=8218"},"modified":"2023-05-09T22:41:20","modified_gmt":"2023-05-09T22:41:20","slug":"concesiones-posterga-para-el-proximo-ano-licitacion-del-tranvia-entre-la-serena-y-coquimbo","status":"publish","type":"post","link":"https:\/\/www.semanariotiempo.cl\/?p=8218","title":{"rendered":"Concesiones posterga para el pr\u00f3ximo a\u00f1o licitaci\u00f3n del tranv\u00eda entre La Serena y Coquimbo"},"content":{"rendered":"\n<h4 class=\"has-vivid-red-color has-text-color wp-block-heading\"><strong>Autoridades ven\u00edan advirtiendo falta de espacios y reuniones para conocer los avances del proyecto, que en total considera US$313 millones para habilitar un veh\u00edculo el\u00e9ctrico ligero, tipo tranv\u00eda, que permit\u00eda reducir los tiempos de viaje y con ello facilitar los traslados de los habitantes de ambas ciudades.<\/strong><\/h4>\n\n\n\n<div class=\"wp-block-image\"><figure class=\"aligncenter size-large\"><img loading=\"lazy\" decoding=\"async\" width=\"1024\" height=\"540\" src=\"https:\/\/www.semanariotiempo.cl\/wp-content\/uploads\/2023\/05\/tranvia-de-coquimbo-la-serena-1024x540.jpg\" alt=\"\" class=\"wp-image-8220\" srcset=\"https:\/\/www.semanariotiempo.cl\/wp-content\/uploads\/2023\/05\/tranvia-de-coquimbo-la-serena-1024x540.jpg 1024w, https:\/\/www.semanariotiempo.cl\/wp-content\/uploads\/2023\/05\/tranvia-de-coquimbo-la-serena-300x158.jpg 300w, https:\/\/www.semanariotiempo.cl\/wp-content\/uploads\/2023\/05\/tranvia-de-coquimbo-la-serena-768x405.jpg 768w, https:\/\/www.semanariotiempo.cl\/wp-content\/uploads\/2023\/05\/tranvia-de-coquimbo-la-serena-696x367.jpg 696w, https:\/\/www.semanariotiempo.cl\/wp-content\/uploads\/2023\/05\/tranvia-de-coquimbo-la-serena-1068x563.jpg 1068w, https:\/\/www.semanariotiempo.cl\/wp-content\/uploads\/2023\/05\/tranvia-de-coquimbo-la-serena-796x420.jpg 796w, https:\/\/www.semanariotiempo.cl\/wp-content\/uploads\/2023\/05\/tranvia-de-coquimbo-la-serena.jpg 1200w\" sizes=\"auto, (max-width: 1024px) 100vw, 1024px\" \/><\/figure><\/div>\n\n\n\n<p class=\"wp-block-paragraph\">Y habr\u00e1 que esperar el pr\u00f3ximo a\u00f1o. Sin una comunicaci\u00f3n formal, ni comunicado, ni aviso a las autoridades -menos a la poblaci\u00f3n-, la Direcci\u00f3n de Concesiones del Ministerio de Obras P\u00fablicas (MOP) posterg\u00f3 para el pr\u00f3ximo a\u00f1o el llamado a licitaci\u00f3n del emblem\u00e1tico -y anhelado- proyecto de implementar un tranv\u00eda entre La Serena y Coquimbo.<br>A trav\u00e9s del sitio web de la unidad, se actualiz\u00f3 el estado de la iniciativa, que considera un total de US$313 millones para habilitar un veh\u00edculo el\u00e9ctrico ligero, tipo tranv\u00eda, que permit\u00eda reducir los tiempos de viaje y con ello facilitar los traslados de los habitantes de ambas ciudades.<br>El tranv\u00eda corresponde a un nuevo medio de transporte p\u00fablico, que permitir\u00e1 mejorar la conectividad de la conurbaci\u00f3n Coquimbo-La Serena. El trazado seleccionado conecta el centro de la ciudad-puerto (frente al actual Hospital San Pablo) y el centro de La Serena, con una extensi\u00f3n aproximada de 13,7 km. y 19 estaciones.<br>El plazo estimado de operaci\u00f3n de la concesi\u00f3n es a 30 a\u00f1os.<br>Autoridades de la zona ya ven\u00edan advirtiendo falta de espacios y reuniones para conocer sobre los avances del tranv\u00eda. Incluso, se hab\u00eda confirmado por esta administraci\u00f3n que el 2023 era el a\u00f1o para concretar el esperado llamado que deb\u00eda realizar el Ministerio de Obras P\u00fablicas para adjudicar, a un privado, la anhelada iniciativa.<\/p>\n\n\n\n<p class=\"wp-block-paragraph\">Hace algunos d\u00edas atr\u00e1s,. en la edici\u00f3n N\u00ba 1434 de Semanario Tiempo la gobernadora Krist Naranjo aseguraba que el proyecto segu\u00eda en pie y con sus plazos \u201ctal como estaba anunciado con anterioridad\u201d. \u201cLos plazos est\u00e1n corriendo de acuerdo a los tiempos que se requieren para la licitaci\u00f3n del tranv\u00eda este a\u00f1o\u201d, afirm\u00f3. La primera autoridad regional, incluso coment\u00f3 que \u201cnos hemos reunido en Santiago con el director de Concesiones, Juan Manuel S\u00e1nchez, y esperamos que pronto venga a la regi\u00f3n\u201d.<\/p>\n\n\n\n<p class=\"wp-block-paragraph\">Para el consejero regional Wladimir Pleticosic, presidente de la comisi\u00f3n de Ordenamiento Territorial, Planificaci\u00f3n e Infraestructura, dijo que \u201cdurante estos meses, exist\u00eda el compromiso de la realizaci\u00f3n de mesas de trabajo para sensibilizar y sociabilizar este proyecto, lo que, al d\u00eda de hoy, no ha ocurrido\u201d. \u201cComo consejo regional no hemos sido convocados a ninguna mesa, y en el ejecutivo, ni la Divisi\u00f3n de Planificaci\u00f3n ni la Divisi\u00f3n de Transporte e Infraestructura han sido convocadas a analizar este proyecto\u201d, enfatiz\u00f3.<br>\u201cHasta el momento, solo sabemos que el tranv\u00eda es un proyecto que viene, pero no existe claridad acerca de c\u00f3mo se insertar\u00e1 en el plan de transporte p\u00fablico del \u00e1rea metropolitana\u201d, agreg\u00f3.<\/p>\n\n\n\n<p class=\"wp-block-paragraph\">Para el alcalde de La Serena, Roberto Jacob, el tranv\u00eda \u201ces un proyecto muy importante para la conectividad de las dos comunas y creo que entre m\u00e1s r\u00e1pido se pueda ejecutar, es mejor para aumentar la calidad de vida de las personas\u201d.<br>\u201cSolo pedirles que trabajen con la mayor celeridad posible\u201d, manifestaba el jefe comunal, quien incluso solicitaba incluir al extenso sector de Las Compa\u00f1\u00edas en esta obra\u201d, considerando que \u00e9sta llegar\u00eda s\u00f3lo hasta la zona c\u00e9ntrica de La Serena.<\/p>\n","protected":false},"excerpt":{"rendered":"<p>Autoridades ven\u00edan advirtiendo falta de espacios y reuniones para conocer los avances del proyecto, que en total considera US$313 millones para habilitar un veh\u00edculo el\u00e9ctrico ligero, tipo tranv\u00eda, que permit\u00eda reducir los tiempos de viaje y con ello facilitar los traslados de los habitantes de ambas ciudades. Y habr\u00e1 que esperar el pr\u00f3ximo a\u00f1o. Sin [&hellip;]<\/p>\n","protected":false},"author":1,"featured_media":8220,"comment_status":"open","ping_status":"open","sticky":false,"template":"","format":"standard","meta":{"tdm_status":"","tdm_grid_status":"","footnotes":"","_wpscppro_dont_share_socialmedia":false,"_wpscppro_custom_social_share_image":0,"_facebook_share_type":"","_twitter_share_type":"","_linkedin_share_type":"","_pinterest_share_type":"","_linkedin_share_type_page":"","_instagram_share_type":"","_medium_share_type":"","_threads_share_type":"","_google_business_share_type":"","_bluesky_share_type":"","_mastodon_share_type":"","_selected_social_profile":[],"_wpsp_enable_custom_social_template":false,"_wpsp_social_scheduling":{"enabled":false,"datetime":null,"platforms":[],"status":"template_only","dateOption":"today","timeOption":"now","customDays":"","customHours":"","customDate":"","customTime":"","schedulingType":"absolute"},"_wpsp_active_default_template":true},"categories":[1],"tags":[8,5],"class_list":["post-8218","post","type-post","status-publish","format-standard","has-post-thumbnail","hentry","category-uncategorized","tag-marketing","tag-website"],"_links":{"self":[{"href":"https:\/\/www.semanariotiempo.cl\/index.php?rest_route=\/wp\/v2\/posts\/8218","targetHints":{"allow":["GET"]}}],"collection":[{"href":"https:\/\/www.semanariotiempo.cl\/index.php?rest_route=\/wp\/v2\/posts"}],"about":[{"href":"https:\/\/www.semanariotiempo.cl\/index.php?rest_route=\/wp\/v2\/types\/post"}],"author":[{"embeddable":true,"href":"https:\/\/www.semanariotiempo.cl\/index.php?rest_route=\/wp\/v2\/users\/1"}],"replies":[{"embeddable":true,"href":"https:\/\/www.semanariotiempo.cl\/index.php?rest_route=%2Fwp%2Fv2%2Fcomments&post=8218"}],"version-history":[{"count":0,"href":"https:\/\/www.semanariotiempo.cl\/index.php?rest_route=\/wp\/v2\/posts\/8218\/revisions"}],"wp:featuredmedia":[{"embeddable":true,"href":"https:\/\/www.semanariotiempo.cl\/index.php?rest_route=\/wp\/v2\/media\/8220"}],"wp:attachment":[{"href":"https:\/\/www.semanariotiempo.cl\/index.php?rest_route=%2Fwp%2Fv2%2Fmedia&parent=8218"}],"wp:term":[{"taxonomy":"category","embeddable":true,"href":"https:\/\/www.semanariotiempo.cl\/index.php?rest_route=%2Fwp%2Fv2%2Fcategories&post=8218"},{"taxonomy":"post_tag","embeddable":true,"href":"https:\/\/www.semanariotiempo.cl\/index.php?rest_route=%2Fwp%2Fv2%2Ftags&post=8218"}],"curies":[{"name":"wp","href":"https:\/\/api.w.org\/{rel}","templated":true}]}}