{"id":8182,"date":"2023-05-04T23:57:07","date_gmt":"2023-05-04T23:57:07","guid":{"rendered":"https:\/\/www.semanariotiempo.cl\/?p=8182"},"modified":"2023-05-04T23:57:08","modified_gmt":"2023-05-04T23:57:08","slug":"tranvia-sigue-en-pie-aunque-sin-reuniones-en-la-region-como-se-habia-anunciado","status":"publish","type":"post","link":"https:\/\/www.semanariotiempo.cl\/?p=8182","title":{"rendered":"Tranv\u00eda sigue en pie, aunque sin reuniones en la regi\u00f3n como se hab\u00eda anunciado"},"content":{"rendered":"\n<h4 class=\"has-vivid-red-color has-text-color wp-block-heading\"><strong>El ex ministro de Obras P\u00fablicas, Juan Carlos Garc\u00eda, anunci\u00f3 un \u201ctrabajo en conjunto\u201d a partir de marzo, el mismo mes en que \u00e9l fue cesado del cargo. A pesar de ello, la gobernadora Krist Naranjo asegura que los plazos siguen tal cual fueron anunciados: licitaci\u00f3n ser\u00eda en el segundo semestre.<\/strong><\/h4>\n\n\n\n<div class=\"wp-block-image\"><figure class=\"aligncenter size-large\"><img loading=\"lazy\" decoding=\"async\" width=\"1000\" height=\"566\" src=\"https:\/\/www.semanariotiempo.cl\/wp-content\/uploads\/2023\/05\/Foto-A-1.jpg\" alt=\"\" class=\"wp-image-8183\" srcset=\"https:\/\/www.semanariotiempo.cl\/wp-content\/uploads\/2023\/05\/Foto-A-1.jpg 1000w, https:\/\/www.semanariotiempo.cl\/wp-content\/uploads\/2023\/05\/Foto-A-1-300x170.jpg 300w, https:\/\/www.semanariotiempo.cl\/wp-content\/uploads\/2023\/05\/Foto-A-1-768x435.jpg 768w, https:\/\/www.semanariotiempo.cl\/wp-content\/uploads\/2023\/05\/Foto-A-1-696x394.jpg 696w, https:\/\/www.semanariotiempo.cl\/wp-content\/uploads\/2023\/05\/Foto-A-1-742x420.jpg 742w\" sizes=\"auto, (max-width: 1000px) 100vw, 1000px\" \/><\/figure><\/div>\n\n\n\n<p class=\"wp-block-paragraph\">\u201cA partir de marzo vamos a trabajar en conjunto\u201d dijo en los primeros d\u00edas de enero quien era ese entonces el ministro de Obras P\u00fablicas, Juan Carlos Garc\u00eda, en una reuni\u00f3n con la gobernadora Krist Naranjo, en Santiago. La ex autoridad se refer\u00eda al m\u00e1s importante proyecto vial de la regi\u00f3n de Coquimbo, el tranv\u00eda que unir\u00e1 a La Serena y la comuna-puerto y que involucra una inversi\u00f3n que supera los 300 millones de d\u00f3lares.<br>En los meses siguientes, sin embargo, no hubo reuniones y a\u00fan se espera el llamado a licitaci\u00f3n. Adem\u00e1s, en marzo, en el Ministerio de Obras P\u00fablicas, Juan Carlos Garc\u00eda fue reemplazado por Jessica L\u00f3pez, quien no se ha pronunciado p\u00fablicamente acerca de la iniciativa.<br>A pesar de todo, la gobernadora Krist Naranjo asegur\u00f3 que el proyecto sigue en pie y con sus plazos tal como estaba anunciado con anterioridad. \u201cLos plazos est\u00e1n corriendo de acuerdo a los tiempos que se requieren para la licitaci\u00f3n del tranv\u00eda este a\u00f1o\u201d, afirm\u00f3 consultada por Semanario Tiempo.<br>La primera autoridad regional coment\u00f3 que \u201cnos hemos reunido en Santiago con el director de Concesiones, Juan Manuel S\u00e1nchez, y esperamos que pronto venga a la regi\u00f3n\u201d.<br>Krist Naranjo ha destacado en forma constante la iniciativa vial. \u201cTendremos el primer Tranv\u00eda del pa\u00eds y tenemos que trabajar con los alcaldes de Coquimbo y La Serena porque es un proyecto transformador. El sistema de transporte va a cambiar enormemente\u201d, sentenci\u00f3.<\/p>\n\n\n\n<p class=\"wp-block-paragraph\"><strong>SIN REUNIONES EN LA REGI\u00d3N<\/strong><br>El proyecto del Tranv\u00eda involucra una inversi\u00f3n de 300 millones de d\u00f3lares y existe cierta inquietud porque no se ha concretado ninguna reuni\u00f3n en la zona, para sensibilizar a la comunidad y socializar la iniciativa.<br>Al respecto, el consejero regional Wladimir Pleticosic, presidente de la comisi\u00f3n de Ordenamiento Territorial, Planificaci\u00f3n e Infraestructura, dijo que \u201cdurante estos meses, exist\u00eda el compromiso de la realizaci\u00f3n de mesas de trabajo para sensibilizar y sociabilizar este proyecto, lo que, al d\u00eda de hoy, no ha ocurrido\u201d.<br>\u201cComo consejo regional no hemos sido convocados a ninguna mesa, y en el ejecutivo, ni la Divisi\u00f3n de Planificaci\u00f3n ni la Divisi\u00f3n de Transporte e Infraestructura han sido convocadas a analizar este proyecto\u201d, enfatiz\u00f3.<br>\u201cHasta el momento, solo sabemos que el tranv\u00eda es un proyecto que viene, pero no existe claridad acerca de c\u00f3mo se insertar\u00e1 en el plan de transporte p\u00fablico del \u00e1rea metropolitana\u201d, agreg\u00f3 el consejero Pleticosic.<br>En torno al mismo tema, el alcalde de La Serena, Roberto Jacob, se\u00f1al\u00f3 que el tranv\u00eda \u201ces un proyecto muy importante para la conectividad de las dos comunas y creo que entre m\u00e1s r\u00e1pido se pueda ejecutar, es mejor para aumentar la calidad de vida de las personas\u201d. Para el edil resulta necesario que La Serena y Coquimbo trabajen en forma conjunta sus planificaciones, especialmente en transporte y el \u00e1rea vial.<br>Jacob formul\u00f3 un llamado a las autoridades vinculadas con el tema. \u201cSolo pedirles que trabajen con la mayor celeridad posible y que puedan considerar incluir a Las Compa\u00f1\u00edas en esta obra\u201d, considerando que \u00e9sta llegar\u00eda s\u00f3lo hasta la zona centro de La Serena.<br>Como autoridad, expres\u00f3 que \u201cest\u00e1 dem\u00e1s decir que me pongo a disposici\u00f3n para colaborar en lo que requieran para apoyar el desarrollo de este anhelado proyecto, tanto para serenense y coquimbanos\u201d.<\/p>\n","protected":false},"excerpt":{"rendered":"<p>El ex ministro de Obras P\u00fablicas, Juan Carlos Garc\u00eda, anunci\u00f3 un \u201ctrabajo en conjunto\u201d a partir de marzo, el mismo mes en que \u00e9l fue cesado del cargo. A pesar de ello, la gobernadora Krist Naranjo asegura que los plazos siguen tal cual fueron anunciados: licitaci\u00f3n ser\u00eda en el segundo semestre. \u201cA partir de marzo [&hellip;]<\/p>\n","protected":false},"author":1,"featured_media":8183,"comment_status":"open","ping_status":"open","sticky":false,"template":"","format":"standard","meta":{"tdm_status":"","tdm_grid_status":"","footnotes":"","_wpscppro_dont_share_socialmedia":false,"_wpscppro_custom_social_share_image":0,"_facebook_share_type":"","_twitter_share_type":"","_linkedin_share_type":"","_pinterest_share_type":"","_linkedin_share_type_page":"","_instagram_share_type":"","_medium_share_type":"","_threads_share_type":"","_google_business_share_type":"","_bluesky_share_type":"","_mastodon_share_type":"","_selected_social_profile":[],"_wpsp_enable_custom_social_template":false,"_wpsp_social_scheduling":{"enabled":false,"datetime":null,"platforms":[],"status":"template_only","dateOption":"today","timeOption":"now","customDays":"","customHours":"","customDate":"","customTime":"","schedulingType":"absolute"},"_wpsp_active_default_template":true},"categories":[1],"tags":[8,28,5],"class_list":["post-8182","post","type-post","status-publish","format-standard","has-post-thumbnail","hentry","category-uncategorized","tag-marketing","tag-site-tips","tag-website"],"_links":{"self":[{"href":"https:\/\/www.semanariotiempo.cl\/index.php?rest_route=\/wp\/v2\/posts\/8182","targetHints":{"allow":["GET"]}}],"collection":[{"href":"https:\/\/www.semanariotiempo.cl\/index.php?rest_route=\/wp\/v2\/posts"}],"about":[{"href":"https:\/\/www.semanariotiempo.cl\/index.php?rest_route=\/wp\/v2\/types\/post"}],"author":[{"embeddable":true,"href":"https:\/\/www.semanariotiempo.cl\/index.php?rest_route=\/wp\/v2\/users\/1"}],"replies":[{"embeddable":true,"href":"https:\/\/www.semanariotiempo.cl\/index.php?rest_route=%2Fwp%2Fv2%2Fcomments&post=8182"}],"version-history":[{"count":0,"href":"https:\/\/www.semanariotiempo.cl\/index.php?rest_route=\/wp\/v2\/posts\/8182\/revisions"}],"wp:featuredmedia":[{"embeddable":true,"href":"https:\/\/www.semanariotiempo.cl\/index.php?rest_route=\/wp\/v2\/media\/8183"}],"wp:attachment":[{"href":"https:\/\/www.semanariotiempo.cl\/index.php?rest_route=%2Fwp%2Fv2%2Fmedia&parent=8182"}],"wp:term":[{"taxonomy":"category","embeddable":true,"href":"https:\/\/www.semanariotiempo.cl\/index.php?rest_route=%2Fwp%2Fv2%2Fcategories&post=8182"},{"taxonomy":"post_tag","embeddable":true,"href":"https:\/\/www.semanariotiempo.cl\/index.php?rest_route=%2Fwp%2Fv2%2Ftags&post=8182"}],"curies":[{"name":"wp","href":"https:\/\/api.w.org\/{rel}","templated":true}]}}