{"id":8176,"date":"2023-05-04T23:52:00","date_gmt":"2023-05-04T23:52:00","guid":{"rendered":"https:\/\/www.semanariotiempo.cl\/?p=8176"},"modified":"2023-05-04T23:52:01","modified_gmt":"2023-05-04T23:52:01","slug":"por-24-meses-y-sera-ejecutado-por-mineria-finalmente-aprueban-apoyo-para-pequenos-productores","status":"publish","type":"post","link":"https:\/\/www.semanariotiempo.cl\/?p=8176","title":{"rendered":"Por 24 meses y ser\u00e1 ejecutado por Miner\u00eda: finalmente aprueban apoyo  para peque\u00f1os productores"},"content":{"rendered":"\n<h4 class=\"has-vivid-red-color has-text-color wp-block-heading\"><strong>Un rev\u00e9s para la Gobernadora Krist Naranjo, qui\u00e9n buscaba que la iniciativa fuera implementada por el Gobierno Regional de Coquimbo. De igual manera, el proyecto consider\u00f3 el \u00edtem inicialmente propuesto por $1.598 millones, con cargo al presupuesto del Fondo Nacional de Desarrollo Regional (FNDR).<\/strong><\/h4>\n\n\n\n<div class=\"wp-block-image\"><figure class=\"aligncenter size-large\"><img loading=\"lazy\" decoding=\"async\" width=\"1024\" height=\"768\" src=\"https:\/\/www.semanariotiempo.cl\/wp-content\/uploads\/2023\/05\/Foto-2-1024x768.jpg\" alt=\"\" class=\"wp-image-8177\" srcset=\"https:\/\/www.semanariotiempo.cl\/wp-content\/uploads\/2023\/05\/Foto-2-1024x768.jpg 1024w, https:\/\/www.semanariotiempo.cl\/wp-content\/uploads\/2023\/05\/Foto-2-300x225.jpg 300w, https:\/\/www.semanariotiempo.cl\/wp-content\/uploads\/2023\/05\/Foto-2-768x576.jpg 768w, https:\/\/www.semanariotiempo.cl\/wp-content\/uploads\/2023\/05\/Foto-2-80x60.jpg 80w, https:\/\/www.semanariotiempo.cl\/wp-content\/uploads\/2023\/05\/Foto-2-265x198.jpg 265w, https:\/\/www.semanariotiempo.cl\/wp-content\/uploads\/2023\/05\/Foto-2-696x522.jpg 696w, https:\/\/www.semanariotiempo.cl\/wp-content\/uploads\/2023\/05\/Foto-2-1068x801.jpg 1068w, https:\/\/www.semanariotiempo.cl\/wp-content\/uploads\/2023\/05\/Foto-2-560x420.jpg 560w, https:\/\/www.semanariotiempo.cl\/wp-content\/uploads\/2023\/05\/Foto-2.jpg 1200w\" sizes=\"auto, (max-width: 1024px) 100vw, 1024px\" \/><\/figure><\/div>\n\n\n\n<p class=\"wp-block-paragraph\">Luego de casi un a\u00f1o de una compleja tramitaci\u00f3n -que incluy\u00f3 manifestaciones en las calles, dimes y diretes entre autoridades, declaraciones cruzadas en medios de comunicaci\u00f3n e irrupciones en reuniones- el Consejo Regional (CORE) de Coquimbo aprob\u00f3 (de manera un\u00e1nime) el programa \u201cTransferencia de desarrollo sostenible de la miner\u00eda de menor escala de la regi\u00f3n de Coquimbo\u201d, que considera un monto total de $1.598 millones, ejecutado por un periodo de dos a\u00f1os.<br>Durante la sesi\u00f3n de acuerdo no estuvo presente la Gobernadora Krist Naranjo, m\u00e1xima autoridad de la zona que hab\u00eda manifestado su inter\u00e9s que fuera el Gobierno Regional de Coquimbo el organismo que implementara la medida, al contrario de la Secretar\u00eda Regional Ministerial de Miner\u00eda. La instancia fue presidida por el consejero regional, Javier Vega.<br>Sin embargo, el convenio del cuerpo colegiado agreg\u00f3 que fuera la cartera sectorial quien ejecutar\u00e1 el proyecto. La iniciativa entr\u00f3 esta semana a la comisi\u00f3n de Miner\u00eda, Energ\u00eda y Medio Ambiente del CORE, siendo analizada por consejeros y profesionales de la divisi\u00f3n de Planificaci\u00f3n y Desarrollo del Gobierno Regional, la seremi de Miner\u00eda, Constanza Espinosa, y la participaci\u00f3n virtual de la jefa de la divisi\u00f3n de Fomento del Ministerio de Miner\u00eda, Marlene S\u00e1nchez.<br>\u201cEste proyecto de transferencia de recursos para la peque\u00f1a miner\u00eda lo ven\u00edamos esperando desde junio del a\u00f1o pasado, y por diversas dificultades no hab\u00eda sido posible traerlo al consejo para votarlo. Estos recursos y el apoyo de profesionales permitir\u00e1n mejorar la calidad de vida de los mineros de la regi\u00f3n de Coquimbo\u201d, se\u00f1al\u00f3 el consejero Pedro Valencia, presidente de la comisi\u00f3n de Medio Ambiente.<br>Por su parte, la gobernadora Naranjo indic\u00f3 que \u201cse hizo tal como lo solicitamos desde el primer momento, que fue reingresar la iniciativa con la modificaci\u00f3n estipulada por la restricci\u00f3n en la glosa que observ\u00f3 la Direcci\u00f3n de Presupuestos (DIPRES). Agradezco la voluntad de la ministra de Miner\u00eda (Marcela Hermando) de escucharme, entender y apurar este proceso de reformulaci\u00f3n del programa y as\u00ed continuar trabajando en conjunto\u201d.<br>\u201cAhora ya est\u00e1 aprobado por el Consejo Regional y esta inversi\u00f3n ser\u00e1 un apoyo fundamental para la peque\u00f1a miner\u00eda que estaba esperando con ansias este programa. Desde el Gobierno Regional seguiremos trabajando y reforzando nuestro compromiso con la peque\u00f1a miner\u00eda\u201d, declar\u00f3.<\/p>\n\n\n\n<p class=\"wp-block-paragraph\"><strong>El proyecto<\/strong><br>El proyecto ser\u00e1 administrado por la Secretar\u00eda Regional Ministerial de Miner\u00eda, por un periodo de 24 meses, y busca contribuir a mejorar las condiciones de seguridad y productividad de la minera de peque\u00f1a y artesanal escala met\u00e1lica y no met\u00e1lica de la eegi\u00f3n de Coquimbo, incluyendo componentes de sostenibilidad y trabajo seguro, contribuyendo positiva y significativa al desarrollo de la actividad en todas las etapas y ciclo minero de la regi\u00f3n.<br>Los recursos provienen desde el Fondo Nacional de Desarrollo Regional (FNDR) y contempla cuatro componentes: el desarrollo sostenible de la miner\u00eda; la asistencia t\u00e9cnica legal e integral; la transferencia de conocimiento y fortalecimiento del talento humano minero, y el Fondo de inversi\u00f3n minera.<br>Vega, por su parte, dijo que luego de la experiencia que dej\u00f3 el anterior proyecto, actualmente en juicio por fraude, lo \u00fanico que resta es pedir a la seremi de Miner\u00eda velar por la transparencia en el desarrollo de esta iniciativa, para que no sucedan hechos como los ya conocidos y que perjudic\u00f3 el normal desarrollo de este proyecto.<br>\u201cNosotros en una oportunidad solicitamos al Ministerio de Miner\u00eda que aportara recursos para cuando pasen estas situaciones. Recordemos que este proyecto se trab\u00f3 porque hubo un fraude al fisco que est\u00e1 en investigaci\u00f3n, por eso que estuvimos un a\u00f1o esperando que saliera. Si todo se hubiese hecho bien, no estar\u00edamos en esta situaci\u00f3n\u201d, se\u00f1al\u00f3.<br>La seremi de miner\u00eda, Costanza Espinosa, acogi\u00f3 el mensaje y calific\u00f3 el proceso como \u201cmarat\u00f3nico\u201d. \u201cGracias a este programa vamos a poder regularizar con mayor velocidad la situaci\u00f3n de cada minero, porque las personas necesitan trabajar con los m\u00ednimos est\u00e1ndares de seguridad y, para eso, necesitan estar regularizados. Este programa nos va a permitir la contrataci\u00f3n de profesionales que les d\u00e9 asistencia t\u00e9cnica y jur\u00eddica, otorg\u00e1ndoles estabilidad\u201d subray\u00f3.<br>Por su parte, la jefa de la Divisi\u00f3n de Fomento del Ministerio de Miner\u00eda, Marlene S\u00e1nchez, destac\u00f3 el compromiso de los consejeros regionales con la peque\u00f1a miner\u00eda regional, argumentando que estos cumplen un rol fundamental en el desarrollo econ\u00f3mico y social a nivel local, y que \u201cabandonarlos es provocarles un gran da\u00f1o\u201d.<br>Cabe consignar que el proyecto cuenta con el pronunciamiento favorable de la Contralor\u00eda General de la Rep\u00fablica, faltando solamente la toma de raz\u00f3n, en tanto el pronunciamiento de la DIPRES est\u00e1 vigente desde el 23 de febrero de 2023, de manera que lo \u00fanico que estaba faltando era su aprobaci\u00f3n de parte del Consejo Regional, para concluir el proceso para su ejecuci\u00f3n.<\/p>\n","protected":false},"excerpt":{"rendered":"<p>Un rev\u00e9s para la Gobernadora Krist Naranjo, qui\u00e9n buscaba que la iniciativa fuera implementada por el Gobierno Regional de Coquimbo. De igual manera, el proyecto consider\u00f3 el \u00edtem inicialmente propuesto por $1.598 millones, con cargo al presupuesto del Fondo Nacional de Desarrollo Regional (FNDR). Luego de casi un a\u00f1o de una compleja tramitaci\u00f3n -que incluy\u00f3 [&hellip;]<\/p>\n","protected":false},"author":1,"featured_media":8177,"comment_status":"open","ping_status":"open","sticky":false,"template":"","format":"standard","meta":{"tdm_status":"","tdm_grid_status":"","footnotes":"","_wpscppro_dont_share_socialmedia":false,"_wpscppro_custom_social_share_image":0,"_facebook_share_type":"","_twitter_share_type":"","_linkedin_share_type":"","_pinterest_share_type":"","_linkedin_share_type_page":"","_instagram_share_type":"","_medium_share_type":"","_threads_share_type":"","_google_business_share_type":"","_bluesky_share_type":"","_mastodon_share_type":"","_selected_social_profile":[],"_wpsp_enable_custom_social_template":false,"_wpsp_social_scheduling":{"enabled":false,"datetime":null,"platforms":[],"status":"template_only","dateOption":"today","timeOption":"now","customDays":"","customHours":"","customDate":"","customTime":"","schedulingType":"absolute"},"_wpsp_active_default_template":true},"categories":[1],"tags":[8],"class_list":["post-8176","post","type-post","status-publish","format-standard","has-post-thumbnail","hentry","category-uncategorized","tag-marketing"],"_links":{"self":[{"href":"https:\/\/www.semanariotiempo.cl\/index.php?rest_route=\/wp\/v2\/posts\/8176","targetHints":{"allow":["GET"]}}],"collection":[{"href":"https:\/\/www.semanariotiempo.cl\/index.php?rest_route=\/wp\/v2\/posts"}],"about":[{"href":"https:\/\/www.semanariotiempo.cl\/index.php?rest_route=\/wp\/v2\/types\/post"}],"author":[{"embeddable":true,"href":"https:\/\/www.semanariotiempo.cl\/index.php?rest_route=\/wp\/v2\/users\/1"}],"replies":[{"embeddable":true,"href":"https:\/\/www.semanariotiempo.cl\/index.php?rest_route=%2Fwp%2Fv2%2Fcomments&post=8176"}],"version-history":[{"count":0,"href":"https:\/\/www.semanariotiempo.cl\/index.php?rest_route=\/wp\/v2\/posts\/8176\/revisions"}],"wp:featuredmedia":[{"embeddable":true,"href":"https:\/\/www.semanariotiempo.cl\/index.php?rest_route=\/wp\/v2\/media\/8177"}],"wp:attachment":[{"href":"https:\/\/www.semanariotiempo.cl\/index.php?rest_route=%2Fwp%2Fv2%2Fmedia&parent=8176"}],"wp:term":[{"taxonomy":"category","embeddable":true,"href":"https:\/\/www.semanariotiempo.cl\/index.php?rest_route=%2Fwp%2Fv2%2Fcategories&post=8176"},{"taxonomy":"post_tag","embeddable":true,"href":"https:\/\/www.semanariotiempo.cl\/index.php?rest_route=%2Fwp%2Fv2%2Ftags&post=8176"}],"curies":[{"name":"wp","href":"https:\/\/api.w.org\/{rel}","templated":true}]}}