{"id":8173,"date":"2023-05-04T23:49:05","date_gmt":"2023-05-04T23:49:05","guid":{"rendered":"https:\/\/www.semanariotiempo.cl\/?p=8173"},"modified":"2023-05-04T23:49:05","modified_gmt":"2023-05-04T23:49:05","slug":"evelyn-matthei-estoy-convencida-que-se-requieren-algunos-cambios-en-la-constitucion-pocos-pero-algunos","status":"publish","type":"post","link":"https:\/\/www.semanariotiempo.cl\/?p=8173","title":{"rendered":"Evelyn Matthei: \u201cEstoy convencida que se requieren algunos cambios en la Constituci\u00f3n, pocos, pero algunos\u201d"},"content":{"rendered":"\n<h4 class=\"has-vivid-red-color has-text-color wp-block-heading\"><strong>La Alcaldesa de Providencia estuvo apoyando a los candidatas y candidatos de la lista Chile Seguro que estar\u00e1n en la papeleta el 07 de mayo. En su paso, convers\u00f3 sobre la delincuencia, quiz\u00e1s tema que m\u00e1s acompleja a la sociedad hoy, y las \u00faltimas medidas adoptadas por el Gobierno. La ex senadora de la regi\u00f3n de Coquimbo tambi\u00e9n evalu\u00f3 al Ejecutivo y habl\u00f3 sobre su eventual carrera presidencial.<\/strong><\/h4>\n\n\n\n<div class=\"wp-block-image\"><figure class=\"aligncenter size-large\"><img loading=\"lazy\" decoding=\"async\" width=\"1024\" height=\"461\" src=\"https:\/\/www.semanariotiempo.cl\/wp-content\/uploads\/2023\/05\/Evelyn-Matthei-1-1024x461.jpg\" alt=\"\" class=\"wp-image-8174\" srcset=\"https:\/\/www.semanariotiempo.cl\/wp-content\/uploads\/2023\/05\/Evelyn-Matthei-1-1024x461.jpg 1024w, https:\/\/www.semanariotiempo.cl\/wp-content\/uploads\/2023\/05\/Evelyn-Matthei-1-300x135.jpg 300w, https:\/\/www.semanariotiempo.cl\/wp-content\/uploads\/2023\/05\/Evelyn-Matthei-1-768x346.jpg 768w, https:\/\/www.semanariotiempo.cl\/wp-content\/uploads\/2023\/05\/Evelyn-Matthei-1-696x313.jpg 696w, https:\/\/www.semanariotiempo.cl\/wp-content\/uploads\/2023\/05\/Evelyn-Matthei-1-1068x481.jpg 1068w, https:\/\/www.semanariotiempo.cl\/wp-content\/uploads\/2023\/05\/Evelyn-Matthei-1-933x420.jpg 933w, https:\/\/www.semanariotiempo.cl\/wp-content\/uploads\/2023\/05\/Evelyn-Matthei-1.jpg 1200w\" sizes=\"auto, (max-width: 1024px) 100vw, 1024px\" \/><\/figure><\/div>\n\n\n\n<p class=\"wp-block-paragraph\">Intersecci\u00f3n de las avenidas Ra\u00fal Bitr\u00e1n y Guillermo Ulriksen, en La Serena, y no hay cartel de los candidatos y candidatas de la lista \u201cChile Seguro\u201d, al Consejo Constitucional, que no tenga su imagen como figura de apoyo, para posicionarse en la decisi\u00f3n que deber\u00e1n adoptar los electores el pr\u00f3ximo 07 de mayo.<br>Ex senadora por la regi\u00f3n de Coquimbo y ex ministra del Trabajo durante la administraci\u00f3n del primer gobierno de Sebasti\u00e1n Pi\u00f1era, Evelyn Matthei es una de las figuras pol\u00edticas mejor evaluadas por sondeos de opini\u00f3n, que la levantan incluso como futura carta presidencial, una vez que tenga que dejar el cargo el presidente de la Rep\u00fablica, Gabriel Boric.<br>Militante de la UDI, la economista entra de lleno a la arena pol\u00edtica: \u201cLo que pasa es que la gente qued\u00f3 vacunada por la irresponsabilidad brutal que exhibi\u00f3 la anterior Convenci\u00f3n Constituyente. Fue tan horroroso lo que vimos ah\u00ed y fue tal la sensaci\u00f3n de gastadero de plata in\u00fatil, con personas que iban disfrazadas, otros que fing\u00edan estar enfermos y otros que no dejaban hablar, y con la locura que nos presentaron, que efectivamente la gente qued\u00f3 como vacunada\u201d, introdujo.<br>\u201cEstoy convencida que se requieren algunos cambios en la Constituci\u00f3n, pocos, pero algunos, y hay dos que a mi particularmente me interesan mucho. Uno es que las regiones puedan tener un poco m\u00e1s de poder y m\u00e1s plata propia, porque acabo de estar en Arica y all\u00e1 el tema de inmigraci\u00f3n descontrolada ya es un problema hace muchos a\u00f1os\u201d.<br>\u201cTuvieron que pasar muchos a\u00f1os y que en Santiago empezara a morir gente para que se dieran cuenta que hab\u00eda un problema, en cambio, si la propia regi\u00f3n pudiera haber tomado medidas, lo habr\u00eda hecho hace mucho tiempo. As\u00ed que creo que hay que darles m\u00e1s poder a las regiones\u201d, a\u00f1adi\u00f3.<br>Matthei sostuvo adem\u00e1s que otro aspecto a considerar es la ingobernabilidad con 20 partidos pol\u00edticos en el Congreso Nacional. \u201cEs imposible gobernar, para cualquier presidente. Entonces, hay un extremo que quiere cambiarlo todo, y hay otro extremo que no quiere cambiar nada, y ninguno de los dos son buenos para el pa\u00eds\u201d.<br>\u201cYo se\u00f1alo es que, en esto, como en todo, hay que ser sensatos y no hay que (virar) a los extremos\u201d, agreg\u00f3.<\/p>\n\n\n\n<p class=\"wp-block-paragraph\"><strong>\u00bfCu\u00e1l es su mirada de la crisis de seguridad que est\u00e1 viviendo el pa\u00eds?<\/strong><br>\u201cLa verdad es que el gobierno no entiende c\u00f3mo enfrentar esta crisis de seguridad, est\u00e1n buscando medidas r\u00e1pidas y f\u00e1ciles, pero as\u00ed no funciona. Ac\u00e1, se requieren aproximadamente diez medidas, cada una urgente e importante, adem\u00e1s de un director de orquesta que pueda coordinar todas ellas. Esto es igual a una cadena, si hay alg\u00fan eslab\u00f3n d\u00e9bil, se va a cortar, y ac\u00e1 se requiere una pol\u00edtica carcelaria distinta, cerrar las fronteras, repatriar a todos los que se requieran, expulsar a todos los que se pillan delinquiendo, invertir las poblaciones, donde sabemos que se est\u00e1n produciendo muchos delincuentes, adem\u00e1s de reforzar Carabineros y la PDI. Son medidas que se requieren y no se est\u00e1n tomando\u201d.<\/p>\n\n\n\n<p class=\"wp-block-paragraph\"><strong>\u00bfQu\u00e9 an\u00e1lisis hizo del plan calles sin violencias?<\/strong><br>\u201cTengo una mala opini\u00f3n, porque, por ejemplo, Providencia no est\u00e1 dentro de ese plan. Entonces, lo m\u00e1s probable es que nos van a quitar Carabineros y que lleguen m\u00e1s delincuentes, porque los que est\u00e1n hoy en los barrios que tendr\u00e1n mayor vigilancia, se ir\u00e1n a donde hay menos vigilancia\u201d.<\/p>\n\n\n\n<p class=\"wp-block-paragraph\"><strong>\u00bfY el rol de los municipios, por d\u00f3nde deber\u00eda ir en materia de seguridad?<\/strong><br>\u201cEl a\u00f1o pasado, nuestros guardias municipales detuvieron a 850 delincuentes, o sea que estamos poniendo nuestra parte, pero antes de ayer mataron a un guardia (municipal) en Macul, y el drama es que no tenemos ni siquiera como poder contratarlos en forma razonable. Las municipalidades podemos jugar un rol importante, pero nos tienen que dar las facultades y un poco m\u00e1s de dinero, no en Providencia, pero hay municipalidades que no tienen la plata\u201d.<\/p>\n\n\n\n<p class=\"wp-block-paragraph\"><strong>\u00bfQu\u00e9 salida le ve a esta crisis de seguridad?<\/strong><br>\u201cEsta crisis de seguridad se va a demorar mucho tiempo en revertirse, que nadie crea que esto va a ser r\u00e1pido, ni f\u00e1cil, o que con una o dos medidas basta, requieren cerca de 10 y son todas grandes y costosas. Y habr\u00e1n m\u00e1s muertes, de lado y lado, porque se dej\u00f3 avanzar demasiado, ya que los que hoy est\u00e1n en el gobierno se opusieron durante a\u00f1os a que se tomara cualquier medida que permitiera frenar la inmigraci\u00f3n descontrolada, el narcotr\u00e1fico y el crimen organizado\u201d.<\/p>\n\n\n\n<p class=\"wp-block-paragraph\"><strong>\u00bfC\u00f3mo se toma el respaldo de las encuestas a una eventual carrera presidencia?<\/strong><br>\u201cTla suerte de liderar un equipo espectacular en Providencia, con buena gente en seguridad ciudadana. Creo que la buena evaluaci\u00f3n se debe a que la gente en Providencia, (piensa que) estamos haciendo bien las cosas. Pero, obviamente, para m\u00ed es muy grato, y agradezco del alma ese cari\u00f1o, que adem\u00e1s lo siento en la calle. Pero soy alcaldesa, y no me parece que sea justo hacia la gente de Providencia, que ande candidate\u00e1ndome, me parece de muy mal gusto, no se debe hacer, y cuando una toma las cosas enserio, se deben hacer las cosas para las cuales te mandataron\u201d.<\/p>\n","protected":false},"excerpt":{"rendered":"<p>La Alcaldesa de Providencia estuvo apoyando a los candidatas y candidatos de la lista Chile Seguro que estar\u00e1n en la papeleta el 07 de mayo. En su paso, convers\u00f3 sobre la delincuencia, quiz\u00e1s tema que m\u00e1s acompleja a la sociedad hoy, y las \u00faltimas medidas adoptadas por el Gobierno. La ex senadora de la regi\u00f3n [&hellip;]<\/p>\n","protected":false},"author":1,"featured_media":8174,"comment_status":"open","ping_status":"open","sticky":false,"template":"","format":"standard","meta":{"tdm_status":"","tdm_grid_status":"","footnotes":"","_wpscppro_dont_share_socialmedia":false,"_wpscppro_custom_social_share_image":0,"_facebook_share_type":"","_twitter_share_type":"","_linkedin_share_type":"","_pinterest_share_type":"","_linkedin_share_type_page":"","_instagram_share_type":"","_medium_share_type":"","_threads_share_type":"","_google_business_share_type":"","_bluesky_share_type":"","_mastodon_share_type":"","_selected_social_profile":[],"_wpsp_enable_custom_social_template":false,"_wpsp_social_scheduling":{"enabled":false,"datetime":null,"platforms":[],"status":"template_only","dateOption":"today","timeOption":"now","customDays":"","customHours":"","customDate":"","customTime":"","schedulingType":"absolute"},"_wpsp_active_default_template":true},"categories":[1],"tags":[8],"class_list":["post-8173","post","type-post","status-publish","format-standard","has-post-thumbnail","hentry","category-uncategorized","tag-marketing"],"_links":{"self":[{"href":"https:\/\/www.semanariotiempo.cl\/index.php?rest_route=\/wp\/v2\/posts\/8173","targetHints":{"allow":["GET"]}}],"collection":[{"href":"https:\/\/www.semanariotiempo.cl\/index.php?rest_route=\/wp\/v2\/posts"}],"about":[{"href":"https:\/\/www.semanariotiempo.cl\/index.php?rest_route=\/wp\/v2\/types\/post"}],"author":[{"embeddable":true,"href":"https:\/\/www.semanariotiempo.cl\/index.php?rest_route=\/wp\/v2\/users\/1"}],"replies":[{"embeddable":true,"href":"https:\/\/www.semanariotiempo.cl\/index.php?rest_route=%2Fwp%2Fv2%2Fcomments&post=8173"}],"version-history":[{"count":0,"href":"https:\/\/www.semanariotiempo.cl\/index.php?rest_route=\/wp\/v2\/posts\/8173\/revisions"}],"wp:featuredmedia":[{"embeddable":true,"href":"https:\/\/www.semanariotiempo.cl\/index.php?rest_route=\/wp\/v2\/media\/8174"}],"wp:attachment":[{"href":"https:\/\/www.semanariotiempo.cl\/index.php?rest_route=%2Fwp%2Fv2%2Fmedia&parent=8173"}],"wp:term":[{"taxonomy":"category","embeddable":true,"href":"https:\/\/www.semanariotiempo.cl\/index.php?rest_route=%2Fwp%2Fv2%2Fcategories&post=8173"},{"taxonomy":"post_tag","embeddable":true,"href":"https:\/\/www.semanariotiempo.cl\/index.php?rest_route=%2Fwp%2Fv2%2Ftags&post=8173"}],"curies":[{"name":"wp","href":"https:\/\/api.w.org\/{rel}","templated":true}]}}