{"id":8165,"date":"2023-05-03T00:44:54","date_gmt":"2023-05-03T00:44:54","guid":{"rendered":"https:\/\/www.semanariotiempo.cl\/?p=8165"},"modified":"2023-05-03T00:44:55","modified_gmt":"2023-05-03T00:44:55","slug":"seguridad-senador-walker-patrocina-proyecto-para-facultar-presencia-de-fuerzas-armadas-en-sectores-criticos","status":"publish","type":"post","link":"https:\/\/www.semanariotiempo.cl\/?p=8165","title":{"rendered":"Seguridad: Senador Walker patrocina proyecto para  facultar presencia de Fuerzas Armadas en sectores cr\u00edticos"},"content":{"rendered":"\n<h4 class=\"has-vivid-red-color has-text-color wp-block-heading\"><strong>La iniciativa legislativa modifica la ley 18.415 Org\u00e1nica Constitucional de los Estados de Excepci\u00f3n introduciendo un art\u00edculo \u00fanico que establece que \u201ctambi\u00e9n se podr\u00e1 decretar el Estado de Emergencia, en caso de grave alteraci\u00f3n del orden p\u00fablico o de grave da\u00f1o para la seguridad de la Naci\u00f3n\u201d.<\/strong><\/h4>\n\n\n\n<div class=\"wp-block-image\"><figure class=\"aligncenter size-large\"><img loading=\"lazy\" decoding=\"async\" width=\"1024\" height=\"716\" src=\"https:\/\/www.semanariotiempo.cl\/wp-content\/uploads\/2023\/05\/walker-1024x716.jpg\" alt=\"\" class=\"wp-image-8166\" srcset=\"https:\/\/www.semanariotiempo.cl\/wp-content\/uploads\/2023\/05\/walker-1024x716.jpg 1024w, https:\/\/www.semanariotiempo.cl\/wp-content\/uploads\/2023\/05\/walker-300x210.jpg 300w, https:\/\/www.semanariotiempo.cl\/wp-content\/uploads\/2023\/05\/walker-768x537.jpg 768w, https:\/\/www.semanariotiempo.cl\/wp-content\/uploads\/2023\/05\/walker-100x70.jpg 100w, https:\/\/www.semanariotiempo.cl\/wp-content\/uploads\/2023\/05\/walker-696x487.jpg 696w, https:\/\/www.semanariotiempo.cl\/wp-content\/uploads\/2023\/05\/walker-1068x747.jpg 1068w, https:\/\/www.semanariotiempo.cl\/wp-content\/uploads\/2023\/05\/walker-601x420.jpg 601w, https:\/\/www.semanariotiempo.cl\/wp-content\/uploads\/2023\/05\/walker.jpg 1080w\" sizes=\"auto, (max-width: 1024px) 100vw, 1024px\" \/><\/figure><\/div>\n\n\n\n<p class=\"wp-block-paragraph\">Un grupo de senadores encabezados por Paulina N\u00fa\u00f1ez presentaron un proyecto que reforma la Ley Org\u00e1nica Constitucional de los Estados de Excepci\u00f3n y faculta al presidente de la Rep\u00fablica, Gabriel Boric, para incorporar a las Fuerzas Armadas en la tarea de proteger sectores cr\u00edticos para hacer frente al narcotr\u00e1fico y el crimen organizado.<br>El proyecto modifica la ley 18.415 Org\u00e1nica Constitucional de los Estados de Excepci\u00f3n introduciendo un art\u00edculo \u00fanico que establece que \u201ctambi\u00e9n se podr\u00e1 decretar el Estado de Emergencia, en caso de grave alteraci\u00f3n del orden p\u00fablico o de grave da\u00f1o para la seguridad de la Naci\u00f3n, cuando se ponga en peligro la integridad territorial de la Rep\u00fablica, la integridad f\u00edsica, la vida y la seguridad personal de los trabajadores y de las personas que viven en zonas extremas o fronterizas, entendiendo que en estos casos se afecta gravemente el normal desenvolvimiento de las instituciones del Estado\u201d.<br>Para el senador de la regi\u00f3n de Coquimbo, Mat\u00edas Walker, quien patrocin\u00f3 la iniciativa legal, si bien efectivamente el caso de Calama es el m\u00e1s evidente, ciudad donde se registraron balaceras en una unidad policial y en el terminal de buses, \u201cnosotros queremos proteger la regi\u00f3n de Coquimbo, el valle de Quilimar\u00ed, en la comuna de Los Vilos, donde hoy existe la mayor cantidad de plantaciones de marihuana por el narcotr\u00e1fico, y eso est\u00e1 ligado a hechos de violencia, secuestros, extorsiones, sicariato. Nosotros decimos no m\u00e1s. A problemas especiales, soluciones especiales, y esta es una propuesta que ponemos a disposici\u00f3n del senado y el Congreso.<br>Record\u00f3 que el Gobierno con una indicaci\u00f3n permiti\u00f3 la presencia de las Fuerzas Armadas en zonas fronterizas en el proyecto de infraestructura cr\u00edtica y que \u201cdonde existe la misma raz\u00f3n debe existir la misma disposici\u00f3n\u201d. Por lo tanto, que la norma es de toda l\u00f3gica para el restablecimiento de la seguridad.<br>\u201cHacemos un llamado al Gobierno, as\u00ed como apoyamos en aquella oportunidad el restablecimiento de las Fuerzas Armadas en zonas fronterizas, que apoye este proyecto liderado por la senadora Paulina N\u00fa\u00f1ez\u201d, sentenci\u00f3.<\/p>\n","protected":false},"excerpt":{"rendered":"<p>La iniciativa legislativa modifica la ley 18.415 Org\u00e1nica Constitucional de los Estados de Excepci\u00f3n introduciendo un art\u00edculo \u00fanico que establece que \u201ctambi\u00e9n se podr\u00e1 decretar el Estado de Emergencia, en caso de grave alteraci\u00f3n del orden p\u00fablico o de grave da\u00f1o para la seguridad de la Naci\u00f3n\u201d. Un grupo de senadores encabezados por Paulina N\u00fa\u00f1ez [&hellip;]<\/p>\n","protected":false},"author":1,"featured_media":8166,"comment_status":"open","ping_status":"open","sticky":false,"template":"","format":"standard","meta":{"tdm_status":"","tdm_grid_status":"","footnotes":"","_wpscppro_dont_share_socialmedia":false,"_wpscppro_custom_social_share_image":0,"_facebook_share_type":"","_twitter_share_type":"","_linkedin_share_type":"","_pinterest_share_type":"","_linkedin_share_type_page":"","_instagram_share_type":"","_medium_share_type":"","_threads_share_type":"","_google_business_share_type":"","_bluesky_share_type":"","_mastodon_share_type":"","_selected_social_profile":[],"_wpsp_enable_custom_social_template":false,"_wpsp_social_scheduling":{"enabled":false,"datetime":null,"platforms":[],"status":"template_only","dateOption":"today","timeOption":"now","customDays":"","customHours":"","customDate":"","customTime":"","schedulingType":"absolute"},"_wpsp_active_default_template":true},"categories":[1],"tags":[8],"class_list":["post-8165","post","type-post","status-publish","format-standard","has-post-thumbnail","hentry","category-uncategorized","tag-marketing"],"_links":{"self":[{"href":"https:\/\/www.semanariotiempo.cl\/index.php?rest_route=\/wp\/v2\/posts\/8165","targetHints":{"allow":["GET"]}}],"collection":[{"href":"https:\/\/www.semanariotiempo.cl\/index.php?rest_route=\/wp\/v2\/posts"}],"about":[{"href":"https:\/\/www.semanariotiempo.cl\/index.php?rest_route=\/wp\/v2\/types\/post"}],"author":[{"embeddable":true,"href":"https:\/\/www.semanariotiempo.cl\/index.php?rest_route=\/wp\/v2\/users\/1"}],"replies":[{"embeddable":true,"href":"https:\/\/www.semanariotiempo.cl\/index.php?rest_route=%2Fwp%2Fv2%2Fcomments&post=8165"}],"version-history":[{"count":0,"href":"https:\/\/www.semanariotiempo.cl\/index.php?rest_route=\/wp\/v2\/posts\/8165\/revisions"}],"wp:featuredmedia":[{"embeddable":true,"href":"https:\/\/www.semanariotiempo.cl\/index.php?rest_route=\/wp\/v2\/media\/8166"}],"wp:attachment":[{"href":"https:\/\/www.semanariotiempo.cl\/index.php?rest_route=%2Fwp%2Fv2%2Fmedia&parent=8165"}],"wp:term":[{"taxonomy":"category","embeddable":true,"href":"https:\/\/www.semanariotiempo.cl\/index.php?rest_route=%2Fwp%2Fv2%2Fcategories&post=8165"},{"taxonomy":"post_tag","embeddable":true,"href":"https:\/\/www.semanariotiempo.cl\/index.php?rest_route=%2Fwp%2Fv2%2Ftags&post=8165"}],"curies":[{"name":"wp","href":"https:\/\/api.w.org\/{rel}","templated":true}]}}