{"id":8139,"date":"2023-05-01T23:47:58","date_gmt":"2023-05-01T23:47:58","guid":{"rendered":"https:\/\/www.semanariotiempo.cl\/?p=8139"},"modified":"2023-05-01T23:47:58","modified_gmt":"2023-05-01T23:47:58","slug":"destacan-exitoso-proyecto-de-reforestacion-y-educacion-ambiental-en-ovalle-coquimbo-y-canela","status":"publish","type":"post","link":"https:\/\/www.semanariotiempo.cl\/?p=8139","title":{"rendered":"Destacan exitoso proyecto de reforestaci\u00f3n y educaci\u00f3n ambiental en Ovalle, Coquimbo y Canela"},"content":{"rendered":"\n<h4 class=\"has-vivid-red-color has-text-color wp-block-heading\"><strong>Financiado por el Gobierno Regional y ejecutado por la Universidad Cat\u00f3lica del Norte, busca implementar en estas primeras zonas un modelo sostenible para el cuidado del medio ambiente.<\/strong><\/h4>\n\n\n\n<div class=\"wp-block-image\"><figure class=\"aligncenter size-large\"><img loading=\"lazy\" decoding=\"async\" width=\"800\" height=\"533\" src=\"https:\/\/www.semanariotiempo.cl\/wp-content\/uploads\/2023\/05\/2J9A5129.jpg\" alt=\"\" class=\"wp-image-8140\" srcset=\"https:\/\/www.semanariotiempo.cl\/wp-content\/uploads\/2023\/05\/2J9A5129.jpg 800w, https:\/\/www.semanariotiempo.cl\/wp-content\/uploads\/2023\/05\/2J9A5129-300x200.jpg 300w, https:\/\/www.semanariotiempo.cl\/wp-content\/uploads\/2023\/05\/2J9A5129-768x512.jpg 768w, https:\/\/www.semanariotiempo.cl\/wp-content\/uploads\/2023\/05\/2J9A5129-696x464.jpg 696w, https:\/\/www.semanariotiempo.cl\/wp-content\/uploads\/2023\/05\/2J9A5129-630x420.jpg 630w\" sizes=\"auto, (max-width: 800px) 100vw, 800px\" \/><\/figure><\/div>\n\n\n\n<p class=\"wp-block-paragraph\">En el marco del D\u00eda Mundial de la Tierra, ni\u00f1os y ni\u00f1as, junto a la comunidad y autoridades, encabezadas por la gobernadora regional, Krist Naranjo, realizaron una plantaci\u00f3n de \u00e1rboles nativos en el Parque El Culebr\u00f3n de Coquimbo, iniciativa que forma parte del proyecto que lleva adelante la empresa Frutiverde SPA, en conjunto con la UCN, para la reforestaci\u00f3n y educaci\u00f3n ambiental en la localidad que tambi\u00e9n se est\u00e1 desarrollando en la localidad de Socos de Ovalle y en la comuna de Canela.<br>La iniciativa es financiada por el Gobierno Regional a trav\u00e9s del Fondo Social de Car\u00e1cter Regional 2022 y permite mitigar el impacto ambiental en sectores vulnerables de la regi\u00f3n. As\u00ed lo destac\u00f3 la gobernadora Naranjo, \u201cHoy hemos tenido un lindo d\u00eda compartiendo con la comunidad ancestral, nuestros pueblos originarios y los ni\u00f1os de ac\u00e1 del Culebr\u00f3n, en donde ellos tambi\u00e9n est\u00e1n ejerciendo un compromiso con el proyecto que estamos sacando adelante de restauraci\u00f3n de este parque que ha estado un poco abandonado y con esto ayudaremos a mejorar su calidad de vida\u201d.<br>Por su parte, Leonardo Hern\u00e1ndez, administrador de la municipalidad de Coquimbo, destac\u00f3 que \u201cEste lugar es un pulm\u00f3n verde importante para la comuna, en un sector que se conecta con El Olivar, San Juan, Punta Mira, Sindempart, por tanto, recuperarlo va a estar dentro de nuestro plan de gesti\u00f3n y agradecemos la colaboraci\u00f3n del Gobierno Regional, vecinos y vecinas, para reforestar este lugar\u201d.<br>La ceremonia inici\u00f3 con una rogativa ind\u00edgena realizada por los pueblos originarios, para luego dar paso al acto simb\u00f3lico de reforestaci\u00f3n con \u00e1rboles nativos, lo que fue llevado a cabo por integrantes de Frutiverte SPA junto a la comunidad presente.<br>Esto, forma parte \u201cdel proyecto que consiste en la construcci\u00f3n de invernaderos que van a tener tecnolog\u00eda de punta, que son mantos importados que vienen desde Israel, para la propagaci\u00f3n de especies nativas para poder reforestar la cuarta regi\u00f3n\u201d, explic\u00f3 Sigrid Soto, due\u00f1a de esta empresa.<br>De estos invernaderos, ya existe uno en construcci\u00f3n en la comuna de Canela, otro que se realizar\u00e1 en Ovalle y uno instalado en la Junta de Vecinos El Culebr\u00f3n. En este \u00faltimo hay 210 metros cuadrados listos para ejecutar el proyecto que ha sido muy bien recibido por la comunidad, \u201cel pr\u00f3ximo mes comenzaremos la replantaci\u00f3n con 250 \u00e1rboles nativos, de un proyecto del cual son 500 y 250 los haremos en nuestro invernadero que tambi\u00e9n sali\u00f3 favorecido por este mismo proyecto\u201d, afirm\u00f3 Juan Rodr\u00edguez, presidente de la Junta de Vecinos El Culebr\u00f3n.<br>Para Evelyn Gonz\u00e1lez, alumna de 5to a\u00f1o b\u00e1sico del colegio Guillermo Cereceda de Coquimbo, esta actividad \u201ces buena porque hay que cuidar el medio ambiente y las plantas que nos pueden ayudar en muchas cosas\u201d.<\/p>\n\n\n\n<p class=\"wp-block-paragraph\"><strong>Reforestaci\u00f3n y educaci\u00f3n ambiental<\/strong><br>Se llevar\u00e1 adelante la implementaci\u00f3n de un modelo de reforestaci\u00f3n sostenible que permita generar tres pulmones verdes en tres zonas prioritarias de la Regi\u00f3n de coquimbo, mediante un trabajo colaborativo entre la sociedad civil, la academia y el privado, la iniciativa pretende reforestar e implementar invernaderos para el desarrollo de plantas nativas, huertas comunitarias y compostaje, adem\u00e1s se llevar\u00e1 a cabo la creaci\u00f3n de un invernadero piloto para la investigaci\u00f3n cient\u00edfica dentro de la Universidad Cat\u00f3lica del Norte.<br>En conjunto se desarrollar\u00e1n talleres de educaci\u00f3n ambiental para el mantenimiento de los invernadores, e instancias que permitan sensibilizar, concienciar y educar ambientalmente a la poblaci\u00f3n.<br>Finalmente, las Juntas de Vecinos y los establecimientos educacionales ser\u00e1n los responsables del cuidado de los invernaderos y su mantenci\u00f3n durante el a\u00f1o de ejecuci\u00f3n del proyecto y para su posterior vigencia.<\/p>\n","protected":false},"excerpt":{"rendered":"<p>Financiado por el Gobierno Regional y ejecutado por la Universidad Cat\u00f3lica del Norte, busca implementar en estas primeras zonas un modelo sostenible para el cuidado del medio ambiente. En el marco del D\u00eda Mundial de la Tierra, ni\u00f1os y ni\u00f1as, junto a la comunidad y autoridades, encabezadas por la gobernadora regional, Krist Naranjo, realizaron una [&hellip;]<\/p>\n","protected":false},"author":1,"featured_media":8140,"comment_status":"open","ping_status":"open","sticky":false,"template":"","format":"standard","meta":{"tdm_status":"","tdm_grid_status":"","footnotes":"","_wpscppro_dont_share_socialmedia":false,"_wpscppro_custom_social_share_image":0,"_facebook_share_type":"","_twitter_share_type":"","_linkedin_share_type":"","_pinterest_share_type":"","_linkedin_share_type_page":"","_instagram_share_type":"","_medium_share_type":"","_threads_share_type":"","_google_business_share_type":"","_bluesky_share_type":"","_mastodon_share_type":"","_selected_social_profile":[],"_wpsp_enable_custom_social_template":false,"_wpsp_social_scheduling":{"enabled":false,"datetime":null,"platforms":[],"status":"template_only","dateOption":"today","timeOption":"now","customDays":"","customHours":"","customDate":"","customTime":"","schedulingType":"absolute"},"_wpsp_active_default_template":true},"categories":[1],"tags":[16,8],"class_list":["post-8139","post","type-post","status-publish","format-standard","has-post-thumbnail","hentry","category-uncategorized","tag-make-money-online","tag-marketing"],"_links":{"self":[{"href":"https:\/\/www.semanariotiempo.cl\/index.php?rest_route=\/wp\/v2\/posts\/8139","targetHints":{"allow":["GET"]}}],"collection":[{"href":"https:\/\/www.semanariotiempo.cl\/index.php?rest_route=\/wp\/v2\/posts"}],"about":[{"href":"https:\/\/www.semanariotiempo.cl\/index.php?rest_route=\/wp\/v2\/types\/post"}],"author":[{"embeddable":true,"href":"https:\/\/www.semanariotiempo.cl\/index.php?rest_route=\/wp\/v2\/users\/1"}],"replies":[{"embeddable":true,"href":"https:\/\/www.semanariotiempo.cl\/index.php?rest_route=%2Fwp%2Fv2%2Fcomments&post=8139"}],"version-history":[{"count":0,"href":"https:\/\/www.semanariotiempo.cl\/index.php?rest_route=\/wp\/v2\/posts\/8139\/revisions"}],"wp:featuredmedia":[{"embeddable":true,"href":"https:\/\/www.semanariotiempo.cl\/index.php?rest_route=\/wp\/v2\/media\/8140"}],"wp:attachment":[{"href":"https:\/\/www.semanariotiempo.cl\/index.php?rest_route=%2Fwp%2Fv2%2Fmedia&parent=8139"}],"wp:term":[{"taxonomy":"category","embeddable":true,"href":"https:\/\/www.semanariotiempo.cl\/index.php?rest_route=%2Fwp%2Fv2%2Fcategories&post=8139"},{"taxonomy":"post_tag","embeddable":true,"href":"https:\/\/www.semanariotiempo.cl\/index.php?rest_route=%2Fwp%2Fv2%2Ftags&post=8139"}],"curies":[{"name":"wp","href":"https:\/\/api.w.org\/{rel}","templated":true}]}}