{"id":8136,"date":"2023-05-01T23:44:08","date_gmt":"2023-05-01T23:44:08","guid":{"rendered":"https:\/\/www.semanariotiempo.cl\/?p=8136"},"modified":"2023-05-01T23:44:08","modified_gmt":"2023-05-01T23:44:08","slug":"ejecucion-presupuestaria-de-la-region-de-coquimbo-no-llega-a-la-mitad-del-promedio-nacional","status":"publish","type":"post","link":"https:\/\/www.semanariotiempo.cl\/?p=8136","title":{"rendered":"Ejecuci\u00f3n presupuestaria de la regi\u00f3n de Coquimbo no llega a la mitad del promedio nacional"},"content":{"rendered":"\n<h4 class=\"has-vivid-red-color has-text-color wp-block-heading\"><strong>Los consejeros regionales apuntan -nuevamente- a falta de gesti\u00f3n de la gobernadora Krist Naranjo, mientras que desde la administraci\u00f3n de la m\u00e1xima autoridad en la zona afirman que \u201cen abril deber\u00eda subir a los 16 puntos o m\u00e1s\u201d.<\/strong><\/h4>\n\n\n\n<div class=\"wp-block-image\"><figure class=\"aligncenter size-large\"><img loading=\"lazy\" decoding=\"async\" width=\"1024\" height=\"768\" src=\"https:\/\/www.semanariotiempo.cl\/wp-content\/uploads\/2023\/05\/Gobierno-Regional-2-1024x768.jpg\" alt=\"\" class=\"wp-image-8137\" srcset=\"https:\/\/www.semanariotiempo.cl\/wp-content\/uploads\/2023\/05\/Gobierno-Regional-2-1024x768.jpg 1024w, https:\/\/www.semanariotiempo.cl\/wp-content\/uploads\/2023\/05\/Gobierno-Regional-2-300x225.jpg 300w, https:\/\/www.semanariotiempo.cl\/wp-content\/uploads\/2023\/05\/Gobierno-Regional-2-768x576.jpg 768w, https:\/\/www.semanariotiempo.cl\/wp-content\/uploads\/2023\/05\/Gobierno-Regional-2-80x60.jpg 80w, https:\/\/www.semanariotiempo.cl\/wp-content\/uploads\/2023\/05\/Gobierno-Regional-2-265x198.jpg 265w, https:\/\/www.semanariotiempo.cl\/wp-content\/uploads\/2023\/05\/Gobierno-Regional-2-696x522.jpg 696w, https:\/\/www.semanariotiempo.cl\/wp-content\/uploads\/2023\/05\/Gobierno-Regional-2-1068x801.jpg 1068w, https:\/\/www.semanariotiempo.cl\/wp-content\/uploads\/2023\/05\/Gobierno-Regional-2-560x420.jpg 560w, https:\/\/www.semanariotiempo.cl\/wp-content\/uploads\/2023\/05\/Gobierno-Regional-2.jpg 1200w\" sizes=\"auto, (max-width: 1024px) 100vw, 1024px\" \/><\/figure><\/div>\n\n\n\n<p class=\"wp-block-paragraph\">La ejecuci\u00f3n presupuestaria del Gobierno Regional de Coquimbo sigue siendo un tema pol\u00e9mico, en donde si bien termin\u00f3 en un 95% durante el a\u00f1o pasado, a lo largo del 2022 fue la m\u00e1s baja del pa\u00eds durante varios meses seguidos.<br>Al comenzar el 2023, la cifra del gasto p\u00fablico del Gobierno Regional nuevamente se posicionaba como la m\u00e1s baja del pa\u00eds con un 4,5% en febrero, y para marzo, si bien aument\u00f3 a un 8,5%, sigue siendo la m\u00e1s baja del pa\u00eds, en donde el promedio nacional llega al 20%.<br>\u201cSe supone que iba a mejorar y al final no ha sido as\u00ed\u201d coment\u00f3 el consejero regional Francisco Mart\u00ednez. Recalc\u00f3 que \u201cesto es un tema de proyectos porque si revisamos la presentaci\u00f3n, la regi\u00f3n de Coquimbo en transferencias municipales para la ejecuci\u00f3n de obras est\u00e1 en cero, igual hay otras regiones igual en cero, pero por ejemplo la Metropolitana tiene invertidos $1.330 millones, Antofagasta tiene $432 millones, pero nosotros no tenemos nada en ejecuci\u00f3n\u201d.<br>\u201cPor otro lado, en programas de saneamiento llevamos $183 millones, en el fondo regional de iniciativa local llevamos $509 millones que en comparaci\u00f3n con otras regiones que est\u00e1n muy por encima de nosotros\u201d a\u00f1adi\u00f3.<br>Respecto a posibles causas, Mart\u00ednez se\u00f1al\u00f3 que \u201cfalta liderazgo, y si no se pone las pilas con todo lo que ha sucedido y lo que ha entrado en pol\u00e9mica hoy en d\u00eda la gobernadora, y si no tiene enfocado cual es su lineamiento para llevar la ejecuci\u00f3n concreta y su proyecto de gobierno que ella present\u00f3 cuando entr\u00f3, porque todav\u00eda no ha ejecutado nada de lo que ha propuesto\u201d.<br>\u201cHoy hemos los n\u00fameros, que si bien son m\u00e1s favorables si comparamos el mismo mes con el a\u00f1o pasado, pero aun as\u00ed estamos bajos a nivel nacional, y si no tenemos un lineamiento de incentivar las iniciativas, por dar un ejemplo, nos enfocamos en sacar el programa del Pro Empleo para que las municipalidades pudieran hacer los contratos, pero todav\u00eda no est\u00e1 resuelto por la Contralor\u00eda\u201d agreg\u00f3.<br>Enfatiz\u00f3 que \u201ctenemos programas como la reparaci\u00f3n de calles del Minvu, pero est\u00e1 detenido y son 6 mil millones que deber\u00edamos haberlos ejecutado el a\u00f1o pasado, por otro lado est\u00e1n los 30 veh\u00edculos de Carabineros pero todav\u00eda no hay resoluci\u00f3n por la compra directa, y otros proyectos m\u00e1s que siguen detenidos\u201d.<br>\u201cTodo esto es por falta de gesti\u00f3n, la gobernadora est\u00e1 encerrada en su oficina y mientras ella no llame a los alcaldes y a los Secplan y concrete los lineamientos que quiere, vamos a seguir con esta baja ejecuci\u00f3n presupuestaria\u201d sostuvo.<br>Por su parte, Lombardo Toledo, consejero regional y presidente de la Comisi\u00f3n de Desarrollo Social, sostiene que lament\u00f3 el d\u00e9bil desempe\u00f1o, y \u201cpobre ejecuci\u00f3n presupuestaria, pese a todos los esfuerzos que han hecho los equipos profesionales y t\u00e9cnicos del Gobierno Regional y del Consejo Regional. Y para mayo el balance tendr\u00e1 que ser m\u00e1s positivo ya que se ha sabido que hay buenos equipos profesionales y al mismo tiempo la gobernadora ha dado a conocer a la prensa las obras que se firmaron y que prontamente ser\u00e1n licitadas\u201d.<br>\u201cNosotros esperamos que el parque Oasis de Andacollo, el parque San Joaqu\u00edn de La Serena, el cuerpo de Bomberos de La Higuera o Sindempart, los convenios de programaci\u00f3n con el Ministerio de Miner\u00eda, con Salud o el MOP, puedan justamente aumentar esta ejecuci\u00f3n presupuestaria de negativa a positiva, ya que la comunidad no puede esperar tanto tiempo por progreso, desarrollo y bienestar\u201d dijo.<br>Seg\u00fan Toledo, \u201cpensamos que de aqu\u00ed a mayo podr\u00eda ser un tiempo prudente y eso no solamente tiene que ver con la ejecuci\u00f3n presupuestaria de la gobernanza sino que tambi\u00e9n de los ministerios y los servicios p\u00fablicos ya que tenemos los convenios que tienen que avanzar\u201d.<br>\u201cHay reconocer que hay una burocracia institucionalizada en el Estado, para que un proyecto pueda licitarse tiene que pasar por hasta seis fases y eso en la nueva Constituci\u00f3n deber\u00eda mejorarse, no podemos tener un Estado centralizado y sin piedad para las regiones\u201d agrega.<\/p>\n\n\n\n<p class=\"wp-block-paragraph\"><strong>16 puntos en abril<\/strong><br>Desde el Gobierno Regional explicaron que el gasto que tiene hasta marzo es superior en comparaci\u00f3n del a\u00f1o pasado en la misma fecha, si bien, es menor que en otras regiones, pero la proyecci\u00f3n es que el gasto en abril deber\u00eda subir a los 16 puntos o m\u00e1s.<br>\u201cLa proyecci\u00f3n del gasto regional se ver\u00e1 incrementada fuertemente durante los pr\u00f3ximos meses porque hay varios proyectos e iniciativas relevantes para la regi\u00f3n que su financiamiento deber\u00eda quedar transferido pr\u00f3ximamente y se establecer\u00eda como gasto\u201d sostuvieron.<br>Desde el Gobierno Regional hicieron un llamado a la tranquilidad, \u201cla proyecci\u00f3n del gasto regional se generar\u00e1 como corresponde en beneficio del progreso y desarrollo de las 15 comunas de la regi\u00f3n\u201d.<\/p>\n","protected":false},"excerpt":{"rendered":"<p>Los consejeros regionales apuntan -nuevamente- a falta de gesti\u00f3n de la gobernadora Krist Naranjo, mientras que desde la administraci\u00f3n de la m\u00e1xima autoridad en la zona afirman que \u201cen abril deber\u00eda subir a los 16 puntos o m\u00e1s\u201d. La ejecuci\u00f3n presupuestaria del Gobierno Regional de Coquimbo sigue siendo un tema pol\u00e9mico, en donde si bien [&hellip;]<\/p>\n","protected":false},"author":1,"featured_media":8137,"comment_status":"open","ping_status":"open","sticky":false,"template":"","format":"standard","meta":{"tdm_status":"","tdm_grid_status":"","footnotes":"","_wpscppro_dont_share_socialmedia":false,"_wpscppro_custom_social_share_image":0,"_facebook_share_type":"","_twitter_share_type":"","_linkedin_share_type":"","_pinterest_share_type":"","_linkedin_share_type_page":"","_instagram_share_type":"","_medium_share_type":"","_threads_share_type":"","_google_business_share_type":"","_bluesky_share_type":"","_mastodon_share_type":"","_selected_social_profile":[],"_wpsp_enable_custom_social_template":false,"_wpsp_social_scheduling":{"enabled":false,"datetime":null,"platforms":[],"status":"template_only","dateOption":"today","timeOption":"now","customDays":"","customHours":"","customDate":"","customTime":"","schedulingType":"absolute"},"_wpsp_active_default_template":true},"categories":[1],"tags":[8],"class_list":["post-8136","post","type-post","status-publish","format-standard","has-post-thumbnail","hentry","category-uncategorized","tag-marketing"],"_links":{"self":[{"href":"https:\/\/www.semanariotiempo.cl\/index.php?rest_route=\/wp\/v2\/posts\/8136","targetHints":{"allow":["GET"]}}],"collection":[{"href":"https:\/\/www.semanariotiempo.cl\/index.php?rest_route=\/wp\/v2\/posts"}],"about":[{"href":"https:\/\/www.semanariotiempo.cl\/index.php?rest_route=\/wp\/v2\/types\/post"}],"author":[{"embeddable":true,"href":"https:\/\/www.semanariotiempo.cl\/index.php?rest_route=\/wp\/v2\/users\/1"}],"replies":[{"embeddable":true,"href":"https:\/\/www.semanariotiempo.cl\/index.php?rest_route=%2Fwp%2Fv2%2Fcomments&post=8136"}],"version-history":[{"count":0,"href":"https:\/\/www.semanariotiempo.cl\/index.php?rest_route=\/wp\/v2\/posts\/8136\/revisions"}],"wp:featuredmedia":[{"embeddable":true,"href":"https:\/\/www.semanariotiempo.cl\/index.php?rest_route=\/wp\/v2\/media\/8137"}],"wp:attachment":[{"href":"https:\/\/www.semanariotiempo.cl\/index.php?rest_route=%2Fwp%2Fv2%2Fmedia&parent=8136"}],"wp:term":[{"taxonomy":"category","embeddable":true,"href":"https:\/\/www.semanariotiempo.cl\/index.php?rest_route=%2Fwp%2Fv2%2Fcategories&post=8136"},{"taxonomy":"post_tag","embeddable":true,"href":"https:\/\/www.semanariotiempo.cl\/index.php?rest_route=%2Fwp%2Fv2%2Ftags&post=8136"}],"curies":[{"name":"wp","href":"https:\/\/api.w.org\/{rel}","templated":true}]}}