{"id":8134,"date":"2023-05-01T23:42:02","date_gmt":"2023-05-01T23:42:02","guid":{"rendered":"https:\/\/www.semanariotiempo.cl\/?p=8134"},"modified":"2023-05-01T23:42:02","modified_gmt":"2023-05-01T23:42:02","slug":"sociedad-de-cuidados","status":"publish","type":"post","link":"https:\/\/www.semanariotiempo.cl\/?p=8134","title":{"rendered":"Sociedad de Cuidados"},"content":{"rendered":"\n<p class=\"wp-block-paragraph\">El pa\u00eds envejece y cada d\u00eda m\u00e1s somos testigos de nuevas necesidades y fen\u00f3menos sociales asociados al proceso de envejecimiento de la poblaci\u00f3n.<br>Existe estad\u00edstica respecto al nivel de ingreso, la edad de jubilaci\u00f3n y datos asociados al per\u00edodo laboral de las personas, pero cuando llegan a un estado de salud que les impide participar de la vida productiva, las cifras se vuelven m\u00e1s silenciosas. All\u00ed surgen instituciones sin fines de lucro que enfocan su trabajo en la caridad y la solidaridad, tanto para ayudar a quienes ya no pueden valerse por si mismo, como al \u201ccuidado de los cuidadores\u201d, aquel trabajo an\u00f3nimo, silencioso, complejo f\u00edsica y emocionalmente, de alto costo y que necesita con urgencia la atenci\u00f3n de las pol\u00edticas p\u00fablicas.<br>De ah\u00ed la importancia de que el gobierno ponga su atenci\u00f3n en este grupo de personas mediante una serie de di\u00e1logos denominados \u201cHablemos de Cuidados\u201d iniciativa del Ministerio de Desarrollo Social y Familia en alianza con ONU Mujeres, tiene como objetivo desarrollar un proceso amplio e incluyente en torno a los desaf\u00edos que enfrenta la sociedad chilena en materia de cuidados.<br>Y la construcci\u00f3n de un Sistema Nacional de Cuidados\u201d deber\u00eda ir m\u00e1s all\u00e1 del simple aumento de recursos monetarios para las personas bajo cuidado, puesto que la situaci\u00f3n es mucho m\u00e1s compleja que solo dinero. Quien ha tenido a su cargo el cuidado de un adulto mayor debe saber que el nivel de atenci\u00f3n y tensi\u00f3n, de desgaste f\u00edsico y emocional, obliga a tener templanza y coraje que no cualquiera es capaz de soportar.<br>Por otra parte, seg\u00fan cifras que entrega la Seremi de la Mujer y la Equidad de G\u00e9nero, \u201cm\u00e1s del 90% de las personas que necesitan cuidados son mujeres seg\u00fan la \u00faltima Encuesta de Discapacidad y Dependencia, y cerca del 85% de las personas que cuidan son mujeres\u201d.<br>Es bueno y sano que nuestro pa\u00eds tome conciencia de este tema y asuma compromisos en las pol\u00edticas p\u00fablicas. Y es bueno tambi\u00e9n que desde ya se sumen iniciativas de municipios, gobiernos regionales y universidades en torno al tema. Sin duda todos debemos vincularnos a este desaf\u00edo.<\/p>\n\n\n\n<p style=\"background-color:#fce5e4\" class=\"has-background wp-block-paragraph\"><strong>V\u00edctor H. Villagr\u00e1n<\/strong><br>Editor Semanario Tiempo<\/p>\n","protected":false},"excerpt":{"rendered":"<p>El pa\u00eds envejece y cada d\u00eda m\u00e1s somos testigos de nuevas necesidades y fen\u00f3menos sociales asociados al proceso de envejecimiento de la poblaci\u00f3n.Existe estad\u00edstica respecto al nivel de ingreso, la edad de jubilaci\u00f3n y datos asociados al per\u00edodo laboral de las personas, pero cuando llegan a un estado de salud que les impide participar de [&hellip;]<\/p>\n","protected":false},"author":1,"featured_media":0,"comment_status":"open","ping_status":"open","sticky":false,"template":"","format":"standard","meta":{"tdm_status":"","tdm_grid_status":"","footnotes":"","_wpscppro_dont_share_socialmedia":false,"_wpscppro_custom_social_share_image":0,"_facebook_share_type":"","_twitter_share_type":"","_linkedin_share_type":"","_pinterest_share_type":"","_linkedin_share_type_page":"","_instagram_share_type":"","_medium_share_type":"","_threads_share_type":"","_google_business_share_type":"","_bluesky_share_type":"","_mastodon_share_type":"","_selected_social_profile":[],"_wpsp_enable_custom_social_template":false,"_wpsp_social_scheduling":{"enabled":false,"datetime":null,"platforms":[],"status":"template_only","dateOption":"today","timeOption":"now","customDays":"","customHours":"","customDate":"","customTime":"","schedulingType":"absolute"},"_wpsp_active_default_template":true},"categories":[],"tags":[25],"class_list":["post-8134","post","type-post","status-publish","format-standard","hentry","tag-wordpress-themes"],"_links":{"self":[{"href":"https:\/\/www.semanariotiempo.cl\/index.php?rest_route=\/wp\/v2\/posts\/8134","targetHints":{"allow":["GET"]}}],"collection":[{"href":"https:\/\/www.semanariotiempo.cl\/index.php?rest_route=\/wp\/v2\/posts"}],"about":[{"href":"https:\/\/www.semanariotiempo.cl\/index.php?rest_route=\/wp\/v2\/types\/post"}],"author":[{"embeddable":true,"href":"https:\/\/www.semanariotiempo.cl\/index.php?rest_route=\/wp\/v2\/users\/1"}],"replies":[{"embeddable":true,"href":"https:\/\/www.semanariotiempo.cl\/index.php?rest_route=%2Fwp%2Fv2%2Fcomments&post=8134"}],"version-history":[{"count":0,"href":"https:\/\/www.semanariotiempo.cl\/index.php?rest_route=\/wp\/v2\/posts\/8134\/revisions"}],"wp:attachment":[{"href":"https:\/\/www.semanariotiempo.cl\/index.php?rest_route=%2Fwp%2Fv2%2Fmedia&parent=8134"}],"wp:term":[{"taxonomy":"category","embeddable":true,"href":"https:\/\/www.semanariotiempo.cl\/index.php?rest_route=%2Fwp%2Fv2%2Fcategories&post=8134"},{"taxonomy":"post_tag","embeddable":true,"href":"https:\/\/www.semanariotiempo.cl\/index.php?rest_route=%2Fwp%2Fv2%2Ftags&post=8134"}],"curies":[{"name":"wp","href":"https:\/\/api.w.org\/{rel}","templated":true}]}}