{"id":8066,"date":"2023-04-17T23:02:48","date_gmt":"2023-04-17T23:02:48","guid":{"rendered":"https:\/\/www.semanariotiempo.cl\/?p=8066"},"modified":"2023-04-17T23:02:48","modified_gmt":"2023-04-17T23:02:48","slug":"arqueros-inicia-etapa-de-ingenieria-avanzada-e-ingresa-modificaciones-al-proyecto-para-optimizar-areas-de-planta-y-mina","status":"publish","type":"post","link":"https:\/\/www.semanariotiempo.cl\/?p=8066","title":{"rendered":"Arqueros inicia etapa de ingenier\u00eda avanzada e ingresa modificaciones al proyecto para optimizar \u00e1reas de planta y mina"},"content":{"rendered":"\n<h4 class=\"has-vivid-red-color has-text-color wp-block-heading\"><strong>A trav\u00e9s de una Consulta de Pertinencia ante el Servicio de Evaluaci\u00f3n Ambiental (SEA), el titular de la iniciativa, a cargo del grupo Nittetsu, busca incorporar cambios la distribuci\u00f3n de unidades asociadas a las \u00e1reas de apoyo, y las estaciones de bombeo 1 y 2, entre otras obras complementarias.<\/strong><\/h4>\n\n\n\n<div class=\"wp-block-image\"><figure class=\"aligncenter size-large\"><img loading=\"lazy\" decoding=\"async\" width=\"1024\" height=\"521\" src=\"https:\/\/www.semanariotiempo.cl\/wp-content\/uploads\/2023\/04\/Arqueros-mapa-1024x521.jpg\" alt=\"\" class=\"wp-image-8067\" srcset=\"https:\/\/www.semanariotiempo.cl\/wp-content\/uploads\/2023\/04\/Arqueros-mapa-1024x521.jpg 1024w, https:\/\/www.semanariotiempo.cl\/wp-content\/uploads\/2023\/04\/Arqueros-mapa-300x153.jpg 300w, https:\/\/www.semanariotiempo.cl\/wp-content\/uploads\/2023\/04\/Arqueros-mapa-768x391.jpg 768w, https:\/\/www.semanariotiempo.cl\/wp-content\/uploads\/2023\/04\/Arqueros-mapa-696x354.jpg 696w, https:\/\/www.semanariotiempo.cl\/wp-content\/uploads\/2023\/04\/Arqueros-mapa-1068x543.jpg 1068w, https:\/\/www.semanariotiempo.cl\/wp-content\/uploads\/2023\/04\/Arqueros-mapa-826x420.jpg 826w, https:\/\/www.semanariotiempo.cl\/wp-content\/uploads\/2023\/04\/Arqueros-mapa.jpg 1500w\" sizes=\"auto, (max-width: 1024px) 100vw, 1024px\" \/><\/figure><\/div>\n\n\n\n<p class=\"wp-block-paragraph\">En la primera quincena de diciembre del 2022, la Comisi\u00f3n de Evaluaci\u00f3n Ambiental (COEVA) de Coquimbo otorg\u00f3 -de forma un\u00e1nime- el permiso para la construcci\u00f3n del proyecto minero Arqueros, emplazado en las comunas de La Serena y Coquimbo, cuya inversi\u00f3n llegar\u00eda a los US$200 millones.<br>Se trata de un proyecto de explotaci\u00f3n y concentraci\u00f3n de sulfuros de cobre, a escala mediana, que incluye el desarrollo de una mina subterr\u00e1nea, la construcci\u00f3n de una planta concentradora, planta y dep\u00f3sito de relaves espesados, y obras complementarias para el suministro de agua, energ\u00eda y otros servicios. Tendr\u00e1 una vida \u00fatil operacional de 17 a\u00f1os.<br>El desarrollo de Arqueros, a cargo del grupo Nittetsu, tendr\u00e1 por principal objetivo la producci\u00f3n de concentrado de cobre como producto final, a raz\u00f3n de 1.8 millones de toneladas por a\u00f1o. Se estima pueda generar m\u00e1s de 600 puestos de trabajo en su fase de operaci\u00f3n.<br>Antes de obtener la licencia ambiental, la iniciativa estuvo 10 a\u00f1os en tr\u00e1nsito desde las primeras prospecciones, la definici\u00f3n de ingreso al Sistema de Evaluaci\u00f3n de Impacto Ambiental y su posterior tramitaci\u00f3n. Ahora, el proyecto inici\u00f3 su etapa de ingenier\u00eda avanzada e ingres\u00f3 cambios para optimizar la eficiencia de la distribuci\u00f3n de unidades asociadas a las \u00e1reas de apoyo de la mina y planta, y las estaciones de Bombeo 1 y 2, entre otras obras complementarias.<br>Para ello, los titulares ingresaron una Consulta de Pertinencia al Servicio de Evaluaci\u00f3n Ambiental (SEA), pues se proyecta un cambio en la disposici\u00f3n espacial interno de ellas, y conjuntamente con ello, se requiere el ajuste de superficies de ciertas unidades que componen las distintas instalaciones.<br>En el \u00e1rea mina se considera la incorporaci\u00f3n de 2 bodegas para losa de lavado, que consisten en unidades cerradas de 13 m2 cada una, cuya funci\u00f3n es guardar equipos como hidrolavadora, entre otros, adem\u00e1s de una redistribuci\u00f3n del cerco perimetral del estanque de combustible provisto para esta instalaci\u00f3n.<br>Igualmente se pretende el traslado del generador de 700 [kVA] y el transformador inicialmente proyectado hacia la Instalaci\u00f3n de apoyo sur. Finalmente, se pretende modificar el \u00e1rea de la piscina de decantaci\u00f3n, disminuy\u00e9ndola a 170 m2.<br>\u201cEs relevante considerar que los cambios que se pretenden introducir, se insertan en las \u00e1reas poligonales del proyecto original, las cuales no se ven alteradas por los cambios cuya consulta se realiza a la autoridad\u201d, justific\u00f3 el titular.<br>En tanto, en el \u00e1rea planta, se incorpora una sala de control que estar\u00e1 dispuesta en el barrio c\u00edvico que compone al \u00e1rea planta; y actualizar las superficies asociadas a algunas unidades que comprenden la estaci\u00f3n de bombeo N\u00ba1 y N\u00ba2.<br>Cabe recordar que el cambio descrito corresponde a una modificaci\u00f3n en el Considerando 4.3 literal o) de la Resoluci\u00f3n de Calificaci\u00f3n Ambiental del proyecto original, en relaci\u00f3n a las superficies y distribuci\u00f3n de las partes y obras de esta instalaci\u00f3n y no al uso de las mismas.<\/p>\n","protected":false},"excerpt":{"rendered":"<p>A trav\u00e9s de una Consulta de Pertinencia ante el Servicio de Evaluaci\u00f3n Ambiental (SEA), el titular de la iniciativa, a cargo del grupo Nittetsu, busca incorporar cambios la distribuci\u00f3n de unidades asociadas a las \u00e1reas de apoyo, y las estaciones de bombeo 1 y 2, entre otras obras complementarias. En la primera quincena de diciembre [&hellip;]<\/p>\n","protected":false},"author":1,"featured_media":8067,"comment_status":"open","ping_status":"open","sticky":false,"template":"","format":"standard","meta":{"tdm_status":"","tdm_grid_status":"","footnotes":"","_wpscppro_dont_share_socialmedia":false,"_wpscppro_custom_social_share_image":0,"_facebook_share_type":"","_twitter_share_type":"","_linkedin_share_type":"","_pinterest_share_type":"","_linkedin_share_type_page":"","_instagram_share_type":"","_medium_share_type":"","_threads_share_type":"","_google_business_share_type":"","_bluesky_share_type":"","_mastodon_share_type":"","_selected_social_profile":[],"_wpsp_enable_custom_social_template":false,"_wpsp_social_scheduling":{"enabled":false,"datetime":null,"platforms":[],"status":"template_only","dateOption":"today","timeOption":"now","customDays":"","customHours":"","customDate":"","customTime":"","schedulingType":"absolute"},"_wpsp_active_default_template":true},"categories":[1],"tags":[8],"class_list":["post-8066","post","type-post","status-publish","format-standard","has-post-thumbnail","hentry","category-uncategorized","tag-marketing"],"_links":{"self":[{"href":"https:\/\/www.semanariotiempo.cl\/index.php?rest_route=\/wp\/v2\/posts\/8066","targetHints":{"allow":["GET"]}}],"collection":[{"href":"https:\/\/www.semanariotiempo.cl\/index.php?rest_route=\/wp\/v2\/posts"}],"about":[{"href":"https:\/\/www.semanariotiempo.cl\/index.php?rest_route=\/wp\/v2\/types\/post"}],"author":[{"embeddable":true,"href":"https:\/\/www.semanariotiempo.cl\/index.php?rest_route=\/wp\/v2\/users\/1"}],"replies":[{"embeddable":true,"href":"https:\/\/www.semanariotiempo.cl\/index.php?rest_route=%2Fwp%2Fv2%2Fcomments&post=8066"}],"version-history":[{"count":0,"href":"https:\/\/www.semanariotiempo.cl\/index.php?rest_route=\/wp\/v2\/posts\/8066\/revisions"}],"wp:featuredmedia":[{"embeddable":true,"href":"https:\/\/www.semanariotiempo.cl\/index.php?rest_route=\/wp\/v2\/media\/8067"}],"wp:attachment":[{"href":"https:\/\/www.semanariotiempo.cl\/index.php?rest_route=%2Fwp%2Fv2%2Fmedia&parent=8066"}],"wp:term":[{"taxonomy":"category","embeddable":true,"href":"https:\/\/www.semanariotiempo.cl\/index.php?rest_route=%2Fwp%2Fv2%2Fcategories&post=8066"},{"taxonomy":"post_tag","embeddable":true,"href":"https:\/\/www.semanariotiempo.cl\/index.php?rest_route=%2Fwp%2Fv2%2Ftags&post=8066"}],"curies":[{"name":"wp","href":"https:\/\/api.w.org\/{rel}","templated":true}]}}