{"id":8063,"date":"2023-04-17T23:00:17","date_gmt":"2023-04-17T23:00:17","guid":{"rendered":"https:\/\/www.semanariotiempo.cl\/?p=8063"},"modified":"2023-04-17T23:00:18","modified_gmt":"2023-04-17T23:00:18","slug":"crisis-de-seguridad-influye-en-baja-de-libertades-condicionales-otorgadas-10-casos-aceptados-la-menor-cifra-en-los-ultimos-siete-anos","status":"publish","type":"post","link":"https:\/\/www.semanariotiempo.cl\/?p=8063","title":{"rendered":"Crisis de seguridad influye en baja de libertades condicionales otorgadas: 10 casos aceptados, la menor cifra en los \u00faltimos siete a\u00f1os"},"content":{"rendered":"\n<h4 class=\"has-vivid-red-color has-text-color wp-block-heading\"><strong>\u201cFuimos bastantes exhaustivos en la revisi\u00f3n de los antecedentes, porque conocemos la crisis de seguridad que existe en el pa\u00eds\u201d, dijo el presidente del tribunal de alzada serenense. Comisi\u00f3n, que sesionada dos veces al a\u00f1o, analiz\u00f3 380 solicitud, acogiendo un 2,6% de \u00e9stas.<\/strong><\/h4>\n\n\n\n<div class=\"wp-block-image\"><figure class=\"aligncenter size-large\"><img loading=\"lazy\" decoding=\"async\" width=\"640\" height=\"300\" src=\"https:\/\/www.semanariotiempo.cl\/wp-content\/uploads\/2023\/04\/Comisi\u00f3n-de-libertad-condicional.jpg\" alt=\"\" class=\"wp-image-8064\" srcset=\"https:\/\/www.semanariotiempo.cl\/wp-content\/uploads\/2023\/04\/Comisi\u00f3n-de-libertad-condicional.jpg 640w, https:\/\/www.semanariotiempo.cl\/wp-content\/uploads\/2023\/04\/Comisi\u00f3n-de-libertad-condicional-300x141.jpg 300w\" sizes=\"auto, (max-width: 640px) 100vw, 640px\" \/><\/figure><\/div>\n\n\n\n<p class=\"wp-block-paragraph\">\u201cFuimos bastantes exhaustivos en la revisi\u00f3n de los antecedentes, porque conocemos la crisis de seguridad que existe en el pa\u00eds, de manera tal que tuvimos una reuni\u00f3n previa al inicio de las sesiones con el fin de marcar criterios que \u00edbamos a aplicar al momento de conocer las solicitudes\u201d.<br>Las palabras corresponden al presidente de la Corte de Apelaciones de La Serena, Felipe Pulgar tras conocerse los resultados de la Comisi\u00f3n de Libertad Condicional que en la regi\u00f3n de Coquimbo tuvo que revisar 380 solicitudes, donde se decidi\u00f3 otorgar el beneficio en 10 casos, 6 hombres y 4 mujeres, lo que equivale al 2,6%.<br>De acuerdo a lo establecido por ley, la comisi\u00f3n debe sesionar dos veces en el a\u00f1o, en los meses de abril y octubre. En esta oportunidad, el total de peticiones proven\u00eda de tres recintos penales de la regi\u00f3n (342 de La Serena, 26 de Ovalle y 12 de Illapel), los que cumplieron con los requisitos establecidos en la norma.<br>Sin embargo, los 10 casos aceptados representan el menor volumen en los \u00faltimos siete a\u00f1os (ver tabla), incidido no solo por el riguroso proceso, sino tambi\u00e9n por deterioro de las condiciones de seguridad en el pa\u00eds, reflejado en alzas de homicidios u otros delitos, incluso con hechos de muerte a funcionarios policiales.<br>\u201cEstas personas, en el fondo, obtuvieron el beneficio de la libertad condicional, que de acuerdo al Decreto Ley permite concederles el beneficio en la medida en que existan determinados requisitos, lo que no significa que se extinga la responsabilidad o que quede sin efecto la condena, sino por el contrario, que esta condena se va a cumplir en medio libre, siempre con la asesor\u00eda y vigilancia del programa de Gendarmer\u00eda de Chile, lo que ya fue informado a los respectivos recintos\u201d, indic\u00f3 Pulgar.<br>En este mismo sentido agreg\u00f3 que: \u201clo que nosotros hicimos como comisi\u00f3n es ser bastante exhaustivos en la revisi\u00f3n de los antecedentes, porque obviamente conocemos la crisis de seguridad que existe en el pa\u00eds, de manera tal que tuvimos una reuni\u00f3n previa al inicio de las sesiones con el fin de marcar ciertos criterios que \u00edbamos a aplicar al momento de poder conocer las 380 solicitudes. Nos fijamos en la naturaleza del delito, en la existencia de antecedentes anteriores que pudiese permitirnos presumir o no, la posibilidad que vaya a cometer o no un nuevo il\u00edcito y sobre todo el informe de Gendarmer\u00eda\u201d, explic\u00f3 el ministro.<br>El presidente del tribunal de alzada se\u00f1al\u00f3 que dicho informe es clave porque la ley plantea que solo con un informe favorable se puede otorgar el beneficio. \u201cEn este informe revisamos si la persona reconoce el delito, el mal del da\u00f1o causado, un rechazo expl\u00edcito a la comisi\u00f3n de nuevos il\u00edcitos y finalmente, si cuenta con una red laboral y familiar que permita que el recluso y la reclusa puedan contar con un apoyo que les permita en el fondo disuadir de la comisi\u00f3n de nuevos il\u00edcitos penales\u201d, enfatiz\u00f3 el ministro.<br>La comisi\u00f3n -que cumple funciones como \u00f3rgano aut\u00f3nomo administrativo y se re\u00fane en abril y octubre de cada a\u00f1o- estuvo presidida por el ministro Felipe Pulgar e integrada por las juezas orales Carol Sep\u00falveda, Ana Marcela Alfaro y Ana Karina Hern\u00e1ndez; el juez Alain Maldonado de Garant\u00eda y la secretaria del tribunal de alzada que act\u00faa como ministra de fe.<br>Para postular los internos debe cumplir con una serie de exigencias, que se encuentran establecidos en el Decreto Ley N\u00b0 321 del a\u00f1o 1925 y entre los requisitos se encuentran: haber cumplido la mitad de la que se le impuso por sentencia definitiva, tener conducta intachable, haber aprendido un oficio si hay talleres donde cumple la condena o mantener una actividad laboral y\/o haber asistido con regularidad y provecho a la escuela del establecimiento.<br>Los condenados que optan al derecho quedan bajo la supervisi\u00f3n de personal especializado de Gendarmer\u00eda, con la obligaci\u00f3n de firmar en el Centro de Apoyo para la Integraci\u00f3n Social, CRS, o la unidad m\u00e1s cercana al lugar de residencia.<\/p>\n","protected":false},"excerpt":{"rendered":"<p>\u201cFuimos bastantes exhaustivos en la revisi\u00f3n de los antecedentes, porque conocemos la crisis de seguridad que existe en el pa\u00eds\u201d, dijo el presidente del tribunal de alzada serenense. Comisi\u00f3n, que sesionada dos veces al a\u00f1o, analiz\u00f3 380 solicitud, acogiendo un 2,6% de \u00e9stas. \u201cFuimos bastantes exhaustivos en la revisi\u00f3n de los antecedentes, porque conocemos la [&hellip;]<\/p>\n","protected":false},"author":1,"featured_media":8064,"comment_status":"open","ping_status":"open","sticky":false,"template":"","format":"standard","meta":{"tdm_status":"","tdm_grid_status":"","footnotes":"","_wpscppro_dont_share_socialmedia":false,"_wpscppro_custom_social_share_image":0,"_facebook_share_type":"","_twitter_share_type":"","_linkedin_share_type":"","_pinterest_share_type":"","_linkedin_share_type_page":"","_instagram_share_type":"","_medium_share_type":"","_threads_share_type":"","_google_business_share_type":"","_bluesky_share_type":"","_mastodon_share_type":"","_selected_social_profile":[],"_wpsp_enable_custom_social_template":false,"_wpsp_social_scheduling":{"enabled":false,"datetime":null,"platforms":[],"status":"template_only","dateOption":"today","timeOption":"now","customDays":"","customHours":"","customDate":"","customTime":"","schedulingType":"absolute"},"_wpsp_active_default_template":true},"categories":[1],"tags":[8],"class_list":["post-8063","post","type-post","status-publish","format-standard","has-post-thumbnail","hentry","category-uncategorized","tag-marketing"],"_links":{"self":[{"href":"https:\/\/www.semanariotiempo.cl\/index.php?rest_route=\/wp\/v2\/posts\/8063","targetHints":{"allow":["GET"]}}],"collection":[{"href":"https:\/\/www.semanariotiempo.cl\/index.php?rest_route=\/wp\/v2\/posts"}],"about":[{"href":"https:\/\/www.semanariotiempo.cl\/index.php?rest_route=\/wp\/v2\/types\/post"}],"author":[{"embeddable":true,"href":"https:\/\/www.semanariotiempo.cl\/index.php?rest_route=\/wp\/v2\/users\/1"}],"replies":[{"embeddable":true,"href":"https:\/\/www.semanariotiempo.cl\/index.php?rest_route=%2Fwp%2Fv2%2Fcomments&post=8063"}],"version-history":[{"count":0,"href":"https:\/\/www.semanariotiempo.cl\/index.php?rest_route=\/wp\/v2\/posts\/8063\/revisions"}],"wp:featuredmedia":[{"embeddable":true,"href":"https:\/\/www.semanariotiempo.cl\/index.php?rest_route=\/wp\/v2\/media\/8064"}],"wp:attachment":[{"href":"https:\/\/www.semanariotiempo.cl\/index.php?rest_route=%2Fwp%2Fv2%2Fmedia&parent=8063"}],"wp:term":[{"taxonomy":"category","embeddable":true,"href":"https:\/\/www.semanariotiempo.cl\/index.php?rest_route=%2Fwp%2Fv2%2Fcategories&post=8063"},{"taxonomy":"post_tag","embeddable":true,"href":"https:\/\/www.semanariotiempo.cl\/index.php?rest_route=%2Fwp%2Fv2%2Ftags&post=8063"}],"curies":[{"name":"wp","href":"https:\/\/api.w.org\/{rel}","templated":true}]}}