{"id":8060,"date":"2023-04-17T22:58:17","date_gmt":"2023-04-17T22:58:17","guid":{"rendered":"https:\/\/www.semanariotiempo.cl\/?p=8060"},"modified":"2023-04-17T22:58:17","modified_gmt":"2023-04-17T22:58:17","slug":"paola-vasquez-prochile-queremos-que-cada-vez-sean-mas-las-pymes-de-la-region-que-se-puedan-sumar-al-proceso-exportador","status":"publish","type":"post","link":"https:\/\/www.semanariotiempo.cl\/?p=8060","title":{"rendered":"Paola V\u00e1squez, PROCHILE: \u201cQueremos que cada vez sean m\u00e1s las pymes de la regi\u00f3n que se puedan sumar al proceso exportador\u201d"},"content":{"rendered":"\n<h4 class=\"has-vivid-red-color has-text-color wp-block-heading\"><strong>La autoridad se\u00f1ala que al proyecto que viene desarrollando la entidad en Zonas Rezagadas, sumar\u00e1n este a\u00f1o la ejecuci\u00f3n de la iniciativa que buscar\u00e1 posicionar al pisco en los mercados internacionales.<\/strong><\/h4>\n\n\n\n<div class=\"wp-block-image\"><figure class=\"aligncenter size-large\"><img loading=\"lazy\" decoding=\"async\" width=\"1024\" height=\"768\" src=\"https:\/\/www.semanariotiempo.cl\/wp-content\/uploads\/2023\/04\/3-Paola-V\u00e1squez-1024x768.jpg\" alt=\"\" class=\"wp-image-8061\" srcset=\"https:\/\/www.semanariotiempo.cl\/wp-content\/uploads\/2023\/04\/3-Paola-V\u00e1squez-1024x768.jpg 1024w, https:\/\/www.semanariotiempo.cl\/wp-content\/uploads\/2023\/04\/3-Paola-V\u00e1squez-300x225.jpg 300w, https:\/\/www.semanariotiempo.cl\/wp-content\/uploads\/2023\/04\/3-Paola-V\u00e1squez-768x576.jpg 768w, https:\/\/www.semanariotiempo.cl\/wp-content\/uploads\/2023\/04\/3-Paola-V\u00e1squez-80x60.jpg 80w, https:\/\/www.semanariotiempo.cl\/wp-content\/uploads\/2023\/04\/3-Paola-V\u00e1squez-265x198.jpg 265w, https:\/\/www.semanariotiempo.cl\/wp-content\/uploads\/2023\/04\/3-Paola-V\u00e1squez-696x522.jpg 696w, https:\/\/www.semanariotiempo.cl\/wp-content\/uploads\/2023\/04\/3-Paola-V\u00e1squez-1068x801.jpg 1068w, https:\/\/www.semanariotiempo.cl\/wp-content\/uploads\/2023\/04\/3-Paola-V\u00e1squez-560x420.jpg 560w, https:\/\/www.semanariotiempo.cl\/wp-content\/uploads\/2023\/04\/3-Paola-V\u00e1squez.jpg 1200w\" sizes=\"auto, (max-width: 1024px) 100vw, 1024px\" \/><\/figure><\/div>\n\n\n\n<p class=\"wp-block-paragraph\">La diversificaci\u00f3n de la canasta exportadora regional sigue siendo una de las tareas fundamentales en las que se est\u00e1 enfocando ProChile en la zona. La directora regional de esta entidad, Paola V\u00e1squez, manifiesta que se est\u00e1 llevando a cabo de la mano de la innovaci\u00f3n, sustentabilidad y creaci\u00f3n de mayor valor agregado.<\/p>\n\n\n\n<p class=\"wp-block-paragraph\">Destaca que este a\u00f1o continuar\u00e1n desarrollando un trabajo de capacitaci\u00f3n en las 4 comunas de Zonas Rezagadas, que ya tuvo sus primeros logros el 2022 con la participaci\u00f3n de empresas del territorio en actividades en pa\u00edses como M\u00e9xico, Panam\u00e1, Turqu\u00eda y Colombia. Pero adem\u00e1s emprender\u00e1n un nuevo desaf\u00edo, que es el de ejecutar el Proyecto de Internacionalizaci\u00f3n de pisco, que busca posicionar a este producto local en los mercados del mundo.<\/p>\n\n\n\n<p class=\"wp-block-paragraph\"><strong>-\u00bfCu\u00e1les ser\u00e1n los desaf\u00edos de ProChile en la regi\u00f3n este a\u00f1o?<\/strong><br>\u201cLas pymes son el gran centro de nuestro trabajo y de nuestra gesti\u00f3n. Queremos que cada vez sean m\u00e1s las pymes de la regi\u00f3n que se puedan sumar al proceso exportador. El mercado internacional es s\u00faper receptivo de Chile, el pa\u00eds tiene una muy buena posici\u00f3n y, en ese sentido, queremos que nuestra regi\u00f3n tambi\u00e9n se haga parte de estos espacios y tenga cada vez mayor presencia, con productos tradicionales, muy vinculados con el \u00e1rea de alimentos, pero tambi\u00e9n con el \u00e1rea de la innovaci\u00f3n, dando mayor valor agregado a nuestra oferta\u201d.<\/p>\n\n\n\n<p class=\"wp-block-paragraph\"><strong>-\u00bfSe apunta a la diversificaci\u00f3n?<\/strong><br>\u201cClaro, tenemos un gran desaf\u00edo con los servicios, asociado a las vocaciones productivas de la zona. Servicios del agro, mineros, acu\u00edcolas, la inteligencia artificial, educaci\u00f3n, la idea es que vayan marcando presencia dentro del continente. As\u00ed que el trabajo con la pymes, el trabajo dentro de Am\u00e9rica Latina y la sofisticaci\u00f3n de nuestra oferta ser\u00e1 el foco. Hace unos d\u00edas estuvo de visita en la zona el Director General de la entidad, Ignacio Fern\u00e1ndez, y se llev\u00f3 una muy grata impresi\u00f3n de la diversidad de oferta existe y del compromiso que encontr\u00f3 en los distintos empresarios con los que se reuni\u00f3\u201d.<\/p>\n\n\n\n<p class=\"wp-block-paragraph\"><strong>-\u00bfCu\u00e1les van a ser las l\u00edneas de trabajo?<\/strong><br>\u201cSeguimos enfocados en los ejes transversales de ProChile, que son innovaci\u00f3n, mujeres, pueblos originarios y el comercio electr\u00f3nico como grandes plataformas de diferenciaci\u00f3n y de acercarnos al mundo, m\u00e1s toda la oferta productiva de la Regi\u00f3n de Coquimbo. Adem\u00e1s, continuamos este a\u00f1o ejecutando nuestro programa de capacitaci\u00f3n en Zonas Rezagadas y sumamos otra iniciativa, tambi\u00e9n a partir del FNDR, que es el proyecto de internacionalizaci\u00f3n del pisco\u201d.<\/p>\n\n\n\n<p class=\"wp-block-paragraph\"><strong>-\u00bfCu\u00e1les son los objetivos que tiene este proyecto de internacionalizaci\u00f3n?<\/strong><br>\u201cEl pisco tiene un tremendo desaf\u00edo que es darse a conocer internacionalmente de una forma mucho m\u00e1s potente. Aqu\u00ed en Chile todos conocemos el producto, sabemos cu\u00e1l es el origen y qu\u00e9 significa para las regiones de Atacama y Coquimbo, pero internacionalmente tenemos todo un mundo por descubrir, dar a conocer la versatilidad que tiene. Tambi\u00e9n se busca garantizar la presencia de nuevos actores y la rotaci\u00f3n de aquellos que ya han ido en avanzada y que tienen terreno ganado\u201d.<\/p>\n\n\n\n<p class=\"wp-block-paragraph\"><strong>-\u00bfQu\u00e9 tipo de actividades se van a desarrollar?<\/strong><br>\u201cLas cl\u00e1sicas que tienen que ver con el proceso de exportaciones, mucha educaci\u00f3n, master class, showrooms, la participaci\u00f3n en algunas ferias, concursos internacionales. Tambi\u00e9n implica traer invitados del exterior a recorrer las distintas bodegas para que se empapen y entiendan que es un proceso muy particular, con mucha tradici\u00f3n y que involucra no solamente la oferta pisquera, sino que a otros servicios como el turismo, el astroturismo, las gestiones culturales. Esto no es solo pisco, el pisco es la gran columna vertebral, pero con su gesti\u00f3n, va a repercutir en todo el resto de las industrias regionales\u201d.<\/p>\n\n\n\n<p class=\"wp-block-paragraph\"><strong>-\u00bfA qu\u00e9 mercados se aspira apuntar?<\/strong><br>\u201cEstamos trabajando justamente en definir cu\u00e1l va a ser el plan y el gran foco. No podemos perder de vista los mercados ancla que ha tenido este sector, EEUU, Reino Unido, China tambi\u00e9n es un actor importante, Canad\u00e1, Espa\u00f1a, donde vemos que tenemos ya una muy buena receptividad del producto y tenemos la posibilidad de dar a conocer nuevas marcas y permitir que quienes ya est\u00e1n vendiendo aseguren la rotaci\u00f3n de la categor\u00eda. Esto se va a complementar con muchos otros mercados donde buscaremos posibilidades, en algunos quiz\u00e1s no hemos hecho nada hasta el minuto y podr\u00edamos tener grandes opciones de crecer\u201d.<\/p>\n\n\n\n<p class=\"wp-block-paragraph\"><strong>-Habr\u00e1 un trabajo fundamental con las empresas, con Pisco Chile\u2026<\/strong><br>\u201cSin duda, el gran partner que tiene este proyecto es la Asociaci\u00f3n de Productores de Pisco, que fue el gran gestor de la negociaci\u00f3n para obtener estos recursos, adem\u00e1s del Gobierno Regional, siendo ProChile el agente ejecutor, con toda nuestra red de oficinas comerciales. Sin el apoyo de las empresas asociadas y no asociadas la verdad es que no podemos hacer nada. Este es un proyecto para las empresas pisqueras y que funciona con y para ellas en su desaf\u00edo de alcanzar mayores mercados internacionales\u201d.<\/p>\n\n\n\n<p class=\"wp-block-paragraph\"><strong>-Adem\u00e1s continuar\u00e1n el trabajo de capacitaci\u00f3n en Zonas Rezagadas\u2026<\/strong><\/p>\n\n\n\n<ul class=\"wp-block-list\"><li>\u201cHasta este a\u00f1o este proyecto ha estado vinculado a las comunas de Monte Patria, Combarbal\u00e1, Punitaqui y Canela. Esperamos prontamente sumar nuevos territorios como La Higuera, Vicu\u00f1a, R\u00edo Hurtado y Andacollo\u201d.<\/li><\/ul>\n\n\n\n<p class=\"wp-block-paragraph\">\u201cSi bien el territorio rezagado tiene sus complicaciones, tienen muchas posibilidades de ofertar productos que tienen cabida en los mercados internacionales. A trav\u00e9s de este proyecto, lo que nosotros hacemos es entregar herramientas y difusi\u00f3n de estas oportunidades a las distintas empresas de estas comunas y ponerlas de igual a igual, subi\u00e9ndoles las posibilidades de llegar a negociar con un cliente de cualquier lugar del mundo. Se basa fuertemente en la capacitaci\u00f3n, talleres, encuentros, seminarios que les permite ir formando un relato exportador y tambi\u00e9n misiones internacionales que los acercan a la realidad concreta de poder reunirse con potenciales importadores y negociar una inserci\u00f3n de sus productos en distintos destinos\u201d.<\/p>\n\n\n\n<p class=\"wp-block-paragraph\"><strong>-En el 2022 se logr\u00f3 que Pymes de zonas rezagadas pudieran salir a mercados como Panam\u00e1, M\u00e9xico, Turqu\u00eda, Colombia\u2026<\/strong><br>\u201cFueron tremendas experiencias de aprendizajes y de apertura al mundo sobre las posibilidades de lo que pueden llegar a hacer. Muchos de ellos vuelven de estas misiones con negocios ad portas y otros con aprendizajes de los planes de mejoras que deben incorporar en su oferta. Por ejemplo, los productores ap\u00edcolas que fueron a la Apimondia de Turqu\u00eda y quienes fueron al encuentro de turismo y artesan\u00eda de Colombia vieron todas las posibilidades de desarrollo y que lo que se puede aprender de afuera puede ser perfectamente incorporado y adaptado a la realidad de nuestros territorios\u201d.<\/p>\n\n\n\n<p class=\"wp-block-paragraph\"><strong>\u00bfEste a\u00f1o se espera seguir en la misma l\u00ednea?<\/strong><br>\u201cQueremos seguir en la misma senda de las capacitaciones y algunas misiones internacionales, poniendo en valor todo lo que se ha ido aprendiendo en este camino\u201d.<\/p>\n\n\n\n<p class=\"wp-block-paragraph\"><strong>\u00bfCu\u00e1l es el llamado a las empresas de las zonas rezagadas para que participen?<\/strong><br>\u201cQue se atrevan a postular a las convocatorias para que tengan las posibilidades de aprender y tener acercamiento a posibles clientes extranjeros\u201d.<\/p>\n","protected":false},"excerpt":{"rendered":"<p>La autoridad se\u00f1ala que al proyecto que viene desarrollando la entidad en Zonas Rezagadas, sumar\u00e1n este a\u00f1o la ejecuci\u00f3n de la iniciativa que buscar\u00e1 posicionar al pisco en los mercados internacionales. La diversificaci\u00f3n de la canasta exportadora regional sigue siendo una de las tareas fundamentales en las que se est\u00e1 enfocando ProChile en la zona. [&hellip;]<\/p>\n","protected":false},"author":1,"featured_media":8061,"comment_status":"open","ping_status":"open","sticky":false,"template":"","format":"standard","meta":{"tdm_status":"","tdm_grid_status":"","footnotes":"","_wpscppro_dont_share_socialmedia":false,"_wpscppro_custom_social_share_image":0,"_facebook_share_type":"","_twitter_share_type":"","_linkedin_share_type":"","_pinterest_share_type":"","_linkedin_share_type_page":"","_instagram_share_type":"","_medium_share_type":"","_threads_share_type":"","_google_business_share_type":"","_bluesky_share_type":"","_mastodon_share_type":"","_selected_social_profile":[],"_wpsp_enable_custom_social_template":false,"_wpsp_social_scheduling":{"enabled":false,"datetime":null,"platforms":[],"status":"template_only","dateOption":"today","timeOption":"now","customDays":"","customHours":"","customDate":"","customTime":"","schedulingType":"absolute"},"_wpsp_active_default_template":true},"categories":[1],"tags":[21,8,28],"class_list":["post-8060","post","type-post","status-publish","format-standard","has-post-thumbnail","hentry","category-uncategorized","tag-ipad","tag-marketing","tag-site-tips"],"_links":{"self":[{"href":"https:\/\/www.semanariotiempo.cl\/index.php?rest_route=\/wp\/v2\/posts\/8060","targetHints":{"allow":["GET"]}}],"collection":[{"href":"https:\/\/www.semanariotiempo.cl\/index.php?rest_route=\/wp\/v2\/posts"}],"about":[{"href":"https:\/\/www.semanariotiempo.cl\/index.php?rest_route=\/wp\/v2\/types\/post"}],"author":[{"embeddable":true,"href":"https:\/\/www.semanariotiempo.cl\/index.php?rest_route=\/wp\/v2\/users\/1"}],"replies":[{"embeddable":true,"href":"https:\/\/www.semanariotiempo.cl\/index.php?rest_route=%2Fwp%2Fv2%2Fcomments&post=8060"}],"version-history":[{"count":0,"href":"https:\/\/www.semanariotiempo.cl\/index.php?rest_route=\/wp\/v2\/posts\/8060\/revisions"}],"wp:featuredmedia":[{"embeddable":true,"href":"https:\/\/www.semanariotiempo.cl\/index.php?rest_route=\/wp\/v2\/media\/8061"}],"wp:attachment":[{"href":"https:\/\/www.semanariotiempo.cl\/index.php?rest_route=%2Fwp%2Fv2%2Fmedia&parent=8060"}],"wp:term":[{"taxonomy":"category","embeddable":true,"href":"https:\/\/www.semanariotiempo.cl\/index.php?rest_route=%2Fwp%2Fv2%2Fcategories&post=8060"},{"taxonomy":"post_tag","embeddable":true,"href":"https:\/\/www.semanariotiempo.cl\/index.php?rest_route=%2Fwp%2Fv2%2Ftags&post=8060"}],"curies":[{"name":"wp","href":"https:\/\/api.w.org\/{rel}","templated":true}]}}