{"id":8043,"date":"2023-04-17T22:32:45","date_gmt":"2023-04-17T22:32:45","guid":{"rendered":"https:\/\/www.semanariotiempo.cl\/?p=8043"},"modified":"2023-04-17T22:32:45","modified_gmt":"2023-04-17T22:32:45","slug":"protege-a-tu-pais","status":"publish","type":"post","link":"https:\/\/www.semanariotiempo.cl\/?p=8043","title":{"rendered":"Protege a tu pa\u00eds"},"content":{"rendered":"\n<p class=\"wp-block-paragraph\">Luego del reciente y lamentable asesinato de tres carabineros en actos de servicio en menos de 30 d\u00edas, los medios de comunicaci\u00f3n se han inundado de declaraciones que todos hemos le\u00eddo o escuchado en alg\u00fan momento: \u201cla delincuencia ha cambiado en Chile, el crimen organizado se ha tomado todas las regiones del pa\u00eds con un poder de fuego y una falta de escr\u00fapulos nunca visto. Necesitamos con urgencia de mayor control, firmeza en el actuar y un plan de inteligencia robusto para atacar a los responsables\u201d.<br>Otros invitan a dejar de lado diferencias pol\u00edticas y hacen un llamado a que las instituciones funcionen en forma efectiva, especialmente en el cumplimiento de las leyes y sobre todo en apoyo de la labor de Carabineros. Y no falta quien solicita la urgente entrega de recursos suficientes a nuestras fuerzas de orden y seguridad para contar con un equipamiento acorde a la situaci\u00f3n que vive el pa\u00eds. Pero sobre todo a reflexionar sobre la necesaria cultura de respeto a las instituciones que velan por la integridad de nuestras vidas. Finalmente alguien nos recuerda que todos estamos llamados a ser parte de la soluci\u00f3n del problema de la delincuencia estimulada y acrecentada por el narcotr\u00e1fico, record\u00e1ndonos que el progreso de nuestro pa\u00eds depende de condiciones b\u00e1sicas que permiten la convivencia en paz y el desarrollo seguro de las distintas actividades econ\u00f3micas.<br>Acertadas afirmaciones que hemos escuchado una y otra vez, a las que habr\u00eda que agregar m\u00e1s de alguna afirmaci\u00f3n o comentario rimbombante y grandilocuente de nuestras autoridades, a las que, si bien vemos esforzarse, no han encontrado un camino que nos ayude a enmendar en forma significativa una situaci\u00f3n que hace rato se nos arranc\u00f3 de las manos.<br>Ante esta realidad y la evidente incertidumbre que conlleva no tiene nada extra\u00f1o que nos preguntemos si el problema tiene alguna soluci\u00f3n. Por ahora las medidas legales y administrativas no evidencian progresos. Lo que nos obliga a preguntarnos: \u00bf Es suficiente con la dictaci\u00f3n de nuevas leyes, de invertir en mejores armas y medidas de protecci\u00f3n adem\u00e1s de nuevos procedimientos y t\u00e9cnicas de apoyo a las fuerzas de orden y seguridad?.<br>Es que nos quedamos con la boca abierta al enterarnos recientemente que en varios centros tur\u00edsticos de alta gama, como se dice, en un pa\u00eds como M\u00e9xico han tenido de desplegar una fuerza armada hasta los dientes de 8.000 efectivos para controlar una situaci\u00f3n de delincuencia fuera de control, afortunadamente sin muerte de turistas hasta el momento de la informaci\u00f3n, sino de integrantes de bandas de narcotraficantes.<br>Es ah\u00ed cuando nos preguntamos si alg\u00fan d\u00eda llegaremos a una situaci\u00f3n semejante o a\u00fan peor. El narcotraficante acude como las moscas a la miel a lugares donde circula gran cantidad de dinero y resulta evidente que los compradores son los que le dan sustento al negocio. En otras palabras se trata de una moneda de dos caras: la que vende y la que compra, de modo que si no hay compradores la cosa no funciona y se acaba el negocio.<br>Por tanto, resulta evidente que quienes le compran droga son tan responsables de la situaci\u00f3n como el que vende. El problema es que el comprador cree que tiene el derecho a comprarla en uso de su libertad cuando se trata de una evidente opci\u00f3n voluntarista sin tomar en cuenta que con ello estimula el narcotr\u00e1fico perjudicando a su propio pa\u00eds.<br>Lo que se podr\u00eda contrarrestar, al menos parcialmente, mediante una campa\u00f1a nacional invitando abiertamente a todo ciudadano a PROTEGER A SU PAIS de la amenaza del narcotr\u00e1fico. Hasta cierto punto suena una idea m\u00e1s bien propia de idealistas, pero si se consigue concientizar a todos los ciudadanos, aunque sea a largo plazo, habremos al menos utilizado un instrumento hasta ahora nunca utilizado. Incluso podr\u00edamos dictar leyes que penalicen el consumo y utilizar mensajes audiovisuales de tipo subliminal, autorizadas y supervisados por herramientas legales que las regulen, en televisi\u00f3n y en cines, e incluso a trav\u00e9s de las redes sociales que podr\u00edan aportar esta vez un valioso servicio a nuestro pa\u00eds.<\/p>\n\n\n\n<p style=\"background-color:#f6dcdc\" class=\"has-background wp-block-paragraph\"><strong>Dr. Gonzalo Petit<\/strong><br>M\u00e9dico<\/p>\n","protected":false},"excerpt":{"rendered":"<p>Luego del reciente y lamentable asesinato de tres carabineros en actos de servicio en menos de 30 d\u00edas, los medios de comunicaci\u00f3n se han inundado de declaraciones que todos hemos le\u00eddo o escuchado en alg\u00fan momento: \u201cla delincuencia ha cambiado en Chile, el crimen organizado se ha tomado todas las regiones del pa\u00eds con un [&hellip;]<\/p>\n","protected":false},"author":1,"featured_media":0,"comment_status":"open","ping_status":"open","sticky":false,"template":"","format":"standard","meta":{"tdm_status":"","tdm_grid_status":"","footnotes":"","_wpscppro_dont_share_socialmedia":false,"_wpscppro_custom_social_share_image":0,"_facebook_share_type":"","_twitter_share_type":"","_linkedin_share_type":"","_pinterest_share_type":"","_linkedin_share_type_page":"","_instagram_share_type":"","_medium_share_type":"","_threads_share_type":"","_google_business_share_type":"","_bluesky_share_type":"","_mastodon_share_type":"","_selected_social_profile":[],"_wpsp_enable_custom_social_template":false,"_wpsp_social_scheduling":{"enabled":false,"datetime":null,"platforms":[],"status":"template_only","dateOption":"today","timeOption":"now","customDays":"","customHours":"","customDate":"","customTime":"","schedulingType":"absolute"},"_wpsp_active_default_template":true},"categories":[],"tags":[25],"class_list":["post-8043","post","type-post","status-publish","format-standard","hentry","tag-wordpress-themes"],"_links":{"self":[{"href":"https:\/\/www.semanariotiempo.cl\/index.php?rest_route=\/wp\/v2\/posts\/8043","targetHints":{"allow":["GET"]}}],"collection":[{"href":"https:\/\/www.semanariotiempo.cl\/index.php?rest_route=\/wp\/v2\/posts"}],"about":[{"href":"https:\/\/www.semanariotiempo.cl\/index.php?rest_route=\/wp\/v2\/types\/post"}],"author":[{"embeddable":true,"href":"https:\/\/www.semanariotiempo.cl\/index.php?rest_route=\/wp\/v2\/users\/1"}],"replies":[{"embeddable":true,"href":"https:\/\/www.semanariotiempo.cl\/index.php?rest_route=%2Fwp%2Fv2%2Fcomments&post=8043"}],"version-history":[{"count":0,"href":"https:\/\/www.semanariotiempo.cl\/index.php?rest_route=\/wp\/v2\/posts\/8043\/revisions"}],"wp:attachment":[{"href":"https:\/\/www.semanariotiempo.cl\/index.php?rest_route=%2Fwp%2Fv2%2Fmedia&parent=8043"}],"wp:term":[{"taxonomy":"category","embeddable":true,"href":"https:\/\/www.semanariotiempo.cl\/index.php?rest_route=%2Fwp%2Fv2%2Fcategories&post=8043"},{"taxonomy":"post_tag","embeddable":true,"href":"https:\/\/www.semanariotiempo.cl\/index.php?rest_route=%2Fwp%2Fv2%2Ftags&post=8043"}],"curies":[{"name":"wp","href":"https:\/\/api.w.org\/{rel}","templated":true}]}}