{"id":7984,"date":"2023-04-07T00:13:15","date_gmt":"2023-04-07T00:13:15","guid":{"rendered":"https:\/\/www.semanariotiempo.cl\/?p=7984"},"modified":"2023-04-07T00:13:16","modified_gmt":"2023-04-07T00:13:16","slug":"region-de-coquimbo-tiene-139-del-agua-que-soportan-sus-embalses-aunque-lluvias-estarian-en-rango-normal","status":"publish","type":"post","link":"https:\/\/www.semanariotiempo.cl\/?p=7984","title":{"rendered":"Regi\u00f3n de Coquimbo tiene 13,9% del  agua que soportan sus embalses, aunque lluvias estar\u00edan en \u201crango normal\u201d"},"content":{"rendered":"\n<h4 class=\"has-vivid-red-color has-text-color wp-block-heading\"><strong>Sin embargo, el sistema hidrol\u00f3gico continuar\u00eda mostrando un comportamiento bajo en las tres provincias de la zona desde el a\u00f1o 2017, debido a las escasas lluvias y nevadas, en un escenario de alza en las temperaturas.<\/strong><\/h4>\n\n\n\n<div class=\"wp-block-image\"><figure class=\"aligncenter size-large\"><img loading=\"lazy\" decoding=\"async\" width=\"1024\" height=\"768\" src=\"https:\/\/www.semanariotiempo.cl\/wp-content\/uploads\/2023\/04\/Embalse-Puclaro-1024x768.jpg\" alt=\"\" class=\"wp-image-7985\" srcset=\"https:\/\/www.semanariotiempo.cl\/wp-content\/uploads\/2023\/04\/Embalse-Puclaro-1024x768.jpg 1024w, https:\/\/www.semanariotiempo.cl\/wp-content\/uploads\/2023\/04\/Embalse-Puclaro-300x225.jpg 300w, https:\/\/www.semanariotiempo.cl\/wp-content\/uploads\/2023\/04\/Embalse-Puclaro-768x576.jpg 768w, https:\/\/www.semanariotiempo.cl\/wp-content\/uploads\/2023\/04\/Embalse-Puclaro-80x60.jpg 80w, https:\/\/www.semanariotiempo.cl\/wp-content\/uploads\/2023\/04\/Embalse-Puclaro-265x198.jpg 265w, https:\/\/www.semanariotiempo.cl\/wp-content\/uploads\/2023\/04\/Embalse-Puclaro-696x522.jpg 696w, https:\/\/www.semanariotiempo.cl\/wp-content\/uploads\/2023\/04\/Embalse-Puclaro-1068x801.jpg 1068w, https:\/\/www.semanariotiempo.cl\/wp-content\/uploads\/2023\/04\/Embalse-Puclaro-560x420.jpg 560w, https:\/\/www.semanariotiempo.cl\/wp-content\/uploads\/2023\/04\/Embalse-Puclaro.jpg 1200w\" sizes=\"auto, (max-width: 1024px) 100vw, 1024px\" \/><\/figure><\/div>\n\n\n\n<p class=\"wp-block-paragraph\">Un total de 184 millones de m3 poseen, en conjunto, contienen los ochos embalses distribuidos en la regi\u00f3n de Coquimbo, represas destinadas a riego y el abastecimiento del consumo humano en la zona. El valor representa el 13,9% de los 1.325 millones de m3 que pueden soportar los tranques, de acuerdo al \u00faltimo bolet\u00edn de la Direcci\u00f3n General de Aguas (DGA).<br>Pese a ello, seg\u00fan la informaci\u00f3n del bolet\u00edn clim\u00e1tico elaborado por el \u00e1rea de Meteorolog\u00eda del Centro de Estudios Avanzados en Zonas \u00c1ridas (CEAZA), para el trimestre marzo-abril-mayo de 2023 se pronostican precipitaciones dentro del rango normal en toda la regi\u00f3n, a medida que finaliza la temporada seca y comienza la lluviosa.<br>Tal pron\u00f3stico, sumado a los actuales niveles de caudal, sugiri\u00f3 que el sistema hidrol\u00f3gico continuar\u00eda mostrando un comportamiento bajo lo normal en las tres provincias de la regi\u00f3n, situaci\u00f3n que persistir\u00eda, al menos, hasta primavera. Asimismo, el bolet\u00edn indic\u00f3 que para el mismo trimestre se pronostica que, respecto a la \u00e9poca del a\u00f1o, \u201clas temperaturas promedio en toda la regi\u00f3n de Coquimbo est\u00e9n por sobre el rango normal\u201d. Lo anterior implicar\u00eda que, de ocurrir episodios de baja temperatura m\u00ednima, \u00e9stos no ser\u00edan frecuentes, ni intensos.<br>El meteor\u00f3logo de CEAZA, Tom\u00e1s Caballero, explic\u00f3 que un pron\u00f3stico a largo plazo es poco certero \u201cdebido a la naturaleza ca\u00f3tica de la atm\u00f3sfera, donde peque\u00f1as perturbaciones pueden desencadenar eventos extremos e impredecibles a esta escala temporal. Actualmente, el fen\u00f3meno de El Ni\u00f1o no es el \u00fanico factor que determina la precipitaci\u00f3n en la regi\u00f3n, pues fen\u00f3menos como la mancha c\u00e1lida y la oscilaci\u00f3n Madden-Julian se superponen a los efectos de El Ni\u00f1o y hacen m\u00e1s compleja la tarea de realizar un pron\u00f3stico a largo plazo\u201d.<br>En lo que va de la temporada (abril 2022 \u2013 marzo 2023), el documento del centro cient\u00edfico indic\u00f3 que los caudales se presentan bajo lo normal en las tres cuencas de la regi\u00f3n. Los r\u00edos principales, de las tres provincias, registran 28% (Elqui), 41%(Limar\u00ed) y 34% (Choapa) de los valores hist\u00f3ricos de la temporada, respectivamente.<br>Los caudales presentan niveles muy bajos desde la primavera de 2017, debido a las escasas llu-vias y nevadas de los a\u00f1os 2018, 2019 y 2020, siendo el 2021 el cuarto a\u00f1o consecutivo en esta situaci\u00f3n, que no fue revertida por las precipitaciones en torno a lo normal de 2022.<br>El llamado del ejecutivo de Recursos H\u00eddricos de la Corporaci\u00f3n Regional de Desarrollo Productivo (CDRP), Cristian Baquedano, es a \u201cseguir cuidando el agua, realizando una adecuada gesti\u00f3n y realizando todas las medidas para su uso eficiente, pues el sistema h\u00eddrico regional se encuentra en una situaci\u00f3n muy cr\u00edtica y dependiente de las precipitaciones a\u00f1o a a\u00f1o, por lo que es vital tomar conciencia sobre la situaci\u00f3n que estamos viviendo en toda la regi\u00f3n\u201d.<\/p>\n","protected":false},"excerpt":{"rendered":"<p>Sin embargo, el sistema hidrol\u00f3gico continuar\u00eda mostrando un comportamiento bajo en las tres provincias de la zona desde el a\u00f1o 2017, debido a las escasas lluvias y nevadas, en un escenario de alza en las temperaturas. Un total de 184 millones de m3 poseen, en conjunto, contienen los ochos embalses distribuidos en la regi\u00f3n de [&hellip;]<\/p>\n","protected":false},"author":1,"featured_media":7985,"comment_status":"open","ping_status":"open","sticky":false,"template":"","format":"standard","meta":{"tdm_status":"","tdm_grid_status":"","footnotes":"","_wpscppro_dont_share_socialmedia":false,"_wpscppro_custom_social_share_image":0,"_facebook_share_type":"","_twitter_share_type":"","_linkedin_share_type":"","_pinterest_share_type":"","_linkedin_share_type_page":"","_instagram_share_type":"","_medium_share_type":"","_threads_share_type":"","_google_business_share_type":"","_bluesky_share_type":"","_mastodon_share_type":"","_selected_social_profile":[],"_wpsp_enable_custom_social_template":false,"_wpsp_social_scheduling":{"enabled":false,"datetime":null,"platforms":[],"status":"template_only","dateOption":"today","timeOption":"now","customDays":"","customHours":"","customDate":"","customTime":"","schedulingType":"absolute"},"_wpsp_active_default_template":true},"categories":[1],"tags":[8,7],"class_list":["post-7984","post","type-post","status-publish","format-standard","has-post-thumbnail","hentry","category-uncategorized","tag-marketing","tag-wordpress"],"_links":{"self":[{"href":"https:\/\/www.semanariotiempo.cl\/index.php?rest_route=\/wp\/v2\/posts\/7984","targetHints":{"allow":["GET"]}}],"collection":[{"href":"https:\/\/www.semanariotiempo.cl\/index.php?rest_route=\/wp\/v2\/posts"}],"about":[{"href":"https:\/\/www.semanariotiempo.cl\/index.php?rest_route=\/wp\/v2\/types\/post"}],"author":[{"embeddable":true,"href":"https:\/\/www.semanariotiempo.cl\/index.php?rest_route=\/wp\/v2\/users\/1"}],"replies":[{"embeddable":true,"href":"https:\/\/www.semanariotiempo.cl\/index.php?rest_route=%2Fwp%2Fv2%2Fcomments&post=7984"}],"version-history":[{"count":0,"href":"https:\/\/www.semanariotiempo.cl\/index.php?rest_route=\/wp\/v2\/posts\/7984\/revisions"}],"wp:featuredmedia":[{"embeddable":true,"href":"https:\/\/www.semanariotiempo.cl\/index.php?rest_route=\/wp\/v2\/media\/7985"}],"wp:attachment":[{"href":"https:\/\/www.semanariotiempo.cl\/index.php?rest_route=%2Fwp%2Fv2%2Fmedia&parent=7984"}],"wp:term":[{"taxonomy":"category","embeddable":true,"href":"https:\/\/www.semanariotiempo.cl\/index.php?rest_route=%2Fwp%2Fv2%2Fcategories&post=7984"},{"taxonomy":"post_tag","embeddable":true,"href":"https:\/\/www.semanariotiempo.cl\/index.php?rest_route=%2Fwp%2Fv2%2Ftags&post=7984"}],"curies":[{"name":"wp","href":"https:\/\/api.w.org\/{rel}","templated":true}]}}