{"id":7981,"date":"2023-04-07T00:10:44","date_gmt":"2023-04-07T00:10:44","guid":{"rendered":"https:\/\/www.semanariotiempo.cl\/?p=7981"},"modified":"2023-04-07T00:10:44","modified_gmt":"2023-04-07T00:10:44","slug":"cuatro-proyectos-de-desalacion-mas-embalses-reuso-de-aguas-en-emisarios-y-reflota-el-bombardeo-de-nubes-las-acciones-para-lidiar-con-la-extrema-sequia","status":"publish","type":"post","link":"https:\/\/www.semanariotiempo.cl\/?p=7981","title":{"rendered":"Cuatro proyectos de desalaci\u00f3n, m\u00e1s embalses, re\u00faso de aguas en emisarios, y reflota el bombardeo de nubes: las acciones para lidiar con la extrema sequ\u00eda"},"content":{"rendered":"\n<h4 class=\"has-vivid-red-color has-text-color wp-block-heading\"><strong>Tras siete meses se entreg\u00f3 un extenso informe sobre la situaci\u00f3n de escasez, con medidas a corto, mediano y largo plazo, consensuado con jefes (as) comunales, parlamentarios (as), gremios y empresas. El diagn\u00f3stico es que de no existir precipitaciones podr\u00eda haber racionamiento en las grandes ciudades, y lejos de erradicarse el problema es imposible asegurar el agua para los hogares y garantizar el consumo a las familias.<\/strong><\/h4>\n\n\n\n<div class=\"wp-block-image\"><figure class=\"aligncenter size-large\"><img loading=\"lazy\" decoding=\"async\" width=\"1024\" height=\"683\" src=\"https:\/\/www.semanariotiempo.cl\/wp-content\/uploads\/2023\/04\/CORE-agua-1024x683.jpg\" alt=\"\" class=\"wp-image-7982\" srcset=\"https:\/\/www.semanariotiempo.cl\/wp-content\/uploads\/2023\/04\/CORE-agua-1024x683.jpg 1024w, https:\/\/www.semanariotiempo.cl\/wp-content\/uploads\/2023\/04\/CORE-agua-300x200.jpg 300w, https:\/\/www.semanariotiempo.cl\/wp-content\/uploads\/2023\/04\/CORE-agua-768x512.jpg 768w, https:\/\/www.semanariotiempo.cl\/wp-content\/uploads\/2023\/04\/CORE-agua-696x464.jpg 696w, https:\/\/www.semanariotiempo.cl\/wp-content\/uploads\/2023\/04\/CORE-agua-1068x712.jpg 1068w, https:\/\/www.semanariotiempo.cl\/wp-content\/uploads\/2023\/04\/CORE-agua-630x420.jpg 630w, https:\/\/www.semanariotiempo.cl\/wp-content\/uploads\/2023\/04\/CORE-agua.jpg 1200w\" sizes=\"auto, (max-width: 1024px) 100vw, 1024px\" \/><\/figure><\/div>\n\n\n\n<p class=\"wp-block-paragraph\">Luego de siete meses de trabajo, la Comisi\u00f3n Especial de Emergencia H\u00eddrica del Consejo Regional (CORE) de Coquimbo entreg\u00f3, esta semana, un complejo informe, de 44 p\u00e1ginas, que recoge no solo la delicada situaci\u00f3n de estr\u00e9s h\u00eddrico en la regi\u00f3n, sino las medidas a corto, mediano y largo plazo para mitigar la dura sequ\u00eda que afecta -hace m\u00e1s de una d\u00e9cada- a la zona.<br>El documento contiene propuestas siendo las de mayor prioridad las que contribuyen a diversificar la matriz h\u00eddrica, considerando que si al 2026 no se recargan los acu\u00edferos, se continuar\u00e1 sobre explotando el sistema. Entre las conclusiones est\u00e1 el axioma que, de no existir nuevas fuentes, se producir\u00e1n serios problemas de disponibilidad del recurso.<br>El consejero regional, Darwin Ibacache, presidente de la instancia, que ahora en adelante funcionar\u00e1 de manera permanente, expuso que lejos de erradicarse la problem\u00e1tica, hoy no solo es imposible asegurar el agua para los hogares y garantizar el consumo a familias que buscan proyectarse en la regi\u00f3n, sino que en sectores rurales de Choapa y del Limar\u00ed, \u201cla gente aprendi\u00f3 a estar sin el vital elemento\u201d. En cuanto a las grandes ciudades, el colegiado agreg\u00f3 el racionamiento podr\u00eda darse a fines de a\u00f1o, de no existir lluvias durante este a\u00f1o.<\/p>\n\n\n\n<p class=\"wp-block-paragraph\"><strong>Propuestas<\/strong><br>Una de estas iniciativas contenidas en las conclusiones del informe es la que encabeza la empre-sa ECONSSA y que se relaciona con la reutilizaci\u00f3n de las aguas grises desde dos emisarios submarinos en La Serena y Coquimbo, adem\u00e1s de uno en Los Vilos. Se plante\u00f3 que el desaf\u00edo para el Gobierno Regional es definir dicha propuesta como de \u201cinter\u00e9s regional\u201d y poder financiar los estudios de factibilidad en el corto plazo.<br>Paralelamente, ser\u00e1 necesario modificar la normativa y definir cu\u00e1les ser\u00e1n los usos y el modelo de negocios. En esta idea tambi\u00e9n trabajan en l\u00ednea la Superintendencia de Servicios Sanitarios (SISS) y la Comisi\u00f3n H\u00eddrica de la Delegaci\u00f3n Presidencial.<br>Por otra parte, existen propuestas para la desalaci\u00f3n de agua de mar en Limar\u00ed a cargo del Ministerio de Obras P\u00fablicas; mientras Aguas del Valle est\u00e1 pr\u00f3xima a reingresar su proyecto de unos US$120 millones, tras sufrir el rev\u00e9s del t\u00e9rmino de revisi\u00f3n por parte del Sistema de Evaluaci\u00f3n de Impacto Ambiental (SEIA). En ese sentido, la comisi\u00f3n del CORE monitore\u00f3 a los titulares del proyecto Azul, que tambi\u00e9n prev\u00e9 la construcci\u00f3n de una plata al sur de la ciudad de Coquimbo.<br>Tambi\u00e9n se comparti\u00f3 la propuesta de la empresa DESALA para la provincia del Choapa.<br>Se prev\u00e9, adicionalmente, los recursos necesarios para la elaboraci\u00f3n de los estudios preinversionales para la construcci\u00f3n de grandes embalses de acumulaci\u00f3n como lo son Murallas Viejas y La Tranca, en la comuna de Combarbal\u00e1. A ello, podr\u00eda sumarse levantar tranques m\u00e1s peque\u00f1os en distintos sectores, complementando la acumulaci\u00f3n y distribuci\u00f3n del recurso.<br>\u201cDestaco la estrategia regional de dos embalses, tanto en el r\u00edo Cogot\u00ed como en el r\u00edo Combarbal\u00e1, y avanzar en el tema de la desalaci\u00f3n. Hay algunas propuestas ya han sido probadas en tiempo pasado con no muy buenos resultados, como el bombardeo de nubes, donde se invirti\u00f3 recursos importantes del Gobierno Regional, pero s\u00ed en la perspectiva de avanzar en la reutilizaci\u00f3n de aguas grises, que evitan que se pierda un volumen de aguas que llega al mar a trav\u00e9s de los colectores\u201d, comento el alcalde de Combarbal\u00e1, Pedro Castillo.<\/p>\n\n\n\n<p class=\"wp-block-paragraph\">En tanto, la Corporaci\u00f3n Paso Agua Negra (CORPAN) present\u00f3 los resultados de un proyecto de estimulaci\u00f3n de precipitaciones, a trav\u00e9s del bombardeo de nubes, desarrollado en el invierno de M\u00e9xico durante los a\u00f1os 2020 y 2021. La medici\u00f3n arroj\u00f3 un aumento de la pluviosidad entre un 25 a un 64%, aplicado en la zona de Baja California, de similares caracter\u00edsticas a la regi\u00f3n de Coquimbo. No obstante, esta idea fue complementada con la apreciaci\u00f3n del Instituto de Investigaciones Agropecuarias (INIA), que inform\u00f3 que no existen estudios cient\u00edficos respecto a experiencias que corroboren la efectividad del m\u00e9todo.<\/p>\n\n\n\n<p class=\"wp-block-paragraph\">La alcaldesa de R\u00edo Hurtado, Carmen Olivares, dijo que el informe entregado por el CORE considera todos los elementos que se han mencionados en las mesas de trabajo sobre el tema h\u00eddrico. \u201cParticip\u00e9 en varias de ellas y este informe considera el orden de prioridad, que tiene que ver con tener una desaladora para la regi\u00f3n que permita abastecer de agua a la conurbaci\u00f3n principalmente y la parte precordillerana, con los tranques de cabecera o reservorios de agua que permita regular su uso\u201d. destac\u00f3.<\/p>\n\n\n\n<p class=\"wp-block-paragraph\">El alcalde de Illapel, Denis Cort\u00e9s, opin\u00f3 que si bien el diagn\u00f3stico es conocido, \u201clos alcaldes hemos planteado poder agilizar algunas medidas que tienen que ver b\u00e1sicamente con agua para el consumo humano, desde los sistemas de cargu\u00edo, apurar los convenios con la Comisi\u00f3n Nacional de Riego (CNR) para atender las necesidades de los peque\u00f1os agricultores, la construcci\u00f3n o ampliaci\u00f3n de APR por parte del Ministerio de Obras P\u00fablicas, y, por cierto, ver el tema de las plantas desaladoras en el corto y mediano plazo, adem\u00e1s de la fiscalizaci\u00f3n\u201d.<\/p>\n","protected":false},"excerpt":{"rendered":"<p>Tras siete meses se entreg\u00f3 un extenso informe sobre la situaci\u00f3n de escasez, con medidas a corto, mediano y largo plazo, consensuado con jefes (as) comunales, parlamentarios (as), gremios y empresas. El diagn\u00f3stico es que de no existir precipitaciones podr\u00eda haber racionamiento en las grandes ciudades, y lejos de erradicarse el problema es imposible asegurar [&hellip;]<\/p>\n","protected":false},"author":1,"featured_media":7982,"comment_status":"open","ping_status":"open","sticky":false,"template":"","format":"standard","meta":{"tdm_status":"","tdm_grid_status":"","footnotes":"","_wpscppro_dont_share_socialmedia":false,"_wpscppro_custom_social_share_image":0,"_facebook_share_type":"","_twitter_share_type":"","_linkedin_share_type":"","_pinterest_share_type":"","_linkedin_share_type_page":"","_instagram_share_type":"","_medium_share_type":"","_threads_share_type":"","_google_business_share_type":"","_bluesky_share_type":"","_mastodon_share_type":"","_selected_social_profile":[],"_wpsp_enable_custom_social_template":false,"_wpsp_social_scheduling":{"enabled":false,"datetime":null,"platforms":[],"status":"template_only","dateOption":"today","timeOption":"now","customDays":"","customHours":"","customDate":"","customTime":"","schedulingType":"absolute"},"_wpsp_active_default_template":true},"categories":[],"tags":[16,8,7],"class_list":["post-7981","post","type-post","status-publish","format-standard","has-post-thumbnail","hentry","tag-make-money-online","tag-marketing","tag-wordpress"],"_links":{"self":[{"href":"https:\/\/www.semanariotiempo.cl\/index.php?rest_route=\/wp\/v2\/posts\/7981","targetHints":{"allow":["GET"]}}],"collection":[{"href":"https:\/\/www.semanariotiempo.cl\/index.php?rest_route=\/wp\/v2\/posts"}],"about":[{"href":"https:\/\/www.semanariotiempo.cl\/index.php?rest_route=\/wp\/v2\/types\/post"}],"author":[{"embeddable":true,"href":"https:\/\/www.semanariotiempo.cl\/index.php?rest_route=\/wp\/v2\/users\/1"}],"replies":[{"embeddable":true,"href":"https:\/\/www.semanariotiempo.cl\/index.php?rest_route=%2Fwp%2Fv2%2Fcomments&post=7981"}],"version-history":[{"count":0,"href":"https:\/\/www.semanariotiempo.cl\/index.php?rest_route=\/wp\/v2\/posts\/7981\/revisions"}],"wp:featuredmedia":[{"embeddable":true,"href":"https:\/\/www.semanariotiempo.cl\/index.php?rest_route=\/wp\/v2\/media\/7982"}],"wp:attachment":[{"href":"https:\/\/www.semanariotiempo.cl\/index.php?rest_route=%2Fwp%2Fv2%2Fmedia&parent=7981"}],"wp:term":[{"taxonomy":"category","embeddable":true,"href":"https:\/\/www.semanariotiempo.cl\/index.php?rest_route=%2Fwp%2Fv2%2Fcategories&post=7981"},{"taxonomy":"post_tag","embeddable":true,"href":"https:\/\/www.semanariotiempo.cl\/index.php?rest_route=%2Fwp%2Fv2%2Ftags&post=7981"}],"curies":[{"name":"wp","href":"https:\/\/api.w.org\/{rel}","templated":true}]}}