{"id":7978,"date":"2023-04-07T00:08:27","date_gmt":"2023-04-07T00:08:27","guid":{"rendered":"https:\/\/www.semanariotiempo.cl\/?p=7978"},"modified":"2023-04-07T00:08:28","modified_gmt":"2023-04-07T00:08:28","slug":"aguas-del-valle-es-reconocida-dentro-de-las-diez-mejores-empresas-para-trabajar-en-chile","status":"publish","type":"post","link":"https:\/\/www.semanariotiempo.cl\/?p=7978","title":{"rendered":"Aguas del Valle es reconocida  dentro de las diez mejores  empresas para trabajar en Chile"},"content":{"rendered":"\n<div class=\"wp-block-image\"><figure class=\"aligncenter size-large\"><img loading=\"lazy\" decoding=\"async\" width=\"1017\" height=\"763\" src=\"https:\/\/www.semanariotiempo.cl\/wp-content\/uploads\/2023\/04\/Premiaci\u00f3n-GPTW-aguas-del-valle.jpg\" alt=\"\" class=\"wp-image-7979\" srcset=\"https:\/\/www.semanariotiempo.cl\/wp-content\/uploads\/2023\/04\/Premiaci\u00f3n-GPTW-aguas-del-valle.jpg 1017w, https:\/\/www.semanariotiempo.cl\/wp-content\/uploads\/2023\/04\/Premiaci\u00f3n-GPTW-aguas-del-valle-300x225.jpg 300w, https:\/\/www.semanariotiempo.cl\/wp-content\/uploads\/2023\/04\/Premiaci\u00f3n-GPTW-aguas-del-valle-768x576.jpg 768w, https:\/\/www.semanariotiempo.cl\/wp-content\/uploads\/2023\/04\/Premiaci\u00f3n-GPTW-aguas-del-valle-80x60.jpg 80w, https:\/\/www.semanariotiempo.cl\/wp-content\/uploads\/2023\/04\/Premiaci\u00f3n-GPTW-aguas-del-valle-265x198.jpg 265w, https:\/\/www.semanariotiempo.cl\/wp-content\/uploads\/2023\/04\/Premiaci\u00f3n-GPTW-aguas-del-valle-696x522.jpg 696w, https:\/\/www.semanariotiempo.cl\/wp-content\/uploads\/2023\/04\/Premiaci\u00f3n-GPTW-aguas-del-valle-560x420.jpg 560w\" sizes=\"auto, (max-width: 1017px) 100vw, 1017px\" \/><\/figure><\/div>\n\n\n\n<p class=\"wp-block-paragraph\">Aguas del Valle junto a Esval, se ubicaron por primera vez en el Top Ten de empresas de entre 250 y 1.000 trabajadores, en el ranking anual \u201cGreat Place to Work\u201d (GPTW), que reconoce a los mejores lugares para desempe\u00f1arse laboralmente en Chile. La sanitaria alcanz\u00f3 el 8\u00b0 lugar, lo que representa un avance de cuatro puestos respecto al a\u00f1o pasado.<br>\u201cHemos recibido este hist\u00f3rico reconocimiento que nos llena de orgullo y a la vez nos motiva a seguir mejorando d\u00eda a d\u00eda, para entregar un mayor bienestar a quienes integran nuestra compa\u00f1\u00eda. Trabajamos para adaptarnos a los desaf\u00edos que nos plantea el entorno y liderar los cambios culturales para seguir contribuyendo al desarrollo de cada una de las personas que integran nuestros equipos, convirti\u00e9ndonos -otra vez- en un gran lugar para trabajar y crecer\u201d, dijo el ge-rente regional de Aguas del Valle, Andr\u00e9s Nazer.<br>El ejecutivo destac\u00f3 la alta participaci\u00f3n de los trabajadores en la encuesta que permite construir el indicador. \u201cTenemos muy claro que nuestra labor es fundamental para la vida de miles de familias. Por eso, en Aguas del Valle reconocemos el tremendo esfuerzo y dedicaci\u00f3n de nuestros trabajadores, en especial, por su entrega, resiliencia y adaptaci\u00f3n a cada proceso que enfrentamos, lo que nos permite seguir mejorando nuestra gesti\u00f3n\u201d, se\u00f1al\u00f3.<br>Dentro de los aspectos destacados por GPTW en la evaluaci\u00f3n de la sanitaria, est\u00e1 la credibilidad y respeto, reflejado en el trato justo e igualitario, independiente del g\u00e9nero, orientaci\u00f3n sexual o posici\u00f3n en la empresa. Adem\u00e1s, se valoraron los beneficios y el reconocimiento a los trabajadores.<\/p>\n","protected":false},"excerpt":{"rendered":"<p>Aguas del Valle junto a Esval, se ubicaron por primera vez en el Top Ten de empresas de entre 250 y 1.000 trabajadores, en el ranking anual \u201cGreat Place to Work\u201d (GPTW), que reconoce a los mejores lugares para desempe\u00f1arse laboralmente en Chile. La sanitaria alcanz\u00f3 el 8\u00b0 lugar, lo que representa un avance de [&hellip;]<\/p>\n","protected":false},"author":1,"featured_media":7979,"comment_status":"open","ping_status":"open","sticky":false,"template":"","format":"standard","meta":{"tdm_status":"","tdm_grid_status":"","footnotes":"","_wpscppro_dont_share_socialmedia":false,"_wpscppro_custom_social_share_image":0,"_facebook_share_type":"","_twitter_share_type":"","_linkedin_share_type":"","_pinterest_share_type":"","_linkedin_share_type_page":"","_instagram_share_type":"","_medium_share_type":"","_threads_share_type":"","_google_business_share_type":"","_bluesky_share_type":"","_mastodon_share_type":"","_selected_social_profile":[],"_wpsp_enable_custom_social_template":false,"_wpsp_social_scheduling":{"enabled":false,"datetime":null,"platforms":[],"status":"template_only","dateOption":"today","timeOption":"now","customDays":"","customHours":"","customDate":"","customTime":"","schedulingType":"absolute"},"_wpsp_active_default_template":true},"categories":[1],"tags":[8],"class_list":["post-7978","post","type-post","status-publish","format-standard","has-post-thumbnail","hentry","category-uncategorized","tag-marketing"],"_links":{"self":[{"href":"https:\/\/www.semanariotiempo.cl\/index.php?rest_route=\/wp\/v2\/posts\/7978","targetHints":{"allow":["GET"]}}],"collection":[{"href":"https:\/\/www.semanariotiempo.cl\/index.php?rest_route=\/wp\/v2\/posts"}],"about":[{"href":"https:\/\/www.semanariotiempo.cl\/index.php?rest_route=\/wp\/v2\/types\/post"}],"author":[{"embeddable":true,"href":"https:\/\/www.semanariotiempo.cl\/index.php?rest_route=\/wp\/v2\/users\/1"}],"replies":[{"embeddable":true,"href":"https:\/\/www.semanariotiempo.cl\/index.php?rest_route=%2Fwp%2Fv2%2Fcomments&post=7978"}],"version-history":[{"count":0,"href":"https:\/\/www.semanariotiempo.cl\/index.php?rest_route=\/wp\/v2\/posts\/7978\/revisions"}],"wp:featuredmedia":[{"embeddable":true,"href":"https:\/\/www.semanariotiempo.cl\/index.php?rest_route=\/wp\/v2\/media\/7979"}],"wp:attachment":[{"href":"https:\/\/www.semanariotiempo.cl\/index.php?rest_route=%2Fwp%2Fv2%2Fmedia&parent=7978"}],"wp:term":[{"taxonomy":"category","embeddable":true,"href":"https:\/\/www.semanariotiempo.cl\/index.php?rest_route=%2Fwp%2Fv2%2Fcategories&post=7978"},{"taxonomy":"post_tag","embeddable":true,"href":"https:\/\/www.semanariotiempo.cl\/index.php?rest_route=%2Fwp%2Fv2%2Ftags&post=7978"}],"curies":[{"name":"wp","href":"https:\/\/api.w.org\/{rel}","templated":true}]}}