{"id":7942,"date":"2023-04-04T22:59:56","date_gmt":"2023-04-04T22:59:56","guid":{"rendered":"https:\/\/www.semanariotiempo.cl\/?p=7942"},"modified":"2023-04-04T22:59:57","modified_gmt":"2023-04-04T22:59:57","slug":"tardanza-por-ejecucion-de-programa-de-apoyo-a-la-pequena-mineria-provoca-aspero-dialogo-entre-cores-y-gobernadora","status":"publish","type":"post","link":"https:\/\/www.semanariotiempo.cl\/?p=7942","title":{"rendered":"Tardanza por ejecuci\u00f3n de programa  de apoyo a la peque\u00f1a miner\u00eda provoca  \u00e1spero di\u00e1logo entre Cores y Gobernadora"},"content":{"rendered":"\n<h4 class=\"has-vivid-red-color has-text-color wp-block-heading\"><strong>Nuevo impasse en la quebrada relaci\u00f3n entre el cuerpo colegiado y la Gobernadora Krist Naranjo tampoco dio alcances del avance de la iniciativa. Seremi de Miner\u00eda, Constanza Espinosa comprometi\u00f3 la presentaci\u00f3n de un nuevo proyecto, de no existir una respuesta en la Direcci\u00f3n de Presupuestos.<\/strong><\/h4>\n\n\n\n<div class=\"wp-block-image\"><figure class=\"aligncenter size-large\"><img loading=\"lazy\" decoding=\"async\" width=\"1024\" height=\"768\" src=\"https:\/\/www.semanariotiempo.cl\/wp-content\/uploads\/2023\/04\/impasse-gobernadora-1024x768.jpg\" alt=\"\" class=\"wp-image-7943\" srcset=\"https:\/\/www.semanariotiempo.cl\/wp-content\/uploads\/2023\/04\/impasse-gobernadora-1024x768.jpg 1024w, https:\/\/www.semanariotiempo.cl\/wp-content\/uploads\/2023\/04\/impasse-gobernadora-300x225.jpg 300w, https:\/\/www.semanariotiempo.cl\/wp-content\/uploads\/2023\/04\/impasse-gobernadora-768x576.jpg 768w, https:\/\/www.semanariotiempo.cl\/wp-content\/uploads\/2023\/04\/impasse-gobernadora-80x60.jpg 80w, https:\/\/www.semanariotiempo.cl\/wp-content\/uploads\/2023\/04\/impasse-gobernadora-265x198.jpg 265w, https:\/\/www.semanariotiempo.cl\/wp-content\/uploads\/2023\/04\/impasse-gobernadora-696x522.jpg 696w, https:\/\/www.semanariotiempo.cl\/wp-content\/uploads\/2023\/04\/impasse-gobernadora-1068x801.jpg 1068w, https:\/\/www.semanariotiempo.cl\/wp-content\/uploads\/2023\/04\/impasse-gobernadora-560x420.jpg 560w, https:\/\/www.semanariotiempo.cl\/wp-content\/uploads\/2023\/04\/impasse-gobernadora.jpg 1200w\" sizes=\"auto, (max-width: 1024px) 100vw, 1024px\" \/><\/figure><\/div>\n\n\n\n<p class=\"wp-block-paragraph\">15:42 horas del martes 28 de marzo y la sesi\u00f3n 796 del Consejo Regional de Coquimbo, presidido por la gobernadora, Krist Naranjo, cambi\u00f3 r\u00e1pidamente su solemne tono e inici\u00f3 un duro cruce entre la m\u00e1xima autoridad regional y algunos colegiados.<br>\u00bfEl motivo? Representantes de la peque\u00f1a miner\u00eda, junto a trabajadores artesanales del sector, se convocaban al mediod\u00eda de esa jornada para monitorear un programa clave con recursos del Fondo Nacional de Desarrollo Regional (FNDR) de fomento al \u00e1rea, estacado desde el primer semestre del 2022.<\/p>\n\n\n\n<p class=\"wp-block-paragraph\"><strong>Y el \u00e1spero di\u00e1logo fue el siguiente:<\/strong><br>-Pedro Valencia, consejero regional: \u201cSe\u00f1orita presidenta (Krist Naranjo), nos solicitaron dar la palabra a las personas que nos acompa\u00f1an hoy, a la seremi de Miner\u00eda, Constanza Espinosa y el dirigente de los mineros, Rub\u00e9n Salinas\u201d.<br>-Krist Naranjo, Gobernadora Regional: \u201cTuvimos reuni\u00f3n con los mineros en la ma\u00f1ana y se le dio toda la informaci\u00f3n respecto al programa, y todav\u00eda no responde la Seremi de Miner\u00eda, por lo tanto no procede dar la palabra\u201d.<br>-Paola Cort\u00e9s, consejera regional: \u201cPodemos solicitar la palabra, presidenta. Y queremos escucharlos. Porque usted teme a escucharlos. Si bien tuvo una reuni\u00f3n con ellos, fue una cita donde no particip\u00f3 ning\u00fan consejero\u201d.<br>-Tatiana Castillo, consejera regional: \u201cQueremos escucharlos\u201d.<br>-Krist Naranjo: \u201cNo procede. Orden en la sala. Puedo dar o no la palabra a las personas que est\u00e9n en la sala. No es a votaci\u00f3n. No procede dar la palabra\u201d.<br>-Cristi\u00e1n Rondanelli, consejero regional: \u201cNo va a continuar la sesi\u00f3n gobernadora\u201d.<\/p>\n\n\n\n<p class=\"wp-block-paragraph\">La bochornosa escena incluy\u00f3 cortes de transmisi\u00f3n en las se\u00f1ales online de los canales formales de transmisi\u00f3n del Consejo Regional, incluso la interrupci\u00f3n de los micr\u00f3fonos, por orden de la propia Naranjo.<br>La desafortunada situaci\u00f3n tampoco logr\u00f3 dar avances de una pronta ejecuci\u00f3n del pro-grama, puesto que se debe esperar que la Direcci\u00f3n de Presupuesto (Dipres) autorice, y luego se someter\u00e1 a votaci\u00f3n por parte del Consejo Regional.<br>En caso que la respuesta sea negativa, o demore m\u00e1s de 15 d\u00edas h\u00e1biles, la seremi de Miner\u00eda, Constanza Espinosa, presentar\u00e1 una nueva iniciativa con cargo al FNDR, que se ajuste a la normativa vigente.<\/p>\n\n\n\n<p class=\"wp-block-paragraph\">El mi\u00e9rcoles 29 de marzo, los actores se volvieron a reunir, y pareciera que se lleg\u00f3 a un acuerdo, donde se dar\u00e1 m\u00e1xima celeridad a los procesos de entrega de recursos.<br>Espinosa se comprometi\u00f3 a realizar todas las gestiones necesarias para obtener el propiciamiento del organismo, dependiente del Ministerio de Hacienda. \u201cEstamos muy contentos porque es importante que por fin se le da avance al programa, tambi\u00e9n vemos el \u00e1nimo que sea presentado prontamente al Consejo Regional. Esperamos que el pronunciamiento de la Dipres ser\u00e1 positivo\u201d, recalc\u00f3 la autoridad sectorial.<br>\u201cLos mineros son personas que viven y trabajan en condiciones extremadamente precarias, y es nuestro deber potenciar una calidad de vida mejor, fomentar un trabajo digno y decente, y este tipo de acuerdos nos permite que podamos realizar nuestro trabajo\u201d, agreg\u00f3.<\/p>\n\n\n\n<p class=\"wp-block-paragraph\">Erick Berr\u00edos, presidente del Sindicato de Pirquineros y Peque\u00f1os Mineros de Andacollo, se\u00f1al\u00f3 que el acuerdo est\u00e1 escrito y firmado, con compromisos que deber\u00e1n cumplir cada una de las partes para liberar los fondos. \u201cCambia bastante las expectativas, hemos logra-do humo blanco\u201d, mencion\u00f3.<\/p>\n\n\n\n<p class=\"wp-block-paragraph\">Macarena Molina, dirigente del Sindicato Minero de Monte Patria, lament\u00f3 que solo reci\u00e9n de dos movilizaciones se logr\u00f3 \u201calgo m\u00e1s concreto\u201d, mientras Rub\u00e9n Salinas, presidente de la Asociaci\u00f3n Gremial Nacional de la Peque\u00f1a Miner\u00eda de Chile, afirm\u00f3 que \u201cluego de un largo tiempo de dimes y diretes, y de manifestaciones, donde la peque\u00f1a miner\u00eda mancomunada logr\u00f3 sensibilizar a los actores relevantes, en este caso el Gobierno Regional tiene una buena disposici\u00f3n\u201d.<\/p>\n","protected":false},"excerpt":{"rendered":"<p>Nuevo impasse en la quebrada relaci\u00f3n entre el cuerpo colegiado y la Gobernadora Krist Naranjo tampoco dio alcances del avance de la iniciativa. Seremi de Miner\u00eda, Constanza Espinosa comprometi\u00f3 la presentaci\u00f3n de un nuevo proyecto, de no existir una respuesta en la Direcci\u00f3n de Presupuestos. 15:42 horas del martes 28 de marzo y la sesi\u00f3n [&hellip;]<\/p>\n","protected":false},"author":1,"featured_media":7943,"comment_status":"open","ping_status":"open","sticky":false,"template":"","format":"standard","meta":{"tdm_status":"","tdm_grid_status":"","footnotes":"","_wpscppro_dont_share_socialmedia":false,"_wpscppro_custom_social_share_image":0,"_facebook_share_type":"","_twitter_share_type":"","_linkedin_share_type":"","_pinterest_share_type":"","_linkedin_share_type_page":"","_instagram_share_type":"","_medium_share_type":"","_threads_share_type":"","_google_business_share_type":"","_bluesky_share_type":"","_mastodon_share_type":"","_selected_social_profile":[],"_wpsp_enable_custom_social_template":false,"_wpsp_social_scheduling":{"enabled":false,"datetime":null,"platforms":[],"status":"template_only","dateOption":"today","timeOption":"now","customDays":"","customHours":"","customDate":"","customTime":"","schedulingType":"absolute"},"_wpsp_active_default_template":true},"categories":[1],"tags":[8],"class_list":["post-7942","post","type-post","status-publish","format-standard","has-post-thumbnail","hentry","category-uncategorized","tag-marketing"],"_links":{"self":[{"href":"https:\/\/www.semanariotiempo.cl\/index.php?rest_route=\/wp\/v2\/posts\/7942","targetHints":{"allow":["GET"]}}],"collection":[{"href":"https:\/\/www.semanariotiempo.cl\/index.php?rest_route=\/wp\/v2\/posts"}],"about":[{"href":"https:\/\/www.semanariotiempo.cl\/index.php?rest_route=\/wp\/v2\/types\/post"}],"author":[{"embeddable":true,"href":"https:\/\/www.semanariotiempo.cl\/index.php?rest_route=\/wp\/v2\/users\/1"}],"replies":[{"embeddable":true,"href":"https:\/\/www.semanariotiempo.cl\/index.php?rest_route=%2Fwp%2Fv2%2Fcomments&post=7942"}],"version-history":[{"count":0,"href":"https:\/\/www.semanariotiempo.cl\/index.php?rest_route=\/wp\/v2\/posts\/7942\/revisions"}],"wp:featuredmedia":[{"embeddable":true,"href":"https:\/\/www.semanariotiempo.cl\/index.php?rest_route=\/wp\/v2\/media\/7943"}],"wp:attachment":[{"href":"https:\/\/www.semanariotiempo.cl\/index.php?rest_route=%2Fwp%2Fv2%2Fmedia&parent=7942"}],"wp:term":[{"taxonomy":"category","embeddable":true,"href":"https:\/\/www.semanariotiempo.cl\/index.php?rest_route=%2Fwp%2Fv2%2Fcategories&post=7942"},{"taxonomy":"post_tag","embeddable":true,"href":"https:\/\/www.semanariotiempo.cl\/index.php?rest_route=%2Fwp%2Fv2%2Ftags&post=7942"}],"curies":[{"name":"wp","href":"https:\/\/api.w.org\/{rel}","templated":true}]}}