{"id":7937,"date":"2023-04-04T22:56:46","date_gmt":"2023-04-04T22:56:46","guid":{"rendered":"https:\/\/www.semanariotiempo.cl\/?p=7937"},"modified":"2023-04-04T22:56:47","modified_gmt":"2023-04-04T22:56:47","slug":"homenaje-postumo-destacan-aporte-de-educador-ambiental-de-la-region-de-coquimbo","status":"publish","type":"post","link":"https:\/\/www.semanariotiempo.cl\/?p=7937","title":{"rendered":"Homenaje p\u00f3stumo: Destacan aporte de  educador ambiental de la Regi\u00f3n de Coquimbo"},"content":{"rendered":"\n<h4 class=\"has-vivid-red-color has-text-color wp-block-heading\"><strong>El funcionario p\u00fablico colabor\u00f3 cerca de 50 a\u00f1os al conocimiento del recurso h\u00eddrico a nivel local, participando en diversas instancias educativas.<\/strong><\/h4>\n\n\n\n<div class=\"wp-block-image\"><figure class=\"aligncenter size-large\"><img loading=\"lazy\" decoding=\"async\" width=\"1024\" height=\"765\" src=\"https:\/\/www.semanariotiempo.cl\/wp-content\/uploads\/2023\/04\/F2-Educador-Ambiental-1024x765.jpg\" alt=\"\" class=\"wp-image-7938\" srcset=\"https:\/\/www.semanariotiempo.cl\/wp-content\/uploads\/2023\/04\/F2-Educador-Ambiental-1024x765.jpg 1024w, https:\/\/www.semanariotiempo.cl\/wp-content\/uploads\/2023\/04\/F2-Educador-Ambiental-300x224.jpg 300w, https:\/\/www.semanariotiempo.cl\/wp-content\/uploads\/2023\/04\/F2-Educador-Ambiental-768x573.jpg 768w, https:\/\/www.semanariotiempo.cl\/wp-content\/uploads\/2023\/04\/F2-Educador-Ambiental-80x60.jpg 80w, https:\/\/www.semanariotiempo.cl\/wp-content\/uploads\/2023\/04\/F2-Educador-Ambiental-265x198.jpg 265w, https:\/\/www.semanariotiempo.cl\/wp-content\/uploads\/2023\/04\/F2-Educador-Ambiental-696x520.jpg 696w, https:\/\/www.semanariotiempo.cl\/wp-content\/uploads\/2023\/04\/F2-Educador-Ambiental-1068x797.jpg 1068w, https:\/\/www.semanariotiempo.cl\/wp-content\/uploads\/2023\/04\/F2-Educador-Ambiental-563x420.jpg 563w, https:\/\/www.semanariotiempo.cl\/wp-content\/uploads\/2023\/04\/F2-Educador-Ambiental.jpg 1200w\" sizes=\"auto, (max-width: 1024px) 100vw, 1024px\" \/><\/figure><\/div>\n\n\n\n<div class=\"wp-block-image\"><figure class=\"aligncenter size-large\"><img loading=\"lazy\" decoding=\"async\" width=\"1024\" height=\"768\" src=\"https:\/\/www.semanariotiempo.cl\/wp-content\/uploads\/2023\/04\/F3-Educador-Ambiental-1024x768.jpg\" alt=\"\" class=\"wp-image-7940\" srcset=\"https:\/\/www.semanariotiempo.cl\/wp-content\/uploads\/2023\/04\/F3-Educador-Ambiental-1024x768.jpg 1024w, https:\/\/www.semanariotiempo.cl\/wp-content\/uploads\/2023\/04\/F3-Educador-Ambiental-300x225.jpg 300w, https:\/\/www.semanariotiempo.cl\/wp-content\/uploads\/2023\/04\/F3-Educador-Ambiental-768x576.jpg 768w, https:\/\/www.semanariotiempo.cl\/wp-content\/uploads\/2023\/04\/F3-Educador-Ambiental-80x60.jpg 80w, https:\/\/www.semanariotiempo.cl\/wp-content\/uploads\/2023\/04\/F3-Educador-Ambiental-265x198.jpg 265w, https:\/\/www.semanariotiempo.cl\/wp-content\/uploads\/2023\/04\/F3-Educador-Ambiental-696x522.jpg 696w, https:\/\/www.semanariotiempo.cl\/wp-content\/uploads\/2023\/04\/F3-Educador-Ambiental-1068x801.jpg 1068w, https:\/\/www.semanariotiempo.cl\/wp-content\/uploads\/2023\/04\/F3-Educador-Ambiental-560x420.jpg 560w, https:\/\/www.semanariotiempo.cl\/wp-content\/uploads\/2023\/04\/F3-Educador-Ambiental.jpg 1200w\" sizes=\"auto, (max-width: 1024px) 100vw, 1024px\" \/><\/figure><\/div>\n\n\n\n<p class=\"wp-block-paragraph\">En el marco del D\u00eda Mundial del Agua, profesionales de la Mesa de Educaci\u00f3n para la Sustentabilidad, realizaron el 24 de marzo un homenaje a Gustavo Freixas Jim\u00e9nez en la Estaci\u00f3n Fluviom\u00e9trica de El Almendral de la comuna de Vicu\u00f1a. El reconocido ex funcionario que se desempe\u00f1\u00f3 como especialista t\u00e9cnico hidromensor de la Direcci\u00f3n General de Aguas (DGA), falleci\u00f3 en diciembre de 2022, a sus 72 a\u00f1os.<br>Para quienes tuvieron la oportunidad de conocerlo, el profesional sobresal\u00eda por su amabilidad y voluntad de compartir su experiencia, con el entusiasmo que lo caracterizaba, acerca del ciclo del agua en la zona. Durante sus \u00faltimos a\u00f1os, traspas\u00f3 su conocimiento a j\u00f3venes, establecimientos educacionales y personal de la DGA.<\/p>\n\n\n\n<p class=\"wp-block-paragraph\"><strong>Legado para la educaci\u00f3n ambiental<\/strong><br>Paloma N\u00fa\u00f1ez encargada del Programa de Ciencia Ciudadana del CEAZA indic\u00f3 que elaboraron el cuento \u201cLa Roca Andesita y el Agua Milenaria\u201d basado en recorridos que realizaron juntos hacia la cordillera de Tulahu\u00e9n. \u201cFue un viaje muy bello, puede que haya sido su \u00faltima visita a la cordillera de Monte Patria, pero fue muy provechoso. \u00c9l escribi\u00f3 la presentaci\u00f3n del cuento y se sent\u00eda muy orgulloso y emocionado del producto final.\u201d<\/p>\n\n\n\n<p class=\"wp-block-paragraph\">Asimismo, Pilar P\u00e9rez, encargada de Educaci\u00f3n Ambiental de la SEREMI del Medio Ambiente, se\u00f1al\u00f3 que \u201c\u00e9l ten\u00eda la capacidad de explicar de manera simple todo lo relacionado al agua. Elaboraba herramientas pedag\u00f3gicas para el aprendizaje, con alumnos tesistas y practicantes de la DGA. En el a\u00f1o 2011 inici\u00f3 su colaboraci\u00f3n con la red de profesionales de la Mesa de Educaci\u00f3n Sustentable hasta que su salud se lo permiti\u00f3, participando en agosto de 2022 en el 13\u00b0 Seminario Habla Educador.\u201d<br>Finalmente, Pamela Garay, jefa de la Unidad de Supervigilancia de Organizaciones de Usuarios de la DGA, explic\u00f3 que el educador ambiental \u201cse relacion\u00f3 pr\u00e1cticamente toda su vida laboral con el recurso h\u00eddrico, ya que se desempe\u00f1\u00f3 casi 50 a\u00f1os en la DGA. Trabaj\u00f3 en Santiago en temas de rutas de nieve, por lo que ten\u00eda mucho conocimiento sobre nieves y glaciares. Luego en la regi\u00f3n de Coquimbo, fue el hidromensor de la provincia de Elqui, donde realizaba el monitoreo de caudales y calidad de aguas, por lo que conoc\u00eda la cuenca desde cordillera a mar.\u201d<\/p>\n","protected":false},"excerpt":{"rendered":"<p>El funcionario p\u00fablico colabor\u00f3 cerca de 50 a\u00f1os al conocimiento del recurso h\u00eddrico a nivel local, participando en diversas instancias educativas. En el marco del D\u00eda Mundial del Agua, profesionales de la Mesa de Educaci\u00f3n para la Sustentabilidad, realizaron el 24 de marzo un homenaje a Gustavo Freixas Jim\u00e9nez en la Estaci\u00f3n Fluviom\u00e9trica de El [&hellip;]<\/p>\n","protected":false},"author":1,"featured_media":7938,"comment_status":"open","ping_status":"open","sticky":false,"template":"","format":"standard","meta":{"tdm_status":"","tdm_grid_status":"","footnotes":"","_wpscppro_dont_share_socialmedia":false,"_wpscppro_custom_social_share_image":0,"_facebook_share_type":"","_twitter_share_type":"","_linkedin_share_type":"","_pinterest_share_type":"","_linkedin_share_type_page":"","_instagram_share_type":"","_medium_share_type":"","_threads_share_type":"","_google_business_share_type":"","_bluesky_share_type":"","_mastodon_share_type":"","_selected_social_profile":[],"_wpsp_enable_custom_social_template":false,"_wpsp_social_scheduling":{"enabled":false,"datetime":null,"platforms":[],"status":"template_only","dateOption":"today","timeOption":"now","customDays":"","customHours":"","customDate":"","customTime":"","schedulingType":"absolute"},"_wpsp_active_default_template":true},"categories":[1],"tags":[16,8],"class_list":["post-7937","post","type-post","status-publish","format-standard","has-post-thumbnail","hentry","category-uncategorized","tag-make-money-online","tag-marketing"],"_links":{"self":[{"href":"https:\/\/www.semanariotiempo.cl\/index.php?rest_route=\/wp\/v2\/posts\/7937","targetHints":{"allow":["GET"]}}],"collection":[{"href":"https:\/\/www.semanariotiempo.cl\/index.php?rest_route=\/wp\/v2\/posts"}],"about":[{"href":"https:\/\/www.semanariotiempo.cl\/index.php?rest_route=\/wp\/v2\/types\/post"}],"author":[{"embeddable":true,"href":"https:\/\/www.semanariotiempo.cl\/index.php?rest_route=\/wp\/v2\/users\/1"}],"replies":[{"embeddable":true,"href":"https:\/\/www.semanariotiempo.cl\/index.php?rest_route=%2Fwp%2Fv2%2Fcomments&post=7937"}],"version-history":[{"count":0,"href":"https:\/\/www.semanariotiempo.cl\/index.php?rest_route=\/wp\/v2\/posts\/7937\/revisions"}],"wp:featuredmedia":[{"embeddable":true,"href":"https:\/\/www.semanariotiempo.cl\/index.php?rest_route=\/wp\/v2\/media\/7938"}],"wp:attachment":[{"href":"https:\/\/www.semanariotiempo.cl\/index.php?rest_route=%2Fwp%2Fv2%2Fmedia&parent=7937"}],"wp:term":[{"taxonomy":"category","embeddable":true,"href":"https:\/\/www.semanariotiempo.cl\/index.php?rest_route=%2Fwp%2Fv2%2Fcategories&post=7937"},{"taxonomy":"post_tag","embeddable":true,"href":"https:\/\/www.semanariotiempo.cl\/index.php?rest_route=%2Fwp%2Fv2%2Ftags&post=7937"}],"curies":[{"name":"wp","href":"https:\/\/api.w.org\/{rel}","templated":true}]}}