{"id":7889,"date":"2023-03-29T22:08:59","date_gmt":"2023-03-29T22:08:59","guid":{"rendered":"https:\/\/www.semanariotiempo.cl\/?p=7889"},"modified":"2023-03-29T22:08:59","modified_gmt":"2023-03-29T22:08:59","slug":"los-argumentos-que-sellaron-la-suerte-de-claudio-renteria-el-destituido-alcalde-de-ovalle","status":"publish","type":"post","link":"https:\/\/www.semanariotiempo.cl\/?p=7889","title":{"rendered":"Los argumentos que sellaron la suerte de Claudio Renter\u00eda, el destituido alcalde de Ovalle"},"content":{"rendered":"\n<h4 class=\"has-vivid-red-color has-text-color wp-block-heading\"><strong>La falta m\u00e1s grave se relaciona no adoptar acciones o medidas tendientes a determinar el origen, ni recuperar los recursos asociados al d\u00e9ficit de $6.835.248.976 que presentaba el Departamento de Administraci\u00f3n de la Educaci\u00f3n Municipal de Ovalle (DAEM), al 31 de diciembre de 2014, cuya infracci\u00f3n reviste la agravante de aprobar igualmente el presupuesto municipal para el a\u00f1o 2015.<\/strong><\/h4>\n\n\n\n<div class=\"wp-block-image\"><figure class=\"aligncenter size-large\"><img loading=\"lazy\" decoding=\"async\" width=\"960\" height=\"542\" src=\"https:\/\/www.semanariotiempo.cl\/wp-content\/uploads\/2023\/03\/Concejo-Comunal-de-Ovalle.jpg\" alt=\"\" class=\"wp-image-7890\" srcset=\"https:\/\/www.semanariotiempo.cl\/wp-content\/uploads\/2023\/03\/Concejo-Comunal-de-Ovalle.jpg 960w, https:\/\/www.semanariotiempo.cl\/wp-content\/uploads\/2023\/03\/Concejo-Comunal-de-Ovalle-300x169.jpg 300w, https:\/\/www.semanariotiempo.cl\/wp-content\/uploads\/2023\/03\/Concejo-Comunal-de-Ovalle-768x434.jpg 768w, https:\/\/www.semanariotiempo.cl\/wp-content\/uploads\/2023\/03\/Concejo-Comunal-de-Ovalle-696x393.jpg 696w, https:\/\/www.semanariotiempo.cl\/wp-content\/uploads\/2023\/03\/Concejo-Comunal-de-Ovalle-744x420.jpg 744w\" sizes=\"auto, (max-width: 960px) 100vw, 960px\" \/><\/figure><\/div>\n\n\n\n<p class=\"wp-block-paragraph\">Durante la tarde del martes 21 de marzo, el Tribunal Calificador de Elecciones (Tricel) confirm\u00f3 la sentencia para destituir a Claudio Renter\u00eda como alcalde de Ovalle. La historia comenz\u00f3 a inicios de noviembre en 2022, cuando se anunciaba -sorpresivamente- la salida del jefe comunal independiente, ex RN, por faltas a la probidad administrativa y un notable abandono de deberes correspondiente a su cargo.<br>La decisi\u00f3n se fund\u00f3 luego que el Tribunal acogiera cuatro de los siete cargos que fueron presentados, estableciendo que el ex edil incurri\u00f3 en la causal c) del art\u00edculo 60 de la Ley 18.695, lo que es una contravenci\u00f3n grave de las normas sobre probidad. A juicio de la instancia, Renter\u00eda no adopt\u00f3 las acciones o medidas tendientes a determinar el origen, ni menos la forma para recuperar los recursos asociados al d\u00e9ficit de $6.835.248.976 que presentaba el Departamento de Administraci\u00f3n de la Educaci\u00f3n Municipal de Ovalle (DAEM), al 31 de diciembre de 2014, cuya infracci\u00f3n funcionaria no s\u00f3lo reviste gravedad, sino que adem\u00e1s constituye una agravante, puesto que a pesar de los problemas financieros del DAEM, igualmente propuso aprobar el presupuesto para el a\u00f1o 2015.<br>A la remoci\u00f3n de su puesto se agrega una inhabilitaci\u00f3n para el ejercicio de cualquier cargo p\u00fablico por cinco a\u00f1os. Renter\u00eda a\u00fan cuenta con la instancia para apelar a la sentencia, lo que debe hacer en calidad de suspendido de su cargo.<br>Una vez que la resoluci\u00f3n del Tricel sea notificada, el secretario municipal de Ovalle tendr\u00e1 un plazo de 10 d\u00edas para convocar al Concejo Municipal a una sesi\u00f3n en la que los ocho ediles deben elegir a uno de ellos para que ocupe el cargo de alcalde hasta las pr\u00f3ximas elecciones.<\/p>\n\n\n\n<div class=\"wp-block-image\"><figure class=\"aligncenter size-large is-resized\"><img loading=\"lazy\" decoding=\"async\" src=\"https:\/\/www.semanariotiempo.cl\/wp-content\/uploads\/2023\/03\/Claudio-Renter\u00eda-ex-alcalde-de-Ovalle-2-1024x802.jpg\" alt=\"\" class=\"wp-image-7891\" width=\"512\" height=\"401\" srcset=\"https:\/\/www.semanariotiempo.cl\/wp-content\/uploads\/2023\/03\/Claudio-Renter\u00eda-ex-alcalde-de-Ovalle-2-1024x802.jpg 1024w, https:\/\/www.semanariotiempo.cl\/wp-content\/uploads\/2023\/03\/Claudio-Renter\u00eda-ex-alcalde-de-Ovalle-2-300x235.jpg 300w, https:\/\/www.semanariotiempo.cl\/wp-content\/uploads\/2023\/03\/Claudio-Renter\u00eda-ex-alcalde-de-Ovalle-2-768x602.jpg 768w, https:\/\/www.semanariotiempo.cl\/wp-content\/uploads\/2023\/03\/Claudio-Renter\u00eda-ex-alcalde-de-Ovalle-2-696x545.jpg 696w, https:\/\/www.semanariotiempo.cl\/wp-content\/uploads\/2023\/03\/Claudio-Renter\u00eda-ex-alcalde-de-Ovalle-2-1068x837.jpg 1068w, https:\/\/www.semanariotiempo.cl\/wp-content\/uploads\/2023\/03\/Claudio-Renter\u00eda-ex-alcalde-de-Ovalle-2-536x420.jpg 536w, https:\/\/www.semanariotiempo.cl\/wp-content\/uploads\/2023\/03\/Claudio-Renter\u00eda-ex-alcalde-de-Ovalle-2.jpg 1200w\" sizes=\"auto, (max-width: 512px) 100vw, 512px\" \/><\/figure><\/div>\n\n\n\n<p class=\"wp-block-paragraph\">Dentro de los cargos presentados en contra del alcalde por los concejales de la administraci\u00f3n Armando Mondaca, Carlos Ramos, H\u00e9ctor Maluenda y Jonathan Acu\u00f1a, \u00e9ste \u00faltimo como jefe comunal suplente, se encuentran el pago de horas extras realizado a la cu\u00f1ada del alcalde presuntamente sin respaldo administrativo; la presentaci\u00f3n para repostularse a alcalde siendo exsecretario Municipal, para lo cual no habr\u00eda solicitado un segundo per\u00edodo de permiso; haber desobedecido una orden de Contralor\u00eda al no reintegrar en sus labores al destituido Jefe de Administraci\u00f3n y Finanzas, siendo que ser\u00eda de obligatorio cumplimiento.<\/p>\n\n\n\n<p class=\"wp-block-paragraph\">Las otras quejas se relacionan con haber nombrado como director en el Departamento de Salud Municipal a un encargado sin concurso y con un cargo sin respaldo administrativo; la realizaci\u00f3n de descuentos previsionales al personal del Departamento de Educaci\u00f3n por sus cotizaciones, las que fueron pagadas extempor\u00e1neamente generando multas para el municipio, y la destinaci\u00f3n de un curso de capacitaci\u00f3n en el extranjero, sin abrir concurso, para el jefe de Obras Municipal.<\/p>\n\n\n\n<p class=\"wp-block-paragraph\">El alcalde independiente llevaba comandando el municipio de Ovalle desde 2012, y durante las \u00faltimas elecciones presidenciales entreg\u00f3 su apoyo al candidato Jos\u00e9 Antonio Kast.<\/p>\n\n\n\n<p class=\"wp-block-paragraph\">Cabe recordar que fue el hoy alcalde Acu\u00f1a hab\u00eda asumido, luego de que en sesi\u00f3n extraordinaria del Concejo Municipal lograra la mayor\u00eda absoluta, con la votaci\u00f3n positiva de cinco votos entregados por sus colegas Fanny Vega, Cristian Rojas, Ricardo Rojas, Carlos Ramos y la autovotaci\u00f3n de Acu\u00f1a.<br>\u201cTendremos que reunirnos con los dem\u00e1s concejales. Hay acuerdos, entiendo yo, firmes en los cuales se podr\u00eda mantener esa misma votaci\u00f3n, pero yo creo que en primer lugar hay que tomarle el parecer a los concejales que es como lo se\u00f1ala la ley\u201d, esgrimi\u00f3 Acu\u00f1a.<br>El senador Daniel N\u00fa\u00f1ez valor\u00f3 que las instituciones funcionen y \u201csancionen las malas pr\u00e1cticas\u201d, mientras que el diputado V\u00edctor Pino calific\u00f3 la resoluci\u00f3n como \u201cinteresante\u201d, y agreg\u00f3 que espera que \u201ctodas las autoridades sean fiscalizadas como corresponde\u201d.<\/p>\n","protected":false},"excerpt":{"rendered":"<p>La falta m\u00e1s grave se relaciona no adoptar acciones o medidas tendientes a determinar el origen, ni recuperar los recursos asociados al d\u00e9ficit de $6.835.248.976 que presentaba el Departamento de Administraci\u00f3n de la Educaci\u00f3n Municipal de Ovalle (DAEM), al 31 de diciembre de 2014, cuya infracci\u00f3n reviste la agravante de aprobar igualmente el presupuesto municipal [&hellip;]<\/p>\n","protected":false},"author":1,"featured_media":7890,"comment_status":"open","ping_status":"open","sticky":false,"template":"","format":"standard","meta":{"tdm_status":"","tdm_grid_status":"","footnotes":"","_wpscppro_dont_share_socialmedia":false,"_wpscppro_custom_social_share_image":0,"_facebook_share_type":"","_twitter_share_type":"","_linkedin_share_type":"","_pinterest_share_type":"","_linkedin_share_type_page":"","_instagram_share_type":"","_medium_share_type":"","_threads_share_type":"","_google_business_share_type":"","_bluesky_share_type":"","_mastodon_share_type":"","_selected_social_profile":[],"_wpsp_enable_custom_social_template":false,"_wpsp_social_scheduling":{"enabled":false,"datetime":null,"platforms":[],"status":"template_only","dateOption":"today","timeOption":"now","customDays":"","customHours":"","customDate":"","customTime":"","schedulingType":"absolute"},"_wpsp_active_default_template":true},"categories":[1],"tags":[8,28],"class_list":["post-7889","post","type-post","status-publish","format-standard","has-post-thumbnail","hentry","category-uncategorized","tag-marketing","tag-site-tips"],"_links":{"self":[{"href":"https:\/\/www.semanariotiempo.cl\/index.php?rest_route=\/wp\/v2\/posts\/7889","targetHints":{"allow":["GET"]}}],"collection":[{"href":"https:\/\/www.semanariotiempo.cl\/index.php?rest_route=\/wp\/v2\/posts"}],"about":[{"href":"https:\/\/www.semanariotiempo.cl\/index.php?rest_route=\/wp\/v2\/types\/post"}],"author":[{"embeddable":true,"href":"https:\/\/www.semanariotiempo.cl\/index.php?rest_route=\/wp\/v2\/users\/1"}],"replies":[{"embeddable":true,"href":"https:\/\/www.semanariotiempo.cl\/index.php?rest_route=%2Fwp%2Fv2%2Fcomments&post=7889"}],"version-history":[{"count":0,"href":"https:\/\/www.semanariotiempo.cl\/index.php?rest_route=\/wp\/v2\/posts\/7889\/revisions"}],"wp:featuredmedia":[{"embeddable":true,"href":"https:\/\/www.semanariotiempo.cl\/index.php?rest_route=\/wp\/v2\/media\/7890"}],"wp:attachment":[{"href":"https:\/\/www.semanariotiempo.cl\/index.php?rest_route=%2Fwp%2Fv2%2Fmedia&parent=7889"}],"wp:term":[{"taxonomy":"category","embeddable":true,"href":"https:\/\/www.semanariotiempo.cl\/index.php?rest_route=%2Fwp%2Fv2%2Fcategories&post=7889"},{"taxonomy":"post_tag","embeddable":true,"href":"https:\/\/www.semanariotiempo.cl\/index.php?rest_route=%2Fwp%2Fv2%2Ftags&post=7889"}],"curies":[{"name":"wp","href":"https:\/\/api.w.org\/{rel}","templated":true}]}}