{"id":7886,"date":"2023-03-29T22:04:28","date_gmt":"2023-03-29T22:04:28","guid":{"rendered":"https:\/\/www.semanariotiempo.cl\/?p=7886"},"modified":"2023-03-29T22:04:28","modified_gmt":"2023-03-29T22:04:28","slug":"durante-el-proximo-ano-hospitales-de-coquimbo-la-serena-e-illapel-iniciarian-obras-definitivas","status":"publish","type":"post","link":"https:\/\/www.semanariotiempo.cl\/?p=7886","title":{"rendered":"Durante el pr\u00f3ximo a\u00f1o, hospitales de Coquimbo, La Serena e Illapel iniciar\u00edan obras definitivas"},"content":{"rendered":"\n<h4 class=\"has-vivid-red-color has-text-color wp-block-heading\"><strong>De acuerdo a la direcci\u00f3n de Concesiones del MOP, las empresas Acciona y China Railway Construction Corporation (CRCC), que se adjudicaron los recintos de la capital regional y la ciudad-puerto, respectivamente, est\u00e1n afinando el dise\u00f1o y el proyecto definitivo.<\/strong><\/h4>\n\n\n\n<div class=\"wp-block-image\"><figure class=\"aligncenter size-large\"><img loading=\"lazy\" decoding=\"async\" width=\"1024\" height=\"655\" src=\"https:\/\/www.semanariotiempo.cl\/wp-content\/uploads\/2023\/03\/Render-Hospital-de-La-Serena-1024x655.jpg\" alt=\"\" class=\"wp-image-7887\" srcset=\"https:\/\/www.semanariotiempo.cl\/wp-content\/uploads\/2023\/03\/Render-Hospital-de-La-Serena-1024x655.jpg 1024w, https:\/\/www.semanariotiempo.cl\/wp-content\/uploads\/2023\/03\/Render-Hospital-de-La-Serena-300x192.jpg 300w, https:\/\/www.semanariotiempo.cl\/wp-content\/uploads\/2023\/03\/Render-Hospital-de-La-Serena-768x491.jpg 768w, https:\/\/www.semanariotiempo.cl\/wp-content\/uploads\/2023\/03\/Render-Hospital-de-La-Serena-696x445.jpg 696w, https:\/\/www.semanariotiempo.cl\/wp-content\/uploads\/2023\/03\/Render-Hospital-de-La-Serena-1068x683.jpg 1068w, https:\/\/www.semanariotiempo.cl\/wp-content\/uploads\/2023\/03\/Render-Hospital-de-La-Serena-657x420.jpg 657w, https:\/\/www.semanariotiempo.cl\/wp-content\/uploads\/2023\/03\/Render-Hospital-de-La-Serena.jpg 1200w\" sizes=\"auto, (max-width: 1024px) 100vw, 1024px\" \/><\/figure><\/div>\n\n\n\n<p class=\"wp-block-paragraph\">A mediados de esta semana, se reunieron las cinco empresas interesadas -junto a autoridades de Gobierno, sectoriales, gremios, funcionarios y comunidades- en la construcci\u00f3n del nuevo hospital de Illapel, iniciativa que beneficiar\u00e1 a 96 mil personas y que contar\u00e1 con 50 mil metros cuadrados (m\u00b2).<br>El proyecto habilitar\u00e1 con 135 camas de hospitalizaci\u00f3n, 6 pabellones de cirug\u00eda mayor, una Unidad de Parto Integral y 68 box de atenci\u00f3n de consultas y especialidades. \u201cEl principal cambio no es solo el impacto de este edificio. Pasamos de 54 camas a 135, tendremos nuevas prestaciones como di\u00e1lisis o camas de salud mental, saltaremos de 2 pabellones a 6, lo que nos va a permitir avanzar en las listas de espera quir\u00fargica\u201d, indic\u00f3 Christian Vargas, director del Servicio de Salud Coquimbo.<br>Agreg\u00f3 que \u201cse incorporan nuevas prestaciones y las actuales van a tener mayor capacidad de resoluci\u00f3n. Esto no solo nos va a permitir atender a los habitantes del Choapa, sino que tambi\u00e9n resolver los problemas de salud de toda la provincia. Alrededor del 85% o 90% de las necesidades de salud van a ser resueltas en este hospital\u201d,<br>La iniciativa tambi\u00e9n contempla la incorporaci\u00f3n de un helipuerto, para posibilitar el traslado de pacientes graves y la habilitaci\u00f3n de nuevas unidades como Salud Mental, Unidad de Di\u00e1lisis Ambulatoria y Medicina Alternativa. Junto a ello, se espera la apertura de nuevas especialidades, como Neurolog\u00eda Adulto e Infantil. El alcalde de Illapel, Dennis Cort\u00e9s, agradeci\u00f3 porque el recinto asistencial brindar\u00e1 prestaciones que hoy no posee la comuna.<\/p>\n\n\n\n<p class=\"wp-block-paragraph\"><strong>Etapas del proyecto y avance en la conurbaci\u00f3n<\/strong><br>Se espera que el nuevo hospital de Illapel ampl\u00ede la cantidad de funcionarios y funcionarias, dotaci\u00f3n que pasar\u00e1 de un recurso humano de 300 personas a 850. La licitaci\u00f3n se realizar\u00e1 a trav\u00e9s de Mercado P\u00fablico, proceso que culmina el 23 de mayo. Una vez finalizado, y tras evaluar a los oferentes, la Contralor\u00eda toma raz\u00f3n para adjudicar la licitaci\u00f3n de quien construir\u00e1 el moderno recinto illapelino, obra que debiese comenzar el a\u00f1o 2024.<br>El cronograma se ajusta a las proyecciones de los nuevos recintos asistenciales que se edificar\u00e1n en Coquimbo y La Serena. Se espera que a fines del 2023 comience la construcci\u00f3n del nuevo San Pablo de Coquimbo, que ayudar\u00e1 a m\u00e1s de 723 mil pacientes de la regi\u00f3n de Coquimbo, incluso Atacama. El proyecto, de $250 mil millones, fue adjudicado a la empresa China Railway Construction Corporation (CRCC), firma que levantar\u00e1 un moderno edificio de 130 mil m2 para habilitar 22 pabellones; 85 boxes de consultas m\u00e9dicas, dentales y no m\u00e9dicas; seis salas de atenci\u00f3n integral del parto y servicio de urgencia, 605 camas, un edificio solo para atenciones psiqui\u00e1tricas, entre otras prestaciones. A diferencia de Illapel, \u00e9ste se construir\u00e1 bajo el modelo de concesiones.<\/p>\n\n\n\n<p class=\"wp-block-paragraph\">A trav\u00e9s de la Sociedad Concesionaria Hospital de La Serena S.A., la empresa espa\u00f1ola Acciona invertir\u00e1 -tambi\u00e9n bajo el modelo de concesiones- US$258 millones para el nuevo hospital San Juan de Dios de La Serena. La construcci\u00f3n y operaci\u00f3n de este recinto m\u00e9dico, de alta complejidad, contempla 15 pabellones, 85 boxes de consultas m\u00e9dicas, dentales y no m\u00e9dicas, 6 salas de atenci\u00f3n integral del parto y un servicio de urgencia.<\/p>\n\n\n\n<p class=\"wp-block-paragraph\">La obra beneficiar\u00e1 a cerca de 723 mil personas que residen en las comunas de La Serena, La Higuera, Vicu\u00f1a y Paihuano, y considera tambi\u00e9n la mantenci\u00f3n de la infraestructura a desarrollar y la adquisici\u00f3n, mantenci\u00f3n y reposici\u00f3n de equipamiento m\u00e9dico y mobiliario cl\u00ednico, y mobiliario no cl\u00ednico. Los tiempos de inicio de faenas se siguen proyectando, de manera referencial, para fines de este a\u00f1o.<br>Tanto para La Serena y Coquimbo, la direcci\u00f3n de Concesiones del Ministerio de Obras P\u00fablicas (MOP) indic\u00f3 que las empresas se encuentran elaborando las propuestas de dise\u00f1o y el proyecto definitivo, de acuerdo al bolet\u00edn mensual correspondiente a enero 2023.<\/p>\n","protected":false},"excerpt":{"rendered":"<p>De acuerdo a la direcci\u00f3n de Concesiones del MOP, las empresas Acciona y China Railway Construction Corporation (CRCC), que se adjudicaron los recintos de la capital regional y la ciudad-puerto, respectivamente, est\u00e1n afinando el dise\u00f1o y el proyecto definitivo. A mediados de esta semana, se reunieron las cinco empresas interesadas -junto a autoridades de Gobierno, [&hellip;]<\/p>\n","protected":false},"author":1,"featured_media":7887,"comment_status":"open","ping_status":"open","sticky":false,"template":"","format":"standard","meta":{"tdm_status":"","tdm_grid_status":"","footnotes":"","_wpscppro_dont_share_socialmedia":false,"_wpscppro_custom_social_share_image":0,"_facebook_share_type":"","_twitter_share_type":"","_linkedin_share_type":"","_pinterest_share_type":"","_linkedin_share_type_page":"","_instagram_share_type":"","_medium_share_type":"","_threads_share_type":"","_google_business_share_type":"","_bluesky_share_type":"","_mastodon_share_type":"","_selected_social_profile":[],"_wpsp_enable_custom_social_template":false,"_wpsp_social_scheduling":{"enabled":false,"datetime":null,"platforms":[],"status":"template_only","dateOption":"today","timeOption":"now","customDays":"","customHours":"","customDate":"","customTime":"","schedulingType":"absolute"},"_wpsp_active_default_template":true},"categories":[1],"tags":[8,28,5],"class_list":["post-7886","post","type-post","status-publish","format-standard","has-post-thumbnail","hentry","category-uncategorized","tag-marketing","tag-site-tips","tag-website"],"_links":{"self":[{"href":"https:\/\/www.semanariotiempo.cl\/index.php?rest_route=\/wp\/v2\/posts\/7886","targetHints":{"allow":["GET"]}}],"collection":[{"href":"https:\/\/www.semanariotiempo.cl\/index.php?rest_route=\/wp\/v2\/posts"}],"about":[{"href":"https:\/\/www.semanariotiempo.cl\/index.php?rest_route=\/wp\/v2\/types\/post"}],"author":[{"embeddable":true,"href":"https:\/\/www.semanariotiempo.cl\/index.php?rest_route=\/wp\/v2\/users\/1"}],"replies":[{"embeddable":true,"href":"https:\/\/www.semanariotiempo.cl\/index.php?rest_route=%2Fwp%2Fv2%2Fcomments&post=7886"}],"version-history":[{"count":0,"href":"https:\/\/www.semanariotiempo.cl\/index.php?rest_route=\/wp\/v2\/posts\/7886\/revisions"}],"wp:featuredmedia":[{"embeddable":true,"href":"https:\/\/www.semanariotiempo.cl\/index.php?rest_route=\/wp\/v2\/media\/7887"}],"wp:attachment":[{"href":"https:\/\/www.semanariotiempo.cl\/index.php?rest_route=%2Fwp%2Fv2%2Fmedia&parent=7886"}],"wp:term":[{"taxonomy":"category","embeddable":true,"href":"https:\/\/www.semanariotiempo.cl\/index.php?rest_route=%2Fwp%2Fv2%2Fcategories&post=7886"},{"taxonomy":"post_tag","embeddable":true,"href":"https:\/\/www.semanariotiempo.cl\/index.php?rest_route=%2Fwp%2Fv2%2Ftags&post=7886"}],"curies":[{"name":"wp","href":"https:\/\/api.w.org\/{rel}","templated":true}]}}