{"id":7883,"date":"2023-03-29T22:01:33","date_gmt":"2023-03-29T22:01:33","guid":{"rendered":"https:\/\/www.semanariotiempo.cl\/?p=7883"},"modified":"2023-03-29T22:01:34","modified_gmt":"2023-03-29T22:01:34","slug":"departamento-de-astronomia-uls-desarrolla-proyecto-sobre-astronomia-cultural","status":"publish","type":"post","link":"https:\/\/www.semanariotiempo.cl\/?p=7883","title":{"rendered":"Departamento de Astronom\u00eda ULS desarrolla                                     proyecto sobre Astronom\u00eda Cultural"},"content":{"rendered":"\n<h4 class=\"has-vivid-red-color has-text-color wp-block-heading\"><strong>\u201cAstronom\u00eda Cultural para la promoci\u00f3n del Astroturismo\u201d es el nombre del proyecto que pretende contribuir a diversificar la oferta astrotur\u00edstica de la Regi\u00f3n de Coquimbo y ser un aporte a la informaci\u00f3n divulgada por las agencias y operadores tur\u00edsticos.<\/strong><\/h4>\n\n\n\n<div class=\"wp-block-image\"><figure class=\"aligncenter size-large\"><img loading=\"lazy\" decoding=\"async\" width=\"1024\" height=\"824\" src=\"https:\/\/www.semanariotiempo.cl\/wp-content\/uploads\/2023\/03\/ana-silva-1024x824.jpg\" alt=\"\" class=\"wp-image-7884\" srcset=\"https:\/\/www.semanariotiempo.cl\/wp-content\/uploads\/2023\/03\/ana-silva-1024x824.jpg 1024w, https:\/\/www.semanariotiempo.cl\/wp-content\/uploads\/2023\/03\/ana-silva-300x242.jpg 300w, https:\/\/www.semanariotiempo.cl\/wp-content\/uploads\/2023\/03\/ana-silva-768x618.jpg 768w, https:\/\/www.semanariotiempo.cl\/wp-content\/uploads\/2023\/03\/ana-silva-696x560.jpg 696w, https:\/\/www.semanariotiempo.cl\/wp-content\/uploads\/2023\/03\/ana-silva-1068x860.jpg 1068w, https:\/\/www.semanariotiempo.cl\/wp-content\/uploads\/2023\/03\/ana-silva-522x420.jpg 522w, https:\/\/www.semanariotiempo.cl\/wp-content\/uploads\/2023\/03\/ana-silva.jpg 1200w\" sizes=\"auto, (max-width: 1024px) 100vw, 1024px\" \/><\/figure><\/div>\n\n\n\n<p class=\"wp-block-paragraph\">La iniciativa que es ejecutada por el Departamento de Astronom\u00eda de la Universidad de La Serena con el financiamiento de Fondo de Innovaci\u00f3n para la Competitividad del Gobierno Regional de la Regi\u00f3n de Coquimbo, se desarrollar\u00e1 durante dos a\u00f1os y contempla en su primera etapa trabajar con algunas comunidades rurales e ind\u00edgenas para recuperar su conocimiento astron\u00f3mico, a trav\u00e9s de un trabajo etno y arqueoastron\u00f3mico en relaci\u00f3n con sus modos de vida, historias locales y paisajes celestes, explic\u00f3 el doctor Ricardo Moyano, arque\u00f3logo e investigador del Proyecto.<br>La Doctora Amelia Ram\u00edrez, directora del Departamento de Astronom\u00eda de la Universidad de La Serena y coordinadora del proyecto, se\u00f1al\u00f3 que \u201ces importante tener el conocimiento para quienes visitan la regi\u00f3n, por eso se contempla la transferencia de los contenidos generados, durante el proyecto, a la oferta astrotur\u00edstica regional que permita mejorar sus experiencias y relatos, a trav\u00e9s de la puesta en valor del patrimonio astron\u00f3mico y cultural de la Regi\u00f3n de Coquimbo.<\/p>\n\n\n\n<p class=\"wp-block-paragraph\">Por su parte, la doctora Luperfina Rojas Escobar, rectora de la Universidad de La Serena, valor\u00f3 la iniciativa presentada por la Facultad de Ciencias de la casa de estudios \u201ces muy relevante llevar el conocimiento cient\u00edfico de la astronom\u00eda a la comunidad, poder socializar este conocimiento y aportar al desarrollo del turismo en la regi\u00f3n\u201d.<br>En tanto, Roberto Jacob, alcalde la Municipalidad de la Serena, se\u00f1alo que \u201cgracias a esta iniciativa se podr\u00e1 diversificar la oferta tur\u00edstica para los visitantes de la regi\u00f3n, el astroturismo es una variante a los destinos ya conocidos como playa, r\u00edos, arquitectura\u201d.<br>Adem\u00e1s, este proyecto que convoca a distintas instituciones p\u00fablicas y privadas busca promover la protecci\u00f3n de sitios arqueol\u00f3gicos y de inter\u00e9s cultural en los valles de Elqui, Limar\u00ed y Choapa, a trav\u00e9s de un catastro regional de lugares y tradiciones astron\u00f3micas, as\u00ed lo expres\u00f3 Lorena Sandoval, jefa de la divisi\u00f3n de fomento e industria del gobierno regional.<\/p>\n","protected":false},"excerpt":{"rendered":"<p>\u201cAstronom\u00eda Cultural para la promoci\u00f3n del Astroturismo\u201d es el nombre del proyecto que pretende contribuir a diversificar la oferta astrotur\u00edstica de la Regi\u00f3n de Coquimbo y ser un aporte a la informaci\u00f3n divulgada por las agencias y operadores tur\u00edsticos. La iniciativa que es ejecutada por el Departamento de Astronom\u00eda de la Universidad de La Serena [&hellip;]<\/p>\n","protected":false},"author":1,"featured_media":7884,"comment_status":"open","ping_status":"open","sticky":false,"template":"","format":"standard","meta":{"tdm_status":"","tdm_grid_status":"","footnotes":"","_wpscppro_dont_share_socialmedia":false,"_wpscppro_custom_social_share_image":0,"_facebook_share_type":"","_twitter_share_type":"","_linkedin_share_type":"","_pinterest_share_type":"","_linkedin_share_type_page":"","_instagram_share_type":"","_medium_share_type":"","_threads_share_type":"","_google_business_share_type":"","_bluesky_share_type":"","_mastodon_share_type":"","_selected_social_profile":[],"_wpsp_enable_custom_social_template":false,"_wpsp_social_scheduling":{"enabled":false,"datetime":null,"platforms":[],"status":"template_only","dateOption":"today","timeOption":"now","customDays":"","customHours":"","customDate":"","customTime":"","schedulingType":"absolute"},"_wpsp_active_default_template":true},"categories":[1],"tags":[8],"class_list":["post-7883","post","type-post","status-publish","format-standard","has-post-thumbnail","hentry","category-uncategorized","tag-marketing"],"_links":{"self":[{"href":"https:\/\/www.semanariotiempo.cl\/index.php?rest_route=\/wp\/v2\/posts\/7883","targetHints":{"allow":["GET"]}}],"collection":[{"href":"https:\/\/www.semanariotiempo.cl\/index.php?rest_route=\/wp\/v2\/posts"}],"about":[{"href":"https:\/\/www.semanariotiempo.cl\/index.php?rest_route=\/wp\/v2\/types\/post"}],"author":[{"embeddable":true,"href":"https:\/\/www.semanariotiempo.cl\/index.php?rest_route=\/wp\/v2\/users\/1"}],"replies":[{"embeddable":true,"href":"https:\/\/www.semanariotiempo.cl\/index.php?rest_route=%2Fwp%2Fv2%2Fcomments&post=7883"}],"version-history":[{"count":0,"href":"https:\/\/www.semanariotiempo.cl\/index.php?rest_route=\/wp\/v2\/posts\/7883\/revisions"}],"wp:featuredmedia":[{"embeddable":true,"href":"https:\/\/www.semanariotiempo.cl\/index.php?rest_route=\/wp\/v2\/media\/7884"}],"wp:attachment":[{"href":"https:\/\/www.semanariotiempo.cl\/index.php?rest_route=%2Fwp%2Fv2%2Fmedia&parent=7883"}],"wp:term":[{"taxonomy":"category","embeddable":true,"href":"https:\/\/www.semanariotiempo.cl\/index.php?rest_route=%2Fwp%2Fv2%2Fcategories&post=7883"},{"taxonomy":"post_tag","embeddable":true,"href":"https:\/\/www.semanariotiempo.cl\/index.php?rest_route=%2Fwp%2Fv2%2Ftags&post=7883"}],"curies":[{"name":"wp","href":"https:\/\/api.w.org\/{rel}","templated":true}]}}