{"id":7880,"date":"2023-03-29T21:59:03","date_gmt":"2023-03-29T21:59:03","guid":{"rendered":"https:\/\/www.semanariotiempo.cl\/?p=7880"},"modified":"2023-03-29T21:59:03","modified_gmt":"2023-03-29T21:59:03","slug":"cinco-empresas-interesadas-en-construir-nuevo-hospital-de-illapel","status":"publish","type":"post","link":"https:\/\/www.semanariotiempo.cl\/?p=7880","title":{"rendered":"Cinco empresas interesadas en construir nuevo hospital de Illapel"},"content":{"rendered":"\n<div class=\"wp-block-image\"><figure class=\"aligncenter size-large\"><img loading=\"lazy\" decoding=\"async\" width=\"960\" height=\"701\" src=\"https:\/\/www.semanariotiempo.cl\/wp-content\/uploads\/2023\/03\/Hospital-Illapel-01.jpg\" alt=\"\" class=\"wp-image-7881\" srcset=\"https:\/\/www.semanariotiempo.cl\/wp-content\/uploads\/2023\/03\/Hospital-Illapel-01.jpg 960w, https:\/\/www.semanariotiempo.cl\/wp-content\/uploads\/2023\/03\/Hospital-Illapel-01-300x219.jpg 300w, https:\/\/www.semanariotiempo.cl\/wp-content\/uploads\/2023\/03\/Hospital-Illapel-01-768x561.jpg 768w, https:\/\/www.semanariotiempo.cl\/wp-content\/uploads\/2023\/03\/Hospital-Illapel-01-696x508.jpg 696w, https:\/\/www.semanariotiempo.cl\/wp-content\/uploads\/2023\/03\/Hospital-Illapel-01-575x420.jpg 575w\" sizes=\"auto, (max-width: 960px) 100vw, 960px\" \/><\/figure><\/div>\n\n\n\n<p class=\"wp-block-paragraph\">Un paso m\u00e1s en la tan esperada normalizaci\u00f3n del Hospital de Illapel es lo que se vivi\u00f3 en la Provincia del Choapa. En el terreno de lo que ser\u00e1 el nuevo recinto asistencial, se reunieron las cinco empresas interesadas en su construcci\u00f3n, un proyecto que beneficiar\u00e1 a m\u00e1s de 96 mil personas de la regi\u00f3n y que contar\u00e1 con 135 camas de hospitalizaci\u00f3n, 6 pabellones de cirug\u00eda mayor, una Unidad de Parto Integral y 68 box de atenci\u00f3n.<br>En el recorrido tambi\u00e9n estuvieron presentes autoridades regionales, locales, gremios, funcionarios de la salud y la comunidad organizada, quienes pudieron conocer en terreno las etapas del proceso de construcci\u00f3n y c\u00f3mo cambiar\u00e1 la atenci\u00f3n en salud con este moderno establecimiento provincial.<br>\u201cLa construcci\u00f3n de este hospital con fondos sectoriales significa que se est\u00e1 poniendo el acento en concretar un proyecto que se arrastra hace muchos a\u00f1os, hemos recogido esa posta y avanzado de la mano con los alcaldes del territorio, con las autoridades del parlamento, los consejeros regionales, y todas y todos trabajando juntos para poder concretar algo que la poblaci\u00f3n de la Provincia del Choapa se merece, como es el hospital provincial, donde podr\u00e1n ser atendidos en el territorio y resolver sus problemas de salud sin tener que viajar a la capital regional o a Santiago\u201d, se\u00f1al\u00f3 el Delegado Presidencial Regional, Rub\u00e9n Quezada.<br>El Dr. Christian Vargas, Director del Servicio de Salud Coquimbo, tambi\u00e9n recorri\u00f3 el lugar, explicando que el nuevo recinto asistencial que se levantar\u00e1 en el territorio duplicar\u00e1 la superficie del actual Hospital de Illapel.<\/p>\n\n\n\n<p style=\"background-color:#fcd9d9\" class=\"has-background wp-block-paragraph\"><strong>ETAPAS DEL PROYECTO<\/strong><br>Cabe destacar que el proyecto del nuevo Hospital de Illapel se encuentra en este momento a la espera de que las empresas que visitaron el terreno del nuevo hospital puedan optar a su licitaci\u00f3n a trav\u00e9s de Mercado P\u00fablico, proceso que culmina el 23 de mayo. Una vez finalizado, y tras evaluar a los oferentes, la Contralor\u00eda toma raz\u00f3n para adjudicar la licitaci\u00f3n de quien construir\u00e1 el moderno recinto illapelino, obra que debiese comenzar el a\u00f1o 2024.<\/p>\n","protected":false},"excerpt":{"rendered":"<p>Un paso m\u00e1s en la tan esperada normalizaci\u00f3n del Hospital de Illapel es lo que se vivi\u00f3 en la Provincia del Choapa. En el terreno de lo que ser\u00e1 el nuevo recinto asistencial, se reunieron las cinco empresas interesadas en su construcci\u00f3n, un proyecto que beneficiar\u00e1 a m\u00e1s de 96 mil personas de la regi\u00f3n [&hellip;]<\/p>\n","protected":false},"author":1,"featured_media":7881,"comment_status":"open","ping_status":"open","sticky":false,"template":"","format":"standard","meta":{"tdm_status":"","tdm_grid_status":"","footnotes":"","_wpscppro_dont_share_socialmedia":false,"_wpscppro_custom_social_share_image":0,"_facebook_share_type":"","_twitter_share_type":"","_linkedin_share_type":"","_pinterest_share_type":"","_linkedin_share_type_page":"","_instagram_share_type":"","_medium_share_type":"","_threads_share_type":"","_google_business_share_type":"","_bluesky_share_type":"","_mastodon_share_type":"","_selected_social_profile":[],"_wpsp_enable_custom_social_template":false,"_wpsp_social_scheduling":{"enabled":false,"datetime":null,"platforms":[],"status":"template_only","dateOption":"today","timeOption":"now","customDays":"","customHours":"","customDate":"","customTime":"","schedulingType":"absolute"},"_wpsp_active_default_template":true},"categories":[1],"tags":[8,28],"class_list":["post-7880","post","type-post","status-publish","format-standard","has-post-thumbnail","hentry","category-uncategorized","tag-marketing","tag-site-tips"],"_links":{"self":[{"href":"https:\/\/www.semanariotiempo.cl\/index.php?rest_route=\/wp\/v2\/posts\/7880","targetHints":{"allow":["GET"]}}],"collection":[{"href":"https:\/\/www.semanariotiempo.cl\/index.php?rest_route=\/wp\/v2\/posts"}],"about":[{"href":"https:\/\/www.semanariotiempo.cl\/index.php?rest_route=\/wp\/v2\/types\/post"}],"author":[{"embeddable":true,"href":"https:\/\/www.semanariotiempo.cl\/index.php?rest_route=\/wp\/v2\/users\/1"}],"replies":[{"embeddable":true,"href":"https:\/\/www.semanariotiempo.cl\/index.php?rest_route=%2Fwp%2Fv2%2Fcomments&post=7880"}],"version-history":[{"count":0,"href":"https:\/\/www.semanariotiempo.cl\/index.php?rest_route=\/wp\/v2\/posts\/7880\/revisions"}],"wp:featuredmedia":[{"embeddable":true,"href":"https:\/\/www.semanariotiempo.cl\/index.php?rest_route=\/wp\/v2\/media\/7881"}],"wp:attachment":[{"href":"https:\/\/www.semanariotiempo.cl\/index.php?rest_route=%2Fwp%2Fv2%2Fmedia&parent=7880"}],"wp:term":[{"taxonomy":"category","embeddable":true,"href":"https:\/\/www.semanariotiempo.cl\/index.php?rest_route=%2Fwp%2Fv2%2Fcategories&post=7880"},{"taxonomy":"post_tag","embeddable":true,"href":"https:\/\/www.semanariotiempo.cl\/index.php?rest_route=%2Fwp%2Fv2%2Ftags&post=7880"}],"curies":[{"name":"wp","href":"https:\/\/api.w.org\/{rel}","templated":true}]}}