{"id":7873,"date":"2023-03-28T22:05:25","date_gmt":"2023-03-28T22:05:25","guid":{"rendered":"https:\/\/www.semanariotiempo.cl\/?p=7873"},"modified":"2023-03-28T22:05:26","modified_gmt":"2023-03-28T22:05:26","slug":"crisis-hidrica-somos-parte-del-cambio","status":"publish","type":"post","link":"https:\/\/www.semanariotiempo.cl\/?p=7873","title":{"rendered":"Crisis H\u00eddrica: somos parte del cambio"},"content":{"rendered":"\n<p class=\"wp-block-paragraph\">En el marco de la conmemoraci\u00f3n del D\u00eda Mundial del Agua, es necesario hacer un llamado de atenci\u00f3n respecto de la grave situaci\u00f3n h\u00eddrica de nuestra regi\u00f3n y como dice el lema de este a\u00f1o, debemos \u201cAcelerar el Cambio\u201d, siendo parte de \u00e9l.<br>Las precipitaciones de 2022 nos dieron un respiro, pero hoy contin\u00faa el d\u00e9ficit de lluvias y nieve, una baja hist\u00f3rica en los caudales de los r\u00edos y el nivel promedio de acumulaci\u00f3n en los embalses m\u00e1s bajo de los \u00faltimos cinco a\u00f1os, se\u00f1ales inequ\u00edvocas de que nuestra regi\u00f3n se est\u00e1 aridificando.<br>Es nuestro deber seguir trabajando para mantener la continuidad del suministro de agua potable. No es una tarea f\u00e1cil. La dura escasez h\u00eddrica hace que cada d\u00eda producir agua potable sea m\u00e1s complejo. En Aguas del Valle trabajamos permanentemente junto a las autoridades y las juntas de vigilancia de los r\u00edos para contar con el volumen necesario para el consumo humano.<br>Entre 2011 y 2022 hemos destinado $70.000 millones a inversi\u00f3n y gasto para enfrentar la sequ\u00eda, lo que da cuenta del esfuerzo que hemos realizado para evitar escenarios de racionamiento de agua para nuestros vecinos.<br>Solo durante el verano invertimos $ 1.700 millones para hacer frente al aumento de demanda. Adem\u00e1s, en este 2023 nuestro plan considera construir nuevas fuentes productivas, las que nos permitir\u00e1n robustecer la producci\u00f3n de agua potable en la regi\u00f3n, con una inversi\u00f3n que superar\u00e1 los $ 6.200 millones. Paralelamente seguimos avanzando en nuestro proyecto de desaladora.<br>Las lluvias de este invierno ser\u00e1n clave, sin embargo, tambi\u00e9n es fundamental la disposici\u00f3n, la capacidad de di\u00e1logo y la voluntad de los diversos actores de la regi\u00f3n, para llegar a acuerdos que permitan hacer el uso m\u00e1s eficiente posible del agua y priorizarla para el consumo humano.<br>Si bien lanzamos este 22 de marzo nuestro programa \u201cMujeres G\u00e1sfiter en Terreno 2023\u201d, con el objetivo de contribuir al cuidado del agua desde los hogares, es misi\u00f3n de cada uno de nosotros, en todos los \u00e1mbitos productivos y tambi\u00e9n desde el estado, dar un uso eficiente a este escaso recurso, antes que sea demasiado tarde.<\/p>\n\n\n\n<div class=\"wp-block-image\"><figure class=\"aligncenter size-large is-resized\"><img loading=\"lazy\" decoding=\"async\" src=\"https:\/\/www.semanariotiempo.cl\/wp-content\/uploads\/2023\/03\/Andr\u00e9s-Nazer-Vega-Gerente-Regional-de-Aguas-del-Valle.jpg\" alt=\"\" class=\"wp-image-7874\" width=\"334\" height=\"256\" srcset=\"https:\/\/www.semanariotiempo.cl\/wp-content\/uploads\/2023\/03\/Andr\u00e9s-Nazer-Vega-Gerente-Regional-de-Aguas-del-Valle.jpg 667w, https:\/\/www.semanariotiempo.cl\/wp-content\/uploads\/2023\/03\/Andr\u00e9s-Nazer-Vega-Gerente-Regional-de-Aguas-del-Valle-300x230.jpg 300w, https:\/\/www.semanariotiempo.cl\/wp-content\/uploads\/2023\/03\/Andr\u00e9s-Nazer-Vega-Gerente-Regional-de-Aguas-del-Valle-80x60.jpg 80w, https:\/\/www.semanariotiempo.cl\/wp-content\/uploads\/2023\/03\/Andr\u00e9s-Nazer-Vega-Gerente-Regional-de-Aguas-del-Valle-548x420.jpg 548w\" sizes=\"auto, (max-width: 334px) 100vw, 334px\" \/><figcaption>Por: <strong>Andr\u00e9s Nazer Vega<\/strong>, gerente regional de Aguas del Valle.<\/figcaption><\/figure><\/div>\n\n\n\n<p class=\"wp-block-paragraph\"><\/p>\n","protected":false},"excerpt":{"rendered":"<p>En el marco de la conmemoraci\u00f3n del D\u00eda Mundial del Agua, es necesario hacer un llamado de atenci\u00f3n respecto de la grave situaci\u00f3n h\u00eddrica de nuestra regi\u00f3n y como dice el lema de este a\u00f1o, debemos \u201cAcelerar el Cambio\u201d, siendo parte de \u00e9l.Las precipitaciones de 2022 nos dieron un respiro, pero hoy contin\u00faa el d\u00e9ficit [&hellip;]<\/p>\n","protected":false},"author":1,"featured_media":7874,"comment_status":"open","ping_status":"open","sticky":false,"template":"","format":"standard","meta":{"tdm_status":"","tdm_grid_status":"","footnotes":"","_wpscppro_dont_share_socialmedia":false,"_wpscppro_custom_social_share_image":0,"_facebook_share_type":"","_twitter_share_type":"","_linkedin_share_type":"","_pinterest_share_type":"","_linkedin_share_type_page":"","_instagram_share_type":"","_medium_share_type":"","_threads_share_type":"","_google_business_share_type":"","_bluesky_share_type":"","_mastodon_share_type":"","_selected_social_profile":[],"_wpsp_enable_custom_social_template":false,"_wpsp_social_scheduling":{"enabled":false,"datetime":null,"platforms":[],"status":"template_only","dateOption":"today","timeOption":"now","customDays":"","customHours":"","customDate":"","customTime":"","schedulingType":"absolute"},"_wpsp_active_default_template":true},"categories":[],"tags":[25],"class_list":["post-7873","post","type-post","status-publish","format-standard","has-post-thumbnail","hentry","tag-wordpress-themes"],"_links":{"self":[{"href":"https:\/\/www.semanariotiempo.cl\/index.php?rest_route=\/wp\/v2\/posts\/7873","targetHints":{"allow":["GET"]}}],"collection":[{"href":"https:\/\/www.semanariotiempo.cl\/index.php?rest_route=\/wp\/v2\/posts"}],"about":[{"href":"https:\/\/www.semanariotiempo.cl\/index.php?rest_route=\/wp\/v2\/types\/post"}],"author":[{"embeddable":true,"href":"https:\/\/www.semanariotiempo.cl\/index.php?rest_route=\/wp\/v2\/users\/1"}],"replies":[{"embeddable":true,"href":"https:\/\/www.semanariotiempo.cl\/index.php?rest_route=%2Fwp%2Fv2%2Fcomments&post=7873"}],"version-history":[{"count":0,"href":"https:\/\/www.semanariotiempo.cl\/index.php?rest_route=\/wp\/v2\/posts\/7873\/revisions"}],"wp:featuredmedia":[{"embeddable":true,"href":"https:\/\/www.semanariotiempo.cl\/index.php?rest_route=\/wp\/v2\/media\/7874"}],"wp:attachment":[{"href":"https:\/\/www.semanariotiempo.cl\/index.php?rest_route=%2Fwp%2Fv2%2Fmedia&parent=7873"}],"wp:term":[{"taxonomy":"category","embeddable":true,"href":"https:\/\/www.semanariotiempo.cl\/index.php?rest_route=%2Fwp%2Fv2%2Fcategories&post=7873"},{"taxonomy":"post_tag","embeddable":true,"href":"https:\/\/www.semanariotiempo.cl\/index.php?rest_route=%2Fwp%2Fv2%2Ftags&post=7873"}],"curies":[{"name":"wp","href":"https:\/\/api.w.org\/{rel}","templated":true}]}}