{"id":7871,"date":"2023-03-28T22:03:29","date_gmt":"2023-03-28T22:03:29","guid":{"rendered":"https:\/\/www.semanariotiempo.cl\/?p=7871"},"modified":"2023-03-28T22:03:29","modified_gmt":"2023-03-28T22:03:29","slug":"contraloria-raya-la-cancha-a-la-gobernadora-krist-naranjo","status":"publish","type":"post","link":"https:\/\/www.semanariotiempo.cl\/?p=7871","title":{"rendered":"Contralor\u00eda \u201craya la cancha\u201d a  la Gobernadora Krist Naranjo"},"content":{"rendered":"\n<h4 class=\"has-vivid-red-color has-text-color wp-block-heading\"><strong>\u201cLas autoridades deber\u00e1n dar cumplimiento a la probidad administrativa, con una conducta funcionaria intachable y un desempe\u00f1o honesto y leal al cargo\u201d, se\u00f1ala el \u00f3rgano contralor ante los requerimientos de consejeros regionales.<\/strong><\/h4>\n\n\n\n<div class=\"wp-block-image\"><figure class=\"aligncenter size-large\"><img loading=\"lazy\" decoding=\"async\" width=\"960\" height=\"706\" src=\"https:\/\/www.semanariotiempo.cl\/wp-content\/uploads\/2023\/03\/Krist-Naranjo-Gobernadora-Regional-de-Coquimbo.jpg\" alt=\"\" class=\"wp-image-7812\" srcset=\"https:\/\/www.semanariotiempo.cl\/wp-content\/uploads\/2023\/03\/Krist-Naranjo-Gobernadora-Regional-de-Coquimbo.jpg 960w, https:\/\/www.semanariotiempo.cl\/wp-content\/uploads\/2023\/03\/Krist-Naranjo-Gobernadora-Regional-de-Coquimbo-300x221.jpg 300w, https:\/\/www.semanariotiempo.cl\/wp-content\/uploads\/2023\/03\/Krist-Naranjo-Gobernadora-Regional-de-Coquimbo-768x565.jpg 768w, https:\/\/www.semanariotiempo.cl\/wp-content\/uploads\/2023\/03\/Krist-Naranjo-Gobernadora-Regional-de-Coquimbo-80x60.jpg 80w, https:\/\/www.semanariotiempo.cl\/wp-content\/uploads\/2023\/03\/Krist-Naranjo-Gobernadora-Regional-de-Coquimbo-696x512.jpg 696w, https:\/\/www.semanariotiempo.cl\/wp-content\/uploads\/2023\/03\/Krist-Naranjo-Gobernadora-Regional-de-Coquimbo-571x420.jpg 571w\" sizes=\"auto, (max-width: 960px) 100vw, 960px\" \/><\/figure><\/div>\n\n\n\n<p class=\"wp-block-paragraph\">El Contralor Hugo Segovia emiti\u00f3 un pronunciamiento con una serie de medidas que deber\u00e1 tener en cuenta la Gobernadora Regional, Krist Naranjo, respecto al uso de la cuenta oficial de Twitter del Gobierno Regional de Coquimbo, las propias, adem\u00e1s de las opiniones emitidas por la m\u00e1xima autoridad en redes sociales contrarias al proyecto Dominga, el cambio de logo institucional de \u201cRegi\u00f3n Estrella\u201d a \u201cRegi\u00f3n Sustentable\u201d, y los gastos de comisiones de servicios al extranjero, espec\u00edficamente a su viaje M\u00e9xico.<br>El rayado de cancha del organismo dirigido por Segovia es en respuesta a los requerimientos de algunos consejeros regionales, Paola Cort\u00e9s y Francisco Mart\u00ednez, espec\u00edficamente, quienes han venido denunciando eventuales irregularidades cometidas por Naranjo.<br><\/p>\n\n\n\n<p class=\"wp-block-paragraph\"><strong>No A Dominga<\/strong><br>La gobernadora Krist Naranjo ha manifestado p\u00fablicamente su rechazo a la ejecuci\u00f3n al proyecto minero-portuario Dominga. Sin embargo, el ente contralor observ\u00f3 que \u201clas autoridades de la Administraci\u00f3n del Estado deber\u00e1n dar estricto cumplimiento al principio de probidad administrativa, el cual consiste en observar una conducta funcionaria intachable y un desempe\u00f1o honesto y leal de la funci\u00f3n o cargo, con preeminencia del inter\u00e9s general sobre el particular\u201d.<br>En ese sentido, a juicio de la Contralor\u00eda, el pronunciamiento del Gobierno Regional \u201cdebe ser emitido en la etapa de evaluaci\u00f3n ambiental del proyecto, por lo que debe abstenerse de ejecutar actuaciones que afecten a la imparcialidad necesaria\u201d.<br>Si bien Naranjo dijo que las publicaciones se realizaron desde una cuenta personal, Contralor\u00eda resalt\u00f3 que \u201cresulta improcedente que el aludido organismo publique a trav\u00e9s de la plataforma digital Twitter u otros medios de similar naturaleza, comentarios y rese\u00f1as, pues el contenido de estos no guarda relaci\u00f3n con las caracter\u00edsticas precisadas por la jurisprudencia administrativa de este \u00f3rgano de control\u201d. As\u00ed tampoco, agreg\u00f3 el organismo, no corresponde desde esa plataforma se bloquee unilateralmente a aquellos usuarios particulares por opiniones o expresiones emitidas de forma adversa a la autoridad.<\/p>\n\n\n\n<p class=\"wp-block-paragraph\"><strong>De regi\u00f3n estrella a sustentable<\/strong><br>Fueron dos sesiones del Consejo Regional de Coquimbo (CORE) donde dieron al an\u00e1lisis de la propuesta de Krist Naranjo para cambiar el emblema y normas gr\u00e1ficas del Gobierno Regional de Coquimbo, pasando de \u201cRegi\u00f3n Estrella\u201d a \u201cRegi\u00f3n Sustentable\u201d. En ambas recibieron una dura r\u00e9plica del cuerpo colegiado contraria a la idea. Sin embargo, la Contralor\u00eda indic\u00f3 que no se advert\u00eda la existencia de un cambio de logo institucional, y que para ese efecto resultar\u00eda necesario el acuerdo del CORE, desestimando la denuncia.<\/p>\n\n\n\n<p class=\"wp-block-paragraph\"><strong>Viajes al exterior<\/strong><br>La consejera regional Paola Cort\u00e9s hab\u00eda solicitado que se indague una supuesta falta de probidad y transparencia en el gasto en una comisi\u00f3n de servicio efectuada por la gobernadora regional a Ciudad de M\u00e9xico, ya que no existir\u00eda claridad en relaci\u00f3n con los respectivos vi\u00e1ticos, considerando que dicho viaje obedec\u00eda a una invitaci\u00f3n cursada por el Ministerio de Relaciones Exteriores.<br>La invitaci\u00f3n al exterior cubr\u00eda los gastos totales de estad\u00eda, adem\u00e1s de los viajes a Buenos Aires y a Egipto.<br>Respecto a ello, Contralor\u00eda indic\u00f3 que, si bien los funcionarios p\u00fablicos podr\u00e1n ser designados por el jefe superior en comisi\u00f3n de servicio, tanto en el territorio nacional como en el extranjero, y que en tal evento tendr\u00e1n derecho a percibir vi\u00e1ticos o pasajes cuando corresponda, el ente contralor afirm\u00f3 que los antecedentes aportados por Cort\u00e9s que \u201cno permiten dilucidar certeramente las inquietudes planteadas, toda vez que no resultan suficientes para determinar, por ejemplo, qui\u00e9n financi\u00f3 los pasajes; los motivos de la comisi\u00f3n de servicio a Ciudad de M\u00e9xico\u201d, la que se extendi\u00f3 m\u00e1s all\u00e1 del 22 de julio de 2022, fecha que el Ministerio de Relaciones Exteriores cursaba la invitaci\u00f3n y solventaba su estad\u00eda\u201d.<br>Adem\u00e1s, Contralor\u00eda indic\u00f3 que la gobernadora Naranjo reintegr\u00f3 parte de los vi\u00e1ticos, entre otros.<\/p>\n","protected":false},"excerpt":{"rendered":"<p>\u201cLas autoridades deber\u00e1n dar cumplimiento a la probidad administrativa, con una conducta funcionaria intachable y un desempe\u00f1o honesto y leal al cargo\u201d, se\u00f1ala el \u00f3rgano contralor ante los requerimientos de consejeros regionales. El Contralor Hugo Segovia emiti\u00f3 un pronunciamiento con una serie de medidas que deber\u00e1 tener en cuenta la Gobernadora Regional, Krist Naranjo, respecto [&hellip;]<\/p>\n","protected":false},"author":1,"featured_media":7812,"comment_status":"open","ping_status":"open","sticky":false,"template":"","format":"standard","meta":{"tdm_status":"","tdm_grid_status":"","footnotes":"","_wpscppro_dont_share_socialmedia":false,"_wpscppro_custom_social_share_image":0,"_facebook_share_type":"","_twitter_share_type":"","_linkedin_share_type":"","_pinterest_share_type":"","_linkedin_share_type_page":"","_instagram_share_type":"","_medium_share_type":"","_threads_share_type":"","_google_business_share_type":"","_bluesky_share_type":"","_mastodon_share_type":"","_selected_social_profile":[],"_wpsp_enable_custom_social_template":false,"_wpsp_social_scheduling":{"enabled":false,"datetime":null,"platforms":[],"status":"template_only","dateOption":"today","timeOption":"now","customDays":"","customHours":"","customDate":"","customTime":"","schedulingType":"absolute"},"_wpsp_active_default_template":true},"categories":[1],"tags":[8],"class_list":["post-7871","post","type-post","status-publish","format-standard","has-post-thumbnail","hentry","category-uncategorized","tag-marketing"],"_links":{"self":[{"href":"https:\/\/www.semanariotiempo.cl\/index.php?rest_route=\/wp\/v2\/posts\/7871","targetHints":{"allow":["GET"]}}],"collection":[{"href":"https:\/\/www.semanariotiempo.cl\/index.php?rest_route=\/wp\/v2\/posts"}],"about":[{"href":"https:\/\/www.semanariotiempo.cl\/index.php?rest_route=\/wp\/v2\/types\/post"}],"author":[{"embeddable":true,"href":"https:\/\/www.semanariotiempo.cl\/index.php?rest_route=\/wp\/v2\/users\/1"}],"replies":[{"embeddable":true,"href":"https:\/\/www.semanariotiempo.cl\/index.php?rest_route=%2Fwp%2Fv2%2Fcomments&post=7871"}],"version-history":[{"count":0,"href":"https:\/\/www.semanariotiempo.cl\/index.php?rest_route=\/wp\/v2\/posts\/7871\/revisions"}],"wp:featuredmedia":[{"embeddable":true,"href":"https:\/\/www.semanariotiempo.cl\/index.php?rest_route=\/wp\/v2\/media\/7812"}],"wp:attachment":[{"href":"https:\/\/www.semanariotiempo.cl\/index.php?rest_route=%2Fwp%2Fv2%2Fmedia&parent=7871"}],"wp:term":[{"taxonomy":"category","embeddable":true,"href":"https:\/\/www.semanariotiempo.cl\/index.php?rest_route=%2Fwp%2Fv2%2Fcategories&post=7871"},{"taxonomy":"post_tag","embeddable":true,"href":"https:\/\/www.semanariotiempo.cl\/index.php?rest_route=%2Fwp%2Fv2%2Ftags&post=7871"}],"curies":[{"name":"wp","href":"https:\/\/api.w.org\/{rel}","templated":true}]}}