{"id":7854,"date":"2023-03-24T22:37:43","date_gmt":"2023-03-24T22:37:43","guid":{"rendered":"https:\/\/www.semanariotiempo.cl\/?p=7854"},"modified":"2023-03-24T22:37:43","modified_gmt":"2023-03-24T22:37:43","slug":"ministerio-del-medio-ambiente-inaugura-primer-centro-de-reciclaje-y-regeneracion-de-refrigerantes-de-la-zona-norte","status":"publish","type":"post","link":"https:\/\/www.semanariotiempo.cl\/?p=7854","title":{"rendered":"Ministerio del Medio Ambiente inaugura Primer Centro de Reciclaje y Regeneraci\u00f3n de Refrigerantes de la Zona Norte"},"content":{"rendered":"\n<h4 class=\"has-vivid-red-color has-text-color wp-block-heading\"><strong>El Centro funcionar\u00e1 en la Comuna de Andacollo y su objetivo es recuperar y limpiar los gases utilizados en equipos de refrigeraci\u00f3n y aire acondicionado, evitando as\u00ed que sean liberados a la atm\u00f3sfera con el consiguiente da\u00f1o a la capa de ozono y el impacto en el calentamiento global que esto ocasiona.<\/strong><\/h4>\n\n\n\n<div class=\"wp-block-image\"><figure class=\"aligncenter size-large\"><img loading=\"lazy\" decoding=\"async\" width=\"960\" height=\"720\" src=\"https:\/\/www.semanariotiempo.cl\/wp-content\/uploads\/2023\/03\/centro-reciclaje.jpg\" alt=\"\" class=\"wp-image-7855\" srcset=\"https:\/\/www.semanariotiempo.cl\/wp-content\/uploads\/2023\/03\/centro-reciclaje.jpg 960w, https:\/\/www.semanariotiempo.cl\/wp-content\/uploads\/2023\/03\/centro-reciclaje-300x225.jpg 300w, https:\/\/www.semanariotiempo.cl\/wp-content\/uploads\/2023\/03\/centro-reciclaje-768x576.jpg 768w, https:\/\/www.semanariotiempo.cl\/wp-content\/uploads\/2023\/03\/centro-reciclaje-80x60.jpg 80w, https:\/\/www.semanariotiempo.cl\/wp-content\/uploads\/2023\/03\/centro-reciclaje-265x198.jpg 265w, https:\/\/www.semanariotiempo.cl\/wp-content\/uploads\/2023\/03\/centro-reciclaje-696x522.jpg 696w, https:\/\/www.semanariotiempo.cl\/wp-content\/uploads\/2023\/03\/centro-reciclaje-560x420.jpg 560w\" sizes=\"auto, (max-width: 960px) 100vw, 960px\" \/><\/figure><\/div>\n\n\n\n<p class=\"wp-block-paragraph\">(Andacollo, 17 de marzo, 2023). Con la participaci\u00f3n del Seremi de Medio Ambiente de la Regi\u00f3n de Coquimbo, Leonardo Gros, el alcalde de la I. Municipalidad de Andacollo, Gerald Cerda, y representantes del sector privado y organizaciones sociales de la zona, se inaugur\u00f3 el Primer Centro de Regeneraci\u00f3n de Gases Refrigerantes de la Zona Norte.<br>El Centro fue adjudicado por llamado p\u00fablico a la empresa Comercializadora JJR, Coquimbo, filial de Regener-Chile de la Regi\u00f3n Metropolitana, y su trabajo estar\u00e1 enfocado en la recuperaci\u00f3n, reciclaje, regeneraci\u00f3n y acopio de gases refrigerantes, para as\u00ed extender su uso al ser recuperados y regenerados, volviendo al mercado como aptos para nuevos usos.<br>Al respecto, Leonardo Gros se\u00f1al\u00f3 que la implementaci\u00f3n de estos centros se enmarca en las acciones desarrolladas por el Ministerio del Medio Ambiente para hacer frente al agotamiento de la capa de ozono y al Cambio Clim\u00e1tico. Esto porque \u201clos centros permitir\u00e1n regenerar gases como Hidroclorofluorocarbonos (HCFC), que son sustancias agotadoras de la Capa de Ozono e Hidrofluorocarbonos (HFC), que son sustancias que tienen alto y muy alto potencial de calentamiento global que han sido mal llamados \u201cecol\u00f3gicos\u201d. A trav\u00e9s del uso de tecnolog\u00edas que permiten eliminar los contaminantes (s\u00f3lidos, humedad y \u00e1cidos) de los gases refrigerantes usados en equipos de refrigeraci\u00f3n y aire acondicionado, se obtendr\u00e1 un gas refrigerante apto para ser reutilizado\u201d.<br>Reciclaje de gases refrigerantes como mitigaci\u00f3n clim\u00e1tica<br>La regeneraci\u00f3n se define como el tratamiento destinado a reutilizar el refrigerante mediante procedimientos tales como filtrado, deshidrataci\u00f3n, destilaci\u00f3n y tratamiento qu\u00edmico, con el objetivo de cumplir con las especificaciones de un producto nuevo.<br>Los Centros de Regeneraci\u00f3n, adem\u00e1s de operar como centros de recuperaci\u00f3n, reciclaje y regeneraci\u00f3n de gases refrigerantes, funcionar\u00e1n como lugares de acopio de estos gases. La funci\u00f3n radica en acumular gas refrigerante para poder reciclarlos\/regenerarlos y volverlos a utilizar en sistemas de fr\u00edo, convirtiendo esta iniciativa en un aporte a la econom\u00eda circular.<\/p>\n","protected":false},"excerpt":{"rendered":"<p>El Centro funcionar\u00e1 en la Comuna de Andacollo y su objetivo es recuperar y limpiar los gases utilizados en equipos de refrigeraci\u00f3n y aire acondicionado, evitando as\u00ed que sean liberados a la atm\u00f3sfera con el consiguiente da\u00f1o a la capa de ozono y el impacto en el calentamiento global que esto ocasiona. (Andacollo, 17 de [&hellip;]<\/p>\n","protected":false},"author":1,"featured_media":7855,"comment_status":"open","ping_status":"open","sticky":false,"template":"","format":"standard","meta":{"tdm_status":"","tdm_grid_status":"","footnotes":"","_wpscppro_dont_share_socialmedia":false,"_wpscppro_custom_social_share_image":0,"_facebook_share_type":"","_twitter_share_type":"","_linkedin_share_type":"","_pinterest_share_type":"","_linkedin_share_type_page":"","_instagram_share_type":"","_medium_share_type":"","_threads_share_type":"","_google_business_share_type":"","_bluesky_share_type":"","_mastodon_share_type":"","_selected_social_profile":[],"_wpsp_enable_custom_social_template":false,"_wpsp_social_scheduling":{"enabled":false,"datetime":null,"platforms":[],"status":"template_only","dateOption":"today","timeOption":"now","customDays":"","customHours":"","customDate":"","customTime":"","schedulingType":"absolute"},"_wpsp_active_default_template":true},"categories":[1],"tags":[8,28],"class_list":["post-7854","post","type-post","status-publish","format-standard","has-post-thumbnail","hentry","category-uncategorized","tag-marketing","tag-site-tips"],"_links":{"self":[{"href":"https:\/\/www.semanariotiempo.cl\/index.php?rest_route=\/wp\/v2\/posts\/7854","targetHints":{"allow":["GET"]}}],"collection":[{"href":"https:\/\/www.semanariotiempo.cl\/index.php?rest_route=\/wp\/v2\/posts"}],"about":[{"href":"https:\/\/www.semanariotiempo.cl\/index.php?rest_route=\/wp\/v2\/types\/post"}],"author":[{"embeddable":true,"href":"https:\/\/www.semanariotiempo.cl\/index.php?rest_route=\/wp\/v2\/users\/1"}],"replies":[{"embeddable":true,"href":"https:\/\/www.semanariotiempo.cl\/index.php?rest_route=%2Fwp%2Fv2%2Fcomments&post=7854"}],"version-history":[{"count":0,"href":"https:\/\/www.semanariotiempo.cl\/index.php?rest_route=\/wp\/v2\/posts\/7854\/revisions"}],"wp:featuredmedia":[{"embeddable":true,"href":"https:\/\/www.semanariotiempo.cl\/index.php?rest_route=\/wp\/v2\/media\/7855"}],"wp:attachment":[{"href":"https:\/\/www.semanariotiempo.cl\/index.php?rest_route=%2Fwp%2Fv2%2Fmedia&parent=7854"}],"wp:term":[{"taxonomy":"category","embeddable":true,"href":"https:\/\/www.semanariotiempo.cl\/index.php?rest_route=%2Fwp%2Fv2%2Fcategories&post=7854"},{"taxonomy":"post_tag","embeddable":true,"href":"https:\/\/www.semanariotiempo.cl\/index.php?rest_route=%2Fwp%2Fv2%2Ftags&post=7854"}],"curies":[{"name":"wp","href":"https:\/\/api.w.org\/{rel}","templated":true}]}}