{"id":7851,"date":"2023-03-24T22:35:56","date_gmt":"2023-03-24T22:35:56","guid":{"rendered":"https:\/\/www.semanariotiempo.cl\/?p=7851"},"modified":"2023-03-24T22:35:56","modified_gmt":"2023-03-24T22:35:56","slug":"masmar-impulsa-trabajo-colaborativo-con-peru-para-potenciar-la-economia-circular-en-la-pesca-y-acuicultura","status":"publish","type":"post","link":"https:\/\/www.semanariotiempo.cl\/?p=7851","title":{"rendered":"M\u00e1sMar impulsa trabajo colaborativo con Per\u00fa para potenciar la econom\u00eda circular en la pesca y acuicultura"},"content":{"rendered":"\n<h4 class=\"has-vivid-cyan-blue-color has-text-color wp-block-heading\"><strong>Una delegaci\u00f3n peruana, con representantes del Estado, estuvo en Coquimbo y La Serena, compartiendo experiencias de trabajo.<\/strong><\/h4>\n\n\n\n<div class=\"wp-block-image\"><figure class=\"aligncenter size-large\"><img loading=\"lazy\" decoding=\"async\" width=\"960\" height=\"720\" src=\"https:\/\/www.semanariotiempo.cl\/wp-content\/uploads\/2023\/03\/M\u00e1sMar-trabajo-colaborativo-Per\u00fa.jpg\" alt=\"\" class=\"wp-image-7852\" srcset=\"https:\/\/www.semanariotiempo.cl\/wp-content\/uploads\/2023\/03\/M\u00e1sMar-trabajo-colaborativo-Per\u00fa.jpg 960w, https:\/\/www.semanariotiempo.cl\/wp-content\/uploads\/2023\/03\/M\u00e1sMar-trabajo-colaborativo-Per\u00fa-300x225.jpg 300w, https:\/\/www.semanariotiempo.cl\/wp-content\/uploads\/2023\/03\/M\u00e1sMar-trabajo-colaborativo-Per\u00fa-768x576.jpg 768w, https:\/\/www.semanariotiempo.cl\/wp-content\/uploads\/2023\/03\/M\u00e1sMar-trabajo-colaborativo-Per\u00fa-80x60.jpg 80w, https:\/\/www.semanariotiempo.cl\/wp-content\/uploads\/2023\/03\/M\u00e1sMar-trabajo-colaborativo-Per\u00fa-265x198.jpg 265w, https:\/\/www.semanariotiempo.cl\/wp-content\/uploads\/2023\/03\/M\u00e1sMar-trabajo-colaborativo-Per\u00fa-696x522.jpg 696w, https:\/\/www.semanariotiempo.cl\/wp-content\/uploads\/2023\/03\/M\u00e1sMar-trabajo-colaborativo-Per\u00fa-560x420.jpg 560w\" sizes=\"auto, (max-width: 960px) 100vw, 960px\" \/><\/figure><\/div>\n\n\n\n<p class=\"wp-block-paragraph\">Hasta nuestro pa\u00eds lleg\u00f3 una delegaci\u00f3n del Estado Peruano, para compartir experiencias de econom\u00eda circular, desarrollo productivo, e innovaci\u00f3n en el \u00e1rea de la pesca y la acuicultura de la regi\u00f3n de Coquimbo.<br>Se trata de un trabajo realizado por el Programa Transforma M\u00e1sMar de Corfo (que tambi\u00e9n cuenta con recursos del Gobierno Regional) en el marco de la pasant\u00eda internacional con Fundaci\u00f3n Chile y PNIPA (Proyecto Nacional de Innovaci\u00f3n en Pesca del Per\u00fa) sobre c\u00f3mo las pol\u00edticas p\u00fablicas favorecen la innovaci\u00f3n.<\/p>\n\n\n\n<p class=\"wp-block-paragraph\">Toda la comisi\u00f3n particip\u00f3 de charlas y conversatorios a cargo del Gerente de M\u00e1smar, Guillermo Molina. Se hicieron rondas de preguntas e intercambio de conocimiento, lideradas por el equipo del Programa M\u00e1sMar, uno que busca a trav\u00e9s de Corfo y el Gobierno Local, transformar a la regi\u00f3n, en una fuente de bioproductos y alimentos con valor agregado de origen marino.<\/p>\n\n\n\n<p class=\"wp-block-paragraph\">Al respecto el director regional de Corfo, Andr\u00e9s Zurita, indic\u00f3 que \u201cla visita de la delegaci\u00f3n peruana permite visualizar las \u00e1reas de colaboraci\u00f3n en proyectos de innovaci\u00f3n, ya que existen muchos desaf\u00edos comunes en t\u00e9rminos de especies, ecosistemas, y experiencias avanzadas por ambos pa\u00edses, que pudieran potenciarse desde el punto de vista de la econom\u00eda circular, y en particular en el sector de bioproductos marinos, apuntando hacia la sostenibilidad y la innovaci\u00f3n para agregar valor\u201d.<br>Declaraciones que tambi\u00e9n comparte Osciel Vel\u00e1squez, Presidente del Programa MasMar, se\u00f1alando que esto es \u201cuna tremenda oportunidad colaborativa, donde realmente podemos conocer su experiencia y que ellos puedan conocer la nuestra\u201d.<\/p>\n\n\n\n<p class=\"wp-block-paragraph\"><span class=\"has-inline-color has-vivid-cyan-blue-color\"><strong>Compartiendo experiencias Internacionales:<\/strong><\/span><br>Javier Zabaleta, especialista en evaluaci\u00f3n de pesquer\u00edas del Instituto del Mar en Per\u00fa, coment\u00f3 que \u201cestoy sorprendido gratamente. Estos intercambios nos ayudan a mejorar como funcionarios p\u00fablicos en poder articular nuestros servicios y entregar un mejor producto para el Estado y el sector privado de la pesca y la acuicultura\u201d.<br>Quien tambi\u00e9n agradeci\u00f3 la visita a Chile, fue Vannesa Buleje del Instituto Tecnol\u00f3gico de la Producci\u00f3n en Lima, quien se mostr\u00f3 muy contenta de estar aqu\u00ed. \u201cEs una experiencia enriquecedora, estoy agradecida por invitarnos, por acogernos y por compartir sus experiencias, porque notamos que ustedes est\u00e1n m\u00e1s adelantados en materia de innovaci\u00f3n p\u00fablica\u201d.<\/p>\n\n\n\n<p class=\"wp-block-paragraph\">En representaci\u00f3n de la acuicultura local, Juan Torrej\u00f3n, Pdte. de la Cooperativa M-31 de Tongoy, destac\u00f3 que \u201ces muy interesante para nosotros dos cosas, primero la capacidad pesquera que tiene nuestro pa\u00eds vecino y segundo, es importante para nosotros poder aportar a la acuicultura en peque\u00f1a escala\u201d.<br>En la jornada tambi\u00e9n estuvo presente la Seremi de Econom\u00eda, P\u00eda Castillo, quien comprometi\u00f3 en la ocasi\u00f3n continuar con el trabajo colaborativo entre la regi\u00f3n de Coquimbo y Per\u00fa en materia de acuicultura y la concreci\u00f3n de nuevos proyectos para el desarrollo productivo de la zona.<br>\u201cEs sumamente importante compartir experiencias exitosas de agregaci\u00f3n de valor a los productos del mar, pues uno de los principales desaf\u00edos que tenemos como regi\u00f3n de Coquimbo y como pa\u00eds, es diversificar la oferta exportadora y no solo vender materias primas.<br>La autoridad destac\u00f3 el apoyo del programa M\u00e1sMar, ya que explica que a trav\u00e9s de alianzas entre la ciencia, el Estado y los privados, se pueden generar nuevas oportunidades para las empresas locales, agregando conocimiento y tecnolog\u00eda a la cadena de valor del sector pesquero local. \u201cHaber podido dialogar junto a funcionarios p\u00fablicos de un pa\u00eds con tanta experiencia y trayectoria en materia de pesca y acuicultura como Per\u00fa, sin duda que es muy enriquecedor para nuestra regi\u00f3n\u201d, sentenci\u00f3 la autoridad local.<\/p>\n","protected":false},"excerpt":{"rendered":"<p>Una delegaci\u00f3n peruana, con representantes del Estado, estuvo en Coquimbo y La Serena, compartiendo experiencias de trabajo. Hasta nuestro pa\u00eds lleg\u00f3 una delegaci\u00f3n del Estado Peruano, para compartir experiencias de econom\u00eda circular, desarrollo productivo, e innovaci\u00f3n en el \u00e1rea de la pesca y la acuicultura de la regi\u00f3n de Coquimbo.Se trata de un trabajo realizado [&hellip;]<\/p>\n","protected":false},"author":1,"featured_media":7852,"comment_status":"open","ping_status":"open","sticky":false,"template":"","format":"standard","meta":{"tdm_status":"","tdm_grid_status":"","footnotes":"","_wpscppro_dont_share_socialmedia":false,"_wpscppro_custom_social_share_image":0,"_facebook_share_type":"","_twitter_share_type":"","_linkedin_share_type":"","_pinterest_share_type":"","_linkedin_share_type_page":"","_instagram_share_type":"","_medium_share_type":"","_threads_share_type":"","_google_business_share_type":"","_bluesky_share_type":"","_mastodon_share_type":"","_selected_social_profile":[],"_wpsp_enable_custom_social_template":false,"_wpsp_social_scheduling":{"enabled":false,"datetime":null,"platforms":[],"status":"template_only","dateOption":"today","timeOption":"now","customDays":"","customHours":"","customDate":"","customTime":"","schedulingType":"absolute"},"_wpsp_active_default_template":true},"categories":[],"tags":[16,8,6],"class_list":["post-7851","post","type-post","status-publish","format-standard","has-post-thumbnail","hentry","tag-make-money-online","tag-marketing","tag-redesign"],"_links":{"self":[{"href":"https:\/\/www.semanariotiempo.cl\/index.php?rest_route=\/wp\/v2\/posts\/7851","targetHints":{"allow":["GET"]}}],"collection":[{"href":"https:\/\/www.semanariotiempo.cl\/index.php?rest_route=\/wp\/v2\/posts"}],"about":[{"href":"https:\/\/www.semanariotiempo.cl\/index.php?rest_route=\/wp\/v2\/types\/post"}],"author":[{"embeddable":true,"href":"https:\/\/www.semanariotiempo.cl\/index.php?rest_route=\/wp\/v2\/users\/1"}],"replies":[{"embeddable":true,"href":"https:\/\/www.semanariotiempo.cl\/index.php?rest_route=%2Fwp%2Fv2%2Fcomments&post=7851"}],"version-history":[{"count":0,"href":"https:\/\/www.semanariotiempo.cl\/index.php?rest_route=\/wp\/v2\/posts\/7851\/revisions"}],"wp:featuredmedia":[{"embeddable":true,"href":"https:\/\/www.semanariotiempo.cl\/index.php?rest_route=\/wp\/v2\/media\/7852"}],"wp:attachment":[{"href":"https:\/\/www.semanariotiempo.cl\/index.php?rest_route=%2Fwp%2Fv2%2Fmedia&parent=7851"}],"wp:term":[{"taxonomy":"category","embeddable":true,"href":"https:\/\/www.semanariotiempo.cl\/index.php?rest_route=%2Fwp%2Fv2%2Fcategories&post=7851"},{"taxonomy":"post_tag","embeddable":true,"href":"https:\/\/www.semanariotiempo.cl\/index.php?rest_route=%2Fwp%2Fv2%2Ftags&post=7851"}],"curies":[{"name":"wp","href":"https:\/\/api.w.org\/{rel}","templated":true}]}}