{"id":7848,"date":"2023-03-24T22:33:08","date_gmt":"2023-03-24T22:33:08","guid":{"rendered":"https:\/\/www.semanariotiempo.cl\/?p=7848"},"modified":"2023-03-24T22:33:08","modified_gmt":"2023-03-24T22:33:08","slug":"oportunidades-de-inversion-en-un-escenario-de-cambio-climatico","status":"publish","type":"post","link":"https:\/\/www.semanariotiempo.cl\/?p=7848","title":{"rendered":"Oportunidades de inversi\u00f3n en un escenario de cambio clim\u00e1tico"},"content":{"rendered":"\n<h4 class=\"has-vivid-red-color has-text-color wp-block-heading\"><strong>La problem\u00e1tica del suministro h\u00eddrico de la Regi\u00f3n de Coquimbo es una tem\u00e1tica multidimensional que se arrastra desde hace d\u00e9cadas, pero con mayor \u00e9nfasis a partir de la mega sequ\u00eda iniciada el 2010. Hacia 2023 la condici\u00f3n es alarmante, hasta el punto de que poder garantizar seguridad h\u00eddrica, incluso para el pr\u00f3ximo a\u00f1o, ser\u00eda una afirmaci\u00f3n irresponsable.<\/strong><\/h4>\n\n\n\n<div class=\"wp-block-image\"><figure class=\"aligncenter size-large\"><img loading=\"lazy\" decoding=\"async\" width=\"901\" height=\"600\" src=\"https:\/\/www.semanariotiempo.cl\/wp-content\/uploads\/2023\/03\/Valle-de-Elqui.jpg\" alt=\"\" class=\"wp-image-7849\" srcset=\"https:\/\/www.semanariotiempo.cl\/wp-content\/uploads\/2023\/03\/Valle-de-Elqui.jpg 901w, https:\/\/www.semanariotiempo.cl\/wp-content\/uploads\/2023\/03\/Valle-de-Elqui-300x200.jpg 300w, https:\/\/www.semanariotiempo.cl\/wp-content\/uploads\/2023\/03\/Valle-de-Elqui-768x511.jpg 768w, https:\/\/www.semanariotiempo.cl\/wp-content\/uploads\/2023\/03\/Valle-de-Elqui-696x463.jpg 696w, https:\/\/www.semanariotiempo.cl\/wp-content\/uploads\/2023\/03\/Valle-de-Elqui-631x420.jpg 631w\" sizes=\"auto, (max-width: 901px) 100vw, 901px\" \/><\/figure><\/div>\n\n\n\n<p class=\"wp-block-paragraph\">El estado actual es el resultado de varios factores, en donde destaca el cambio clim\u00e1tico expresado por continuas y extensas sequ\u00edas, una demanda creciente y la carencia de normativas que se adapten a la situaci\u00f3n de escasez. No obstante, \u00bfes esta una condici\u00f3n fortuita, no proyectada o sorpresiva? Claramente no, y por ello se han llevado a cabo estudios, seminarios, reuniones sectoriales y multisectoriales, que han derivado en la introducci\u00f3n de tecnolog\u00edas que permiten un uso m\u00e1s eficiente del agua, oblig\u00e1ndonos a ser m\u00e1s productivos a nivel industrial.<\/p>\n\n\n\n<p class=\"wp-block-paragraph\">Dentro de este contexto, cabe se\u00f1alar que la agricultura en la Regi\u00f3n de Coquimbo es una actividad econ\u00f3mica relevante, que durante los \u00faltimos a\u00f1os ha sido golpeada por la falta de agua, con el consiguiente aumento de costos y mercados cada vez m\u00e1s exigentes. En este marco, el estudio FIC \u201cPROSPECCI\u00d3N PARA PROMOCI\u00d3N Y ATRACCI\u00d3N DE INVERSIONES EN LA REGI\u00d3N\u201d ha levantado informaci\u00f3n relevante respecto a las oportunidades para avanzar en una estrategia activa para la atracci\u00f3n de inversi\u00f3n de triple impacto (social, econ\u00f3mica y ambiental), que fomente la participaci\u00f3n de nuevos actores del ecosistema de emprendimiento en la econ\u00f3mica regional, haci\u00e9ndola m\u00e1s inclusiva y m\u00e1s din\u00e1mica.<\/p>\n\n\n\n<p class=\"wp-block-paragraph\">En esta l\u00f3gica, el estudio logr\u00f3 caracterizar oportunidades presentes en la revalorizaci\u00f3n de residuos org\u00e1nicos generados por la agro industria, mediante la inclusi\u00f3n de alternativas tecnol\u00f3gicas (dependiendo del tipo de cultivo), lo que permitir\u00eda revalorizar hasta un total de 83.830 toneladas de residuos org\u00e1nicos por a\u00f1o en la Regi\u00f3n de Coquimbo. Si bien existen diferencias respecto al volumen de residuos org\u00e1nicos generados por cada rubro, la propuesta t\u00e9cnica estimativa de revalorizaci\u00f3n permitir\u00eda superar en 120 veces a los ingresos que se generar\u00edan mediante la producci\u00f3n de compost, una de las alternativas de econom\u00eda circular m\u00e1s comunes en la industria.<\/p>\n\n\n\n<p class=\"wp-block-paragraph\">Mediante la caracterizaci\u00f3n se identific\u00f3 la potencial generaci\u00f3n de productos con alto valor agregado demandados a nivel mundial, tan diversos como carbones activados, aceites esenciales, alimentos para caprinos, jugos altos en vitaminas, conservas, aceites para cocina, harinas altas en fibra y sin gluten, mantequillas y biocombustibles, entre otros.<br>En el marco del d\u00eda mundial del agua, es importante llamar a todos los sectores productivos y a la comunidad en general, a tomar acci\u00f3n en cada una de las actividades que nos relaciones con el agua, para mejorar la gesti\u00f3n y eficiencia en su uso, como tambi\u00e9n agregar valor a los procesos productivos tradicionales, mediante la innovaci\u00f3n y mirada desde la perspectiva de la econom\u00eda circular, de manera de generar procesos productivos m\u00e1s resilientes y sustentables para la Regi\u00f3n de Coquimbo.<\/p>\n","protected":false},"excerpt":{"rendered":"<p>La problem\u00e1tica del suministro h\u00eddrico de la Regi\u00f3n de Coquimbo es una tem\u00e1tica multidimensional que se arrastra desde hace d\u00e9cadas, pero con mayor \u00e9nfasis a partir de la mega sequ\u00eda iniciada el 2010. Hacia 2023 la condici\u00f3n es alarmante, hasta el punto de que poder garantizar seguridad h\u00eddrica, incluso para el pr\u00f3ximo a\u00f1o, ser\u00eda una [&hellip;]<\/p>\n","protected":false},"author":1,"featured_media":7849,"comment_status":"open","ping_status":"open","sticky":false,"template":"","format":"standard","meta":{"tdm_status":"","tdm_grid_status":"","footnotes":"","_wpscppro_dont_share_socialmedia":false,"_wpscppro_custom_social_share_image":0,"_facebook_share_type":"","_twitter_share_type":"","_linkedin_share_type":"","_pinterest_share_type":"","_linkedin_share_type_page":"","_instagram_share_type":"","_medium_share_type":"","_threads_share_type":"","_google_business_share_type":"","_bluesky_share_type":"","_mastodon_share_type":"","_selected_social_profile":[],"_wpsp_enable_custom_social_template":false,"_wpsp_social_scheduling":{"enabled":false,"datetime":null,"platforms":[],"status":"template_only","dateOption":"today","timeOption":"now","customDays":"","customHours":"","customDate":"","customTime":"","schedulingType":"absolute"},"_wpsp_active_default_template":true},"categories":[1],"tags":[8,28],"class_list":["post-7848","post","type-post","status-publish","format-standard","has-post-thumbnail","hentry","category-uncategorized","tag-marketing","tag-site-tips"],"_links":{"self":[{"href":"https:\/\/www.semanariotiempo.cl\/index.php?rest_route=\/wp\/v2\/posts\/7848","targetHints":{"allow":["GET"]}}],"collection":[{"href":"https:\/\/www.semanariotiempo.cl\/index.php?rest_route=\/wp\/v2\/posts"}],"about":[{"href":"https:\/\/www.semanariotiempo.cl\/index.php?rest_route=\/wp\/v2\/types\/post"}],"author":[{"embeddable":true,"href":"https:\/\/www.semanariotiempo.cl\/index.php?rest_route=\/wp\/v2\/users\/1"}],"replies":[{"embeddable":true,"href":"https:\/\/www.semanariotiempo.cl\/index.php?rest_route=%2Fwp%2Fv2%2Fcomments&post=7848"}],"version-history":[{"count":0,"href":"https:\/\/www.semanariotiempo.cl\/index.php?rest_route=\/wp\/v2\/posts\/7848\/revisions"}],"wp:featuredmedia":[{"embeddable":true,"href":"https:\/\/www.semanariotiempo.cl\/index.php?rest_route=\/wp\/v2\/media\/7849"}],"wp:attachment":[{"href":"https:\/\/www.semanariotiempo.cl\/index.php?rest_route=%2Fwp%2Fv2%2Fmedia&parent=7848"}],"wp:term":[{"taxonomy":"category","embeddable":true,"href":"https:\/\/www.semanariotiempo.cl\/index.php?rest_route=%2Fwp%2Fv2%2Fcategories&post=7848"},{"taxonomy":"post_tag","embeddable":true,"href":"https:\/\/www.semanariotiempo.cl\/index.php?rest_route=%2Fwp%2Fv2%2Ftags&post=7848"}],"curies":[{"name":"wp","href":"https:\/\/api.w.org\/{rel}","templated":true}]}}