{"id":7841,"date":"2023-03-24T22:25:05","date_gmt":"2023-03-24T22:25:05","guid":{"rendered":"https:\/\/www.semanariotiempo.cl\/?p=7841"},"modified":"2023-03-24T22:25:06","modified_gmt":"2023-03-24T22:25:06","slug":"economia-circular-una-oportunidad","status":"publish","type":"post","link":"https:\/\/www.semanariotiempo.cl\/?p=7841","title":{"rendered":"Econom\u00eda circular, una oportunidad"},"content":{"rendered":"\n<p class=\"wp-block-paragraph\">Una delegaci\u00f3n de pesca y acuicultura proveniente de Per\u00fa visit\u00f3 nuestra zona para conocer la experiencia local sobre econom\u00eda circular. En nuestra regi\u00f3n, a trav\u00e9s del programa M\u00e1sMar se ha avanzado de manera relevante en la valoraci\u00f3n de los desechos org\u00e1nicos marinos como materias primas para subproductos.<br>De la misma forma, los industriales pesqueros, hace varios a\u00f1os ya descubrieron que desde sus mallas de pesca desechadas, pod\u00edan surgir hermosos y sofisticados art\u00edculos , como lentes de sol o tablas de skate board.<br>Hoy es la ley Chilena la que exige a las empresas productoras que definan el destino de los desechos generados para la producci\u00f3n y para la comercializaci\u00f3n de sus productos.<br>Pero el camino ser\u00e1 complejo y con mucho aprendizaje de por medio, ya que ser\u00e1 necesaria la generaci\u00f3n de una cultura medioambiental como factor clave para cumplir con las metas planteadas por la nueva legislaci\u00f3n.<br>Una clave es aprender a separar correctamente en origen, sin contaminar entre si a los distintos materiales, para facilitar el trabajo en las plantas de segregaci\u00f3n, entregando materiales reciclables \/ materia prima de calidad a las plantas valorizadoras. El sentido de aquello es evitar posibles mermas o rechazos por la mala calidad de los materiales obtenidos del proceso de segregaci\u00f3n.<br>Pero esta nueva l\u00f3gica de econom\u00eda circular tambi\u00e9n traer\u00e1 consigo a nuevos actores ya no solo del sector industrial, sino distintos gestores, empresas de transporte de residuos, laboratorios de investigaci\u00f3n, educaci\u00f3n ambiental, fabricantes de soluciones de acopio, de embalajes reciclables, compostaje y valorizaci\u00f3n energ\u00e9tica entre muchos otros.<br>Ac\u00e1 la pregunta que surge, por ejemplo, es de qu\u00e9 manera las universidades e institutos superiores est\u00e1n educando a las nuevas generaciones para la b\u00fasqueda de soluciones innovadoras en estos nuevos paradigmas. Sin duda hay una tremenda oportunidad.<\/p>\n\n\n\n<p style=\"background-color:#ffe7e6\" class=\"has-background wp-block-paragraph\"><strong>V\u00edctor H. Villagr\u00e1n<\/strong><br>Editor Semanario Tiempo<\/p>\n","protected":false},"excerpt":{"rendered":"<p>Una delegaci\u00f3n de pesca y acuicultura proveniente de Per\u00fa visit\u00f3 nuestra zona para conocer la experiencia local sobre econom\u00eda circular. En nuestra regi\u00f3n, a trav\u00e9s del programa M\u00e1sMar se ha avanzado de manera relevante en la valoraci\u00f3n de los desechos org\u00e1nicos marinos como materias primas para subproductos.De la misma forma, los industriales pesqueros, hace varios [&hellip;]<\/p>\n","protected":false},"author":1,"featured_media":0,"comment_status":"open","ping_status":"open","sticky":false,"template":"","format":"standard","meta":{"tdm_status":"","tdm_grid_status":"","footnotes":"","_wpscppro_dont_share_socialmedia":false,"_wpscppro_custom_social_share_image":0,"_facebook_share_type":"","_twitter_share_type":"","_linkedin_share_type":"","_pinterest_share_type":"","_linkedin_share_type_page":"","_instagram_share_type":"","_medium_share_type":"","_threads_share_type":"","_google_business_share_type":"","_bluesky_share_type":"","_mastodon_share_type":"","_selected_social_profile":[],"_wpsp_enable_custom_social_template":false,"_wpsp_social_scheduling":{"enabled":false,"datetime":null,"platforms":[],"status":"template_only","dateOption":"today","timeOption":"now","customDays":"","customHours":"","customDate":"","customTime":"","schedulingType":"absolute"},"_wpsp_active_default_template":true},"categories":[],"tags":[25],"class_list":["post-7841","post","type-post","status-publish","format-standard","hentry","tag-wordpress-themes"],"_links":{"self":[{"href":"https:\/\/www.semanariotiempo.cl\/index.php?rest_route=\/wp\/v2\/posts\/7841","targetHints":{"allow":["GET"]}}],"collection":[{"href":"https:\/\/www.semanariotiempo.cl\/index.php?rest_route=\/wp\/v2\/posts"}],"about":[{"href":"https:\/\/www.semanariotiempo.cl\/index.php?rest_route=\/wp\/v2\/types\/post"}],"author":[{"embeddable":true,"href":"https:\/\/www.semanariotiempo.cl\/index.php?rest_route=\/wp\/v2\/users\/1"}],"replies":[{"embeddable":true,"href":"https:\/\/www.semanariotiempo.cl\/index.php?rest_route=%2Fwp%2Fv2%2Fcomments&post=7841"}],"version-history":[{"count":0,"href":"https:\/\/www.semanariotiempo.cl\/index.php?rest_route=\/wp\/v2\/posts\/7841\/revisions"}],"wp:attachment":[{"href":"https:\/\/www.semanariotiempo.cl\/index.php?rest_route=%2Fwp%2Fv2%2Fmedia&parent=7841"}],"wp:term":[{"taxonomy":"category","embeddable":true,"href":"https:\/\/www.semanariotiempo.cl\/index.php?rest_route=%2Fwp%2Fv2%2Fcategories&post=7841"},{"taxonomy":"post_tag","embeddable":true,"href":"https:\/\/www.semanariotiempo.cl\/index.php?rest_route=%2Fwp%2Fv2%2Ftags&post=7841"}],"curies":[{"name":"wp","href":"https:\/\/api.w.org\/{rel}","templated":true}]}}