{"id":7770,"date":"2023-03-16T21:32:30","date_gmt":"2023-03-16T21:32:30","guid":{"rendered":"https:\/\/www.semanariotiempo.cl\/?p=7770"},"modified":"2023-03-16T21:32:30","modified_gmt":"2023-03-16T21:32:30","slug":"comision-de-constitucion-inicia-tramite-de-proyecto-que-aumenta-plazas-de-conservadores-y-notarios","status":"publish","type":"post","link":"https:\/\/www.semanariotiempo.cl\/?p=7770","title":{"rendered":"Comisi\u00f3n de Constituci\u00f3n inicia tr\u00e1mite de proyecto  que aumenta plazas de conservadores y notarios"},"content":{"rendered":"\n<div class=\"wp-block-image\"><figure class=\"aligncenter size-large\"><img loading=\"lazy\" decoding=\"async\" width=\"1024\" height=\"768\" src=\"https:\/\/www.semanariotiempo.cl\/wp-content\/uploads\/2023\/03\/senado.jpg\" alt=\"\" class=\"wp-image-7771\" srcset=\"https:\/\/www.semanariotiempo.cl\/wp-content\/uploads\/2023\/03\/senado.jpg 1024w, https:\/\/www.semanariotiempo.cl\/wp-content\/uploads\/2023\/03\/senado-300x225.jpg 300w, https:\/\/www.semanariotiempo.cl\/wp-content\/uploads\/2023\/03\/senado-768x576.jpg 768w, https:\/\/www.semanariotiempo.cl\/wp-content\/uploads\/2023\/03\/senado-80x60.jpg 80w, https:\/\/www.semanariotiempo.cl\/wp-content\/uploads\/2023\/03\/senado-265x198.jpg 265w, https:\/\/www.semanariotiempo.cl\/wp-content\/uploads\/2023\/03\/senado-696x522.jpg 696w, https:\/\/www.semanariotiempo.cl\/wp-content\/uploads\/2023\/03\/senado-560x420.jpg 560w\" sizes=\"auto, (max-width: 1024px) 100vw, 1024px\" \/><\/figure><\/div>\n\n\n\n<p class=\"wp-block-paragraph\">El Presidente de la Comisi\u00f3n de Constituci\u00f3n del Senado, Mat\u00edas Walker, encabez\u00f3 la semana pasada la sesi\u00f3n que dio inicio a la tramitaci\u00f3n del proyecto que aumenta la disponibilidad de plazas para conservadores y notarios, con el objeto de desconcentrar la actual oferta para facilitar y acercar los tr\u00e1mites a la ciudadan\u00eda. Tambi\u00e9n, abord\u00f3 el proyecto de desnotarizacion que simplifica los llamados \u201ctramites de mes\u00f3n\u201d para que puedan ser autorizados por otro ministro de fe. Dichas iniciativas cuentan con suma urgencia dispuesta por el Gobierno.<br>\u201cLo que hace este proyecto que presentamos con el Senador Elizalde, es desconcentrar la oferta de notarios y conservadores. Lo que permite el proyecto es crear m\u00e1s oficios de conservadores y notarios en Santiago y tambi\u00e9n en el resto del pa\u00eds. Esto es, aumentar la competencia, lo cual es muy positivo para la ciudadan\u00eda\u201d, indic\u00f3 el presidente de la Comisi\u00f3n Mat\u00edas Walker.<br>En esta misma l\u00ednea, ejemplific\u00f3 la situaci\u00f3n se\u00f1alando que \u201cen el caso de Santiago existe un solo registro de conservador de bienes ra\u00edces y ahora van a existir seis m\u00e1s cercanos a donde vive la gente. Lo mismo ocurrir\u00e1 en regiones, donde por ejemplo \u00bfpor qu\u00e9 el sector de Las Compa\u00f1\u00edas en La Serena no puede tener un registro conservatorio propio? Y lo mismo suceder\u00e1 en otras ciudades y regiones del pa\u00eds.<\/p>\n\n\n\n<p class=\"wp-block-paragraph\">Por otra parte, el Senador Walker indic\u00f3 que lo anterior va acompa\u00f1ado con \u201cel proyecto de desnotarizaci\u00f3n que viene desde la C\u00e1mara de Diputados, que tambi\u00e9n el Ministro de Justicia le ha colocado suma urgencia y que tiene por prop\u00f3sito que muchos tr\u00e1mites que hoy d\u00eda se hacen en las notar\u00edas -los denominados tr\u00e1mites de mes\u00f3n, en que muchas veces no vemos la cara al notario- puedan ser autorizados por otros ministros de fe, por ejemplo, un oficial del registro civil.<br>Respecto de esto, el parlamentario lament\u00f3 \u201cque la asociaci\u00f3n de notarios se oponga a estos cambios, pero quiero celebrar que hay muchos notarios j\u00f3venes -una nueva generaci\u00f3n- que entiende que tienen que haber cambios y eso es fundamental\u201d<\/p>\n\n\n\n<p class=\"wp-block-paragraph\">Finalmente, el Senador Walker inform\u00f3 que \u201ceste proyecto (de conservadores) est\u00e1 con suma urgencia, lo mismo que el proyecto de desnotarizaci\u00f3n y eso va a permitir aprobarlo en un tiempo r\u00e1pido. Yo creo que de aqu\u00ed a un mes pueden salir ambos proyectos despachados desde la Comisi\u00f3n de Constituci\u00f3n del Senado\u201d<\/p>\n","protected":false},"excerpt":{"rendered":"<p>El Presidente de la Comisi\u00f3n de Constituci\u00f3n del Senado, Mat\u00edas Walker, encabez\u00f3 la semana pasada la sesi\u00f3n que dio inicio a la tramitaci\u00f3n del proyecto que aumenta la disponibilidad de plazas para conservadores y notarios, con el objeto de desconcentrar la actual oferta para facilitar y acercar los tr\u00e1mites a la ciudadan\u00eda. Tambi\u00e9n, abord\u00f3 el [&hellip;]<\/p>\n","protected":false},"author":1,"featured_media":7771,"comment_status":"open","ping_status":"open","sticky":false,"template":"","format":"standard","meta":{"tdm_status":"","tdm_grid_status":"","footnotes":"","_wpscppro_dont_share_socialmedia":false,"_wpscppro_custom_social_share_image":0,"_facebook_share_type":"","_twitter_share_type":"","_linkedin_share_type":"","_pinterest_share_type":"","_linkedin_share_type_page":"","_instagram_share_type":"","_medium_share_type":"","_threads_share_type":"","_google_business_share_type":"","_bluesky_share_type":"","_mastodon_share_type":"","_selected_social_profile":[],"_wpsp_enable_custom_social_template":false,"_wpsp_social_scheduling":{"enabled":false,"datetime":null,"platforms":[],"status":"template_only","dateOption":"today","timeOption":"now","customDays":"","customHours":"","customDate":"","customTime":"","schedulingType":"absolute"},"_wpsp_active_default_template":true},"categories":[1],"tags":[8,28],"class_list":["post-7770","post","type-post","status-publish","format-standard","has-post-thumbnail","hentry","category-uncategorized","tag-marketing","tag-site-tips"],"_links":{"self":[{"href":"https:\/\/www.semanariotiempo.cl\/index.php?rest_route=\/wp\/v2\/posts\/7770","targetHints":{"allow":["GET"]}}],"collection":[{"href":"https:\/\/www.semanariotiempo.cl\/index.php?rest_route=\/wp\/v2\/posts"}],"about":[{"href":"https:\/\/www.semanariotiempo.cl\/index.php?rest_route=\/wp\/v2\/types\/post"}],"author":[{"embeddable":true,"href":"https:\/\/www.semanariotiempo.cl\/index.php?rest_route=\/wp\/v2\/users\/1"}],"replies":[{"embeddable":true,"href":"https:\/\/www.semanariotiempo.cl\/index.php?rest_route=%2Fwp%2Fv2%2Fcomments&post=7770"}],"version-history":[{"count":0,"href":"https:\/\/www.semanariotiempo.cl\/index.php?rest_route=\/wp\/v2\/posts\/7770\/revisions"}],"wp:featuredmedia":[{"embeddable":true,"href":"https:\/\/www.semanariotiempo.cl\/index.php?rest_route=\/wp\/v2\/media\/7771"}],"wp:attachment":[{"href":"https:\/\/www.semanariotiempo.cl\/index.php?rest_route=%2Fwp%2Fv2%2Fmedia&parent=7770"}],"wp:term":[{"taxonomy":"category","embeddable":true,"href":"https:\/\/www.semanariotiempo.cl\/index.php?rest_route=%2Fwp%2Fv2%2Fcategories&post=7770"},{"taxonomy":"post_tag","embeddable":true,"href":"https:\/\/www.semanariotiempo.cl\/index.php?rest_route=%2Fwp%2Fv2%2Ftags&post=7770"}],"curies":[{"name":"wp","href":"https:\/\/api.w.org\/{rel}","templated":true}]}}