{"id":7766,"date":"2023-03-16T21:30:12","date_gmt":"2023-03-16T21:30:12","guid":{"rendered":"https:\/\/www.semanariotiempo.cl\/?p=7766"},"modified":"2023-03-16T21:30:13","modified_gmt":"2023-03-16T21:30:13","slug":"aguas-del-valle-y-asoinco-buscan-soluciones-al-mal-uso-del-alcantarillado-en-barrio-industrial","status":"publish","type":"post","link":"https:\/\/www.semanariotiempo.cl\/?p=7766","title":{"rendered":"Aguas del Valle y Asoinco buscan soluciones al mal uso del  alcantarillado en Barrio Industrial"},"content":{"rendered":"\n<h4 class=\"has-vivid-red-color has-text-color wp-block-heading\"><strong>Las entidades conformaron una mesa de trabajo junto a representantes de la Superintendencia de Servicio Sanitarios (SISS), Departamento de Medioambiente del Municipio de Coquimbo y la Seremi de Salud de la Regi\u00f3n Coquimbo.<\/strong><\/h4>\n\n\n\n<div class=\"wp-block-image\"><figure class=\"aligncenter size-large\"><img loading=\"lazy\" decoding=\"async\" width=\"1024\" height=\"680\" src=\"https:\/\/www.semanariotiempo.cl\/wp-content\/uploads\/2023\/03\/Barrio-Industrial-Obstrucci\u00f3n-Alcantarillado-1024x680.jpg\" alt=\"\" class=\"wp-image-7767\" srcset=\"https:\/\/www.semanariotiempo.cl\/wp-content\/uploads\/2023\/03\/Barrio-Industrial-Obstrucci\u00f3n-Alcantarillado-1024x680.jpg 1024w, https:\/\/www.semanariotiempo.cl\/wp-content\/uploads\/2023\/03\/Barrio-Industrial-Obstrucci\u00f3n-Alcantarillado-300x199.jpg 300w, https:\/\/www.semanariotiempo.cl\/wp-content\/uploads\/2023\/03\/Barrio-Industrial-Obstrucci\u00f3n-Alcantarillado-768x510.jpg 768w, https:\/\/www.semanariotiempo.cl\/wp-content\/uploads\/2023\/03\/Barrio-Industrial-Obstrucci\u00f3n-Alcantarillado-696x462.jpg 696w, https:\/\/www.semanariotiempo.cl\/wp-content\/uploads\/2023\/03\/Barrio-Industrial-Obstrucci\u00f3n-Alcantarillado-1068x709.jpg 1068w, https:\/\/www.semanariotiempo.cl\/wp-content\/uploads\/2023\/03\/Barrio-Industrial-Obstrucci\u00f3n-Alcantarillado-632x420.jpg 632w, https:\/\/www.semanariotiempo.cl\/wp-content\/uploads\/2023\/03\/Barrio-Industrial-Obstrucci\u00f3n-Alcantarillado.jpg 1200w\" sizes=\"auto, (max-width: 1024px) 100vw, 1024px\" \/><\/figure><\/div>\n\n\n\n<div class=\"wp-block-image\"><figure class=\"aligncenter size-large\"><img loading=\"lazy\" decoding=\"async\" width=\"1024\" height=\"461\" src=\"https:\/\/www.semanariotiempo.cl\/wp-content\/uploads\/2023\/03\/Mesa-de-Trabajo-Barrio-Industrial-1024x461.jpg\" alt=\"\" class=\"wp-image-7768\" srcset=\"https:\/\/www.semanariotiempo.cl\/wp-content\/uploads\/2023\/03\/Mesa-de-Trabajo-Barrio-Industrial-1024x461.jpg 1024w, https:\/\/www.semanariotiempo.cl\/wp-content\/uploads\/2023\/03\/Mesa-de-Trabajo-Barrio-Industrial-300x135.jpg 300w, https:\/\/www.semanariotiempo.cl\/wp-content\/uploads\/2023\/03\/Mesa-de-Trabajo-Barrio-Industrial-768x346.jpg 768w, https:\/\/www.semanariotiempo.cl\/wp-content\/uploads\/2023\/03\/Mesa-de-Trabajo-Barrio-Industrial-696x313.jpg 696w, https:\/\/www.semanariotiempo.cl\/wp-content\/uploads\/2023\/03\/Mesa-de-Trabajo-Barrio-Industrial-1068x481.jpg 1068w, https:\/\/www.semanariotiempo.cl\/wp-content\/uploads\/2023\/03\/Mesa-de-Trabajo-Barrio-Industrial-933x420.jpg 933w, https:\/\/www.semanariotiempo.cl\/wp-content\/uploads\/2023\/03\/Mesa-de-Trabajo-Barrio-Industrial.jpg 1200w\" sizes=\"auto, (max-width: 1024px) 100vw, 1024px\" \/><\/figure><\/div>\n\n\n\n<p class=\"wp-block-paragraph\">El subgerente zonal Elqui de Aguas del Valle, Juan Pablo Jacob, acompa\u00f1ado de su equipo de trabajo, se reuni\u00f3 con la directiva de la Asociaci\u00f3n Gremial de Industriales de Coquimbo (Asoinco) para conformar una mesa de trabajo p\u00fablico &#8211; privada destinada a abordar tem\u00e1ticas sanitarias como el mal uso del sistema de aguas servidas al interior del Barrio Industrial.<br>\u201cEn esta reuni\u00f3n informamos a la Asociaci\u00f3n Gremial que las situaciones de olores y obstrucciones del alcantarillado con afloramientos de aguas servidas en la v\u00eda p\u00fablica se han generado debido al mal uso del alcantarillado de parte de algunas empresas del Barrio Industrial. Al atender estos casos nuestros equipos han encontrado al interior de la red, elementos ajenos a ella, asociados a la producci\u00f3n de productos del mar\u201d, explic\u00f3 el subgerente de la sanitaria.<\/p>\n\n\n\n<p class=\"wp-block-paragraph\">Por su parte, el encargado de la Comisi\u00f3n de Medioambiente de Asoinco, Cesar Baratta, indic\u00f3 que \u201cestamos juntos conversando para buscar una soluci\u00f3n definitiva al problema de los desbordes de alcantarillados, que son fundamentalmente por mal uso, principalmente por pesqueras que no cumplen con la normativa. Lo importante es sentarse a conversar para ver las posibles soluciones de un problema que tiene muchos a\u00f1os, es muy relevante que estemos realizando las conversaciones, poniendo metas claras y objetivos a cumplir\u201d.<br>Al respecto, el jefe de la oficina regional de la SISS, Erick Chulak, sostuvo que \u201csiempre hemos estado muy preocupados del tema del Barrio Industrial e industriales pesqueros que generan RILES y residuos s\u00f3lidos que son descargados al alcantarillado, y que est\u00e1n generando problemas no solo en el entorno del barrio, sino que tambi\u00e9n a las poblaciones aleda\u00f1as. Esto no solo pasa por un tema de fiscalizaci\u00f3n, si no que va por un tema de responsabilidad que debe tener cada industrial en los procesos, tienen que cumplir las normas, es su obligaci\u00f3n\u201d.<br>Finalmente, el ejecutivo de Aguas del Valle sostuvo que se acord\u00f3, junto a las diversas autoridades, la realizaci\u00f3n de reuniones peri\u00f3dicas de la mesa de trabajo para evaluar las acciones a seguir y revisar caso a caso. Adem\u00e1s, afirm\u00f3 que se intensificar\u00e1n los monitoreos a la red de aguas servidas del sector del Barrio Industrial.<\/p>\n","protected":false},"excerpt":{"rendered":"<p>Las entidades conformaron una mesa de trabajo junto a representantes de la Superintendencia de Servicio Sanitarios (SISS), Departamento de Medioambiente del Municipio de Coquimbo y la Seremi de Salud de la Regi\u00f3n Coquimbo. El subgerente zonal Elqui de Aguas del Valle, Juan Pablo Jacob, acompa\u00f1ado de su equipo de trabajo, se reuni\u00f3 con la directiva [&hellip;]<\/p>\n","protected":false},"author":1,"featured_media":7767,"comment_status":"open","ping_status":"open","sticky":false,"template":"","format":"standard","meta":{"tdm_status":"","tdm_grid_status":"","footnotes":"","_wpscppro_dont_share_socialmedia":false,"_wpscppro_custom_social_share_image":0,"_facebook_share_type":"","_twitter_share_type":"","_linkedin_share_type":"","_pinterest_share_type":"","_linkedin_share_type_page":"","_instagram_share_type":"","_medium_share_type":"","_threads_share_type":"","_google_business_share_type":"","_bluesky_share_type":"","_mastodon_share_type":"","_selected_social_profile":[],"_wpsp_enable_custom_social_template":false,"_wpsp_social_scheduling":{"enabled":false,"datetime":null,"platforms":[],"status":"template_only","dateOption":"today","timeOption":"now","customDays":"","customHours":"","customDate":"","customTime":"","schedulingType":"absolute"},"_wpsp_active_default_template":true},"categories":[1],"tags":[8,28],"class_list":["post-7766","post","type-post","status-publish","format-standard","has-post-thumbnail","hentry","category-uncategorized","tag-marketing","tag-site-tips"],"_links":{"self":[{"href":"https:\/\/www.semanariotiempo.cl\/index.php?rest_route=\/wp\/v2\/posts\/7766","targetHints":{"allow":["GET"]}}],"collection":[{"href":"https:\/\/www.semanariotiempo.cl\/index.php?rest_route=\/wp\/v2\/posts"}],"about":[{"href":"https:\/\/www.semanariotiempo.cl\/index.php?rest_route=\/wp\/v2\/types\/post"}],"author":[{"embeddable":true,"href":"https:\/\/www.semanariotiempo.cl\/index.php?rest_route=\/wp\/v2\/users\/1"}],"replies":[{"embeddable":true,"href":"https:\/\/www.semanariotiempo.cl\/index.php?rest_route=%2Fwp%2Fv2%2Fcomments&post=7766"}],"version-history":[{"count":0,"href":"https:\/\/www.semanariotiempo.cl\/index.php?rest_route=\/wp\/v2\/posts\/7766\/revisions"}],"wp:featuredmedia":[{"embeddable":true,"href":"https:\/\/www.semanariotiempo.cl\/index.php?rest_route=\/wp\/v2\/media\/7767"}],"wp:attachment":[{"href":"https:\/\/www.semanariotiempo.cl\/index.php?rest_route=%2Fwp%2Fv2%2Fmedia&parent=7766"}],"wp:term":[{"taxonomy":"category","embeddable":true,"href":"https:\/\/www.semanariotiempo.cl\/index.php?rest_route=%2Fwp%2Fv2%2Fcategories&post=7766"},{"taxonomy":"post_tag","embeddable":true,"href":"https:\/\/www.semanariotiempo.cl\/index.php?rest_route=%2Fwp%2Fv2%2Ftags&post=7766"}],"curies":[{"name":"wp","href":"https:\/\/api.w.org\/{rel}","templated":true}]}}