{"id":7722,"date":"2023-03-13T22:45:28","date_gmt":"2023-03-13T22:45:28","guid":{"rendered":"https:\/\/www.semanariotiempo.cl\/?p=7722"},"modified":"2023-03-13T22:45:28","modified_gmt":"2023-03-13T22:45:28","slug":"el-doble-filo-de-la-ley-rep","status":"publish","type":"post","link":"https:\/\/www.semanariotiempo.cl\/?p=7722","title":{"rendered":"El doble filo de la Ley REP"},"content":{"rendered":"\n<p class=\"wp-block-paragraph\">La implementaci\u00f3n de la nueva Ley de Responsabilidad Extendida del Productor, m\u00e1s conocida como Ley REP, trae consigo importantes y positivos desaf\u00edos para nuestro pa\u00eds. De partida, en la forma en que las empresas gestionan sus propios productos, a los que ahora tendr\u00e1n que agregar un costo adicional fijo que implica hacerse responsable directa o indirectamente de recolectar los residuos que se generan en sus procesos productivos y en la venta final de sus productos a los clientes.<br>Esto sin duda fortalecer\u00e1 la b\u00fasqueda de productos biodegradables, a granel, o en envases de mayor tama\u00f1o, de tal forma de reducir la cantidad de desechos finales. En esto habr\u00e1 una motivaci\u00f3n econ\u00f3mica directa, que se medir\u00e1 en flujos de caja y estados financieros.<br>Tambi\u00e9n se abre una gran oportunidad para emprendedores dedicados al reciclaje y tratamiento de residuos, que se convertir\u00e1n en un rubro fuerte, m\u00e1s que necesario, indispensable, y que tendr\u00e1 sin lugar a dudas un desarrollo vertiginoso en los pr\u00f3ximos a\u00f1os. Desde el aceite, botellas, vidrio, pl\u00e1stico, neum\u00e1ticos, desechos org\u00e1nicos, restos de procesos, tendr\u00e1n ahora la obligaci\u00f3n de pensar en soluciones amigables con el medio ambiente y probablemente abra puertas a nuevos desaf\u00edos, creaciones e innovaciones productivas que hoy ni siquiera podemos imaginar.<br>Sin embargo, esta ley tambi\u00e9n puede tener un doble filo, y este es el desincentivo al cambio de mentalidad ciudadana. Esta conciencia que se ha estado poniendo en marcha en los \u00faltimos a\u00f1os, en que voluntariamente miles de personas lograron cambiar sus costumbres cotidianas y darse el tiempo de seleccionar, ir a dejar al reciclaje, elegir productos por sus caracter\u00edsticas medioambientales. Ahora quiz\u00e1s no haya incentivo suficiente, puesto que ahora la responsabilidad \u201ces de otro\u201d. \u201cEllos tienen la obligaci\u00f3n\u201d, puede ser la respuesta actual.<br>Es de esperar que esta nueva ley traiga aparejado una mayor conciencia ambiental, voluntaria, desinteresada, enfocada en el bien com\u00fan.<\/p>\n\n\n\n<p style=\"background-color:#f6ceca\" class=\"has-background wp-block-paragraph\"><strong>V\u00edctor H. Villagr\u00e1n<\/strong><br>Editor Semanario Tiempo<\/p>\n","protected":false},"excerpt":{"rendered":"<p>La implementaci\u00f3n de la nueva Ley de Responsabilidad Extendida del Productor, m\u00e1s conocida como Ley REP, trae consigo importantes y positivos desaf\u00edos para nuestro pa\u00eds. De partida, en la forma en que las empresas gestionan sus propios productos, a los que ahora tendr\u00e1n que agregar un costo adicional fijo que implica hacerse responsable directa o [&hellip;]<\/p>\n","protected":false},"author":1,"featured_media":0,"comment_status":"open","ping_status":"open","sticky":false,"template":"","format":"standard","meta":{"tdm_status":"","tdm_grid_status":"","footnotes":"","_wpscppro_dont_share_socialmedia":false,"_wpscppro_custom_social_share_image":0,"_facebook_share_type":"","_twitter_share_type":"","_linkedin_share_type":"","_pinterest_share_type":"","_linkedin_share_type_page":"","_instagram_share_type":"","_medium_share_type":"","_threads_share_type":"","_google_business_share_type":"","_bluesky_share_type":"","_mastodon_share_type":"","_selected_social_profile":[],"_wpsp_enable_custom_social_template":false,"_wpsp_social_scheduling":{"enabled":false,"datetime":null,"platforms":[],"status":"template_only","dateOption":"today","timeOption":"now","customDays":"","customHours":"","customDate":"","customTime":"","schedulingType":"absolute"},"_wpsp_active_default_template":true},"categories":[],"tags":[25],"class_list":["post-7722","post","type-post","status-publish","format-standard","hentry","tag-wordpress-themes"],"_links":{"self":[{"href":"https:\/\/www.semanariotiempo.cl\/index.php?rest_route=\/wp\/v2\/posts\/7722","targetHints":{"allow":["GET"]}}],"collection":[{"href":"https:\/\/www.semanariotiempo.cl\/index.php?rest_route=\/wp\/v2\/posts"}],"about":[{"href":"https:\/\/www.semanariotiempo.cl\/index.php?rest_route=\/wp\/v2\/types\/post"}],"author":[{"embeddable":true,"href":"https:\/\/www.semanariotiempo.cl\/index.php?rest_route=\/wp\/v2\/users\/1"}],"replies":[{"embeddable":true,"href":"https:\/\/www.semanariotiempo.cl\/index.php?rest_route=%2Fwp%2Fv2%2Fcomments&post=7722"}],"version-history":[{"count":0,"href":"https:\/\/www.semanariotiempo.cl\/index.php?rest_route=\/wp\/v2\/posts\/7722\/revisions"}],"wp:attachment":[{"href":"https:\/\/www.semanariotiempo.cl\/index.php?rest_route=%2Fwp%2Fv2%2Fmedia&parent=7722"}],"wp:term":[{"taxonomy":"category","embeddable":true,"href":"https:\/\/www.semanariotiempo.cl\/index.php?rest_route=%2Fwp%2Fv2%2Fcategories&post=7722"},{"taxonomy":"post_tag","embeddable":true,"href":"https:\/\/www.semanariotiempo.cl\/index.php?rest_route=%2Fwp%2Fv2%2Ftags&post=7722"}],"curies":[{"name":"wp","href":"https:\/\/api.w.org\/{rel}","templated":true}]}}