{"id":7713,"date":"2023-03-08T23:44:49","date_gmt":"2023-03-08T23:44:49","guid":{"rendered":"https:\/\/www.semanariotiempo.cl\/?p=7713"},"modified":"2023-03-08T23:44:50","modified_gmt":"2023-03-08T23:44:50","slug":"empresa-cervecera-atrapaniebla-ahora-tambien-atrapa-el-sol","status":"publish","type":"post","link":"https:\/\/www.semanariotiempo.cl\/?p=7713","title":{"rendered":"Empresa Cervecera \u201cAtrapaniebla\u201d  ahora tambi\u00e9n atrapa el sol"},"content":{"rendered":"\n<h4 class=\"has-vivid-red-color has-text-color wp-block-heading\"><strong>Instalaron un sistema fotovoltaico de 14 kW para disminuir los costos de energ\u00eda estimados en un 80 por ciento.<\/strong><\/h4>\n\n\n\n<div class=\"wp-block-image\"><figure class=\"aligncenter size-large\"><img loading=\"lazy\" decoding=\"async\" width=\"1024\" height=\"683\" src=\"https:\/\/www.semanariotiempo.cl\/wp-content\/uploads\/2023\/03\/cervecera-atrapaniebla-1024x683.jpg\" alt=\"\" class=\"wp-image-7714\" srcset=\"https:\/\/www.semanariotiempo.cl\/wp-content\/uploads\/2023\/03\/cervecera-atrapaniebla-1024x683.jpg 1024w, https:\/\/www.semanariotiempo.cl\/wp-content\/uploads\/2023\/03\/cervecera-atrapaniebla-300x200.jpg 300w, https:\/\/www.semanariotiempo.cl\/wp-content\/uploads\/2023\/03\/cervecera-atrapaniebla-768x512.jpg 768w, https:\/\/www.semanariotiempo.cl\/wp-content\/uploads\/2023\/03\/cervecera-atrapaniebla-696x464.jpg 696w, https:\/\/www.semanariotiempo.cl\/wp-content\/uploads\/2023\/03\/cervecera-atrapaniebla-1068x712.jpg 1068w, https:\/\/www.semanariotiempo.cl\/wp-content\/uploads\/2023\/03\/cervecera-atrapaniebla-630x420.jpg 630w, https:\/\/www.semanariotiempo.cl\/wp-content\/uploads\/2023\/03\/cervecera-atrapaniebla.jpg 1200w\" sizes=\"auto, (max-width: 1024px) 100vw, 1024px\" \/><\/figure><\/div>\n\n\n\n<p class=\"wp-block-paragraph\">La cerveza regional Atrapaniebla apost\u00f3 por las energ\u00edas renovables para dar un sello sustentable a sus productos, al incorporar un sistema fotovoltaico que les est\u00e1 generando ahorros gracias al programa Ponle Energ\u00eda a Tu Pyme.<br>La iniciativa del Ministerio de Energ\u00eda y la Agencia de Sostenibilidad Energ\u00e9tica permiti\u00f3 a los hermanos Miguel y Marco Carcuro obtener financiamiento del 50% para instalar un sistema fotovoltaico de 14 kW de capacidad, que les permite disminuir hasta en un 80% el consumo el\u00e9ctrico. Este descuento es debido a que los paneles solares est\u00e1n conectados a la red, para auto-consumir esa electricidad y entregar excedentes a la distribuidora CGE.<br>El sistema solar de 16 millones de pesos de inversi\u00f3n abastece los consumos el\u00e9ctricos en las tareas de producci\u00f3n, refrigeraci\u00f3n, fermentaci\u00f3n (con c\u00e1maras a temperaturas controladas), sanitizaci\u00f3n y mediciones en un laboratorio.<br>\u201cNuestro producto es sustentable porque utiliza el agua de niebla, y como tenemos un alto consumo de energ\u00eda, lo hacemos por mejorar nuestra huella de carbono, reduciendo el gasto de electricidad que provenga de combustibles f\u00f3siles. La mejor forma es a trav\u00e9s de una instalaci\u00f3n propia. Cuando nosotros pensamos el producto, \u00e9ste debe ser sustentable, y esto genera energ\u00eda que se usa y se redistribuye a la red, y genera una carga comercial a nuestro producto, donde se va valorando c\u00f3mo uno se comporta con el medio ambiente\u201d, enfatiz\u00f3 Marco Carcuro.<br>La seremi de Energ\u00eda, Mar\u00eda Castillo Rojas, destac\u00f3 la posibilidad de que exista un programa que apoye a las empresas a aumentar su competitividad. \u201cA esta empresa el Ministerio la apoy\u00f3 con un co financiamiento para un sistema solar, que le ha permitido disminuir sus costos de electricidad, aumentando sus m\u00e1rgenes de utilidad, as\u00ed es que estamos muy contentos de visitar esta planta, que es muy conocida en la Regi\u00f3n, por ser un producto basado tambi\u00e9n en energ\u00edas renovables, por lo tanto, es sustentable\u201d.<br>Las micro, peque\u00f1as y medianas empresas cumplen un importante rol en la econom\u00eda nacional. En ellas, los costos en energ\u00eda suelen ser de un 10% aproximadamente, por lo que la eficiencia energ\u00e9tica y las energ\u00edas renovables se presentan como una forma efectiva y rentable de reducir sus gastos econ\u00f3micos, mejorar la productividad, y disminuir las emisiones, contribuyendo a la acci\u00f3n clim\u00e1tica.<br>En el caso de la Regi\u00f3n de Coquimbo, el programa Ponle Energ\u00eda a Tu Pyme ha beneficiado a 24 empresas locales de los rubros agr\u00edcola, tur\u00edstico, comercial, comunicaci\u00f3n, industrial y gastron\u00f3mico, entre otros, por un total de 260 millones de pesos, entre aportes propios y el financiamiento directo del programa.<\/p>\n","protected":false},"excerpt":{"rendered":"<p>Instalaron un sistema fotovoltaico de 14 kW para disminuir los costos de energ\u00eda estimados en un 80 por ciento. La cerveza regional Atrapaniebla apost\u00f3 por las energ\u00edas renovables para dar un sello sustentable a sus productos, al incorporar un sistema fotovoltaico que les est\u00e1 generando ahorros gracias al programa Ponle Energ\u00eda a Tu Pyme.La iniciativa [&hellip;]<\/p>\n","protected":false},"author":1,"featured_media":7714,"comment_status":"open","ping_status":"open","sticky":false,"template":"","format":"standard","meta":{"tdm_status":"","tdm_grid_status":"","footnotes":"","_wpscppro_dont_share_socialmedia":false,"_wpscppro_custom_social_share_image":0,"_facebook_share_type":"","_twitter_share_type":"","_linkedin_share_type":"","_pinterest_share_type":"","_linkedin_share_type_page":"","_instagram_share_type":"","_medium_share_type":"","_threads_share_type":"","_google_business_share_type":"","_bluesky_share_type":"","_mastodon_share_type":"","_selected_social_profile":[],"_wpsp_enable_custom_social_template":false,"_wpsp_social_scheduling":{"enabled":false,"datetime":null,"platforms":[],"status":"template_only","dateOption":"today","timeOption":"now","customDays":"","customHours":"","customDate":"","customTime":"","schedulingType":"absolute"},"_wpsp_active_default_template":true},"categories":[1],"tags":[21,8,28],"class_list":["post-7713","post","type-post","status-publish","format-standard","has-post-thumbnail","hentry","category-uncategorized","tag-ipad","tag-marketing","tag-site-tips"],"_links":{"self":[{"href":"https:\/\/www.semanariotiempo.cl\/index.php?rest_route=\/wp\/v2\/posts\/7713","targetHints":{"allow":["GET"]}}],"collection":[{"href":"https:\/\/www.semanariotiempo.cl\/index.php?rest_route=\/wp\/v2\/posts"}],"about":[{"href":"https:\/\/www.semanariotiempo.cl\/index.php?rest_route=\/wp\/v2\/types\/post"}],"author":[{"embeddable":true,"href":"https:\/\/www.semanariotiempo.cl\/index.php?rest_route=\/wp\/v2\/users\/1"}],"replies":[{"embeddable":true,"href":"https:\/\/www.semanariotiempo.cl\/index.php?rest_route=%2Fwp%2Fv2%2Fcomments&post=7713"}],"version-history":[{"count":0,"href":"https:\/\/www.semanariotiempo.cl\/index.php?rest_route=\/wp\/v2\/posts\/7713\/revisions"}],"wp:featuredmedia":[{"embeddable":true,"href":"https:\/\/www.semanariotiempo.cl\/index.php?rest_route=\/wp\/v2\/media\/7714"}],"wp:attachment":[{"href":"https:\/\/www.semanariotiempo.cl\/index.php?rest_route=%2Fwp%2Fv2%2Fmedia&parent=7713"}],"wp:term":[{"taxonomy":"category","embeddable":true,"href":"https:\/\/www.semanariotiempo.cl\/index.php?rest_route=%2Fwp%2Fv2%2Fcategories&post=7713"},{"taxonomy":"post_tag","embeddable":true,"href":"https:\/\/www.semanariotiempo.cl\/index.php?rest_route=%2Fwp%2Fv2%2Ftags&post=7713"}],"curies":[{"name":"wp","href":"https:\/\/api.w.org\/{rel}","templated":true}]}}