{"id":7710,"date":"2023-03-08T23:41:51","date_gmt":"2023-03-08T23:41:51","guid":{"rendered":"https:\/\/www.semanariotiempo.cl\/?p=7710"},"modified":"2023-03-08T23:41:52","modified_gmt":"2023-03-08T23:41:52","slug":"diputado-victor-pino-todo-es-limitado-en-este-gobierno-nada-se-aplica-100","status":"publish","type":"post","link":"https:\/\/www.semanariotiempo.cl\/?p=7710","title":{"rendered":"Diputado V\u00edctor Pino: \u201cTodo es limitado en este Gobierno, nada se aplica 100%\u201d"},"content":{"rendered":"\n<h4 class=\"has-vivid-red-color has-text-color wp-block-heading\"><strong>El diputado del nuevo partido \u201cAvancemos Chile\u201d fue cr\u00edtico respecto de la labor del Gobierno frente a temas econ\u00f3micos, sociales y de seguridad.<\/strong><\/h4>\n\n\n\n<div class=\"wp-block-image\"><figure class=\"aligncenter size-large\"><img loading=\"lazy\" decoding=\"async\" width=\"1024\" height=\"576\" src=\"https:\/\/www.semanariotiempo.cl\/wp-content\/uploads\/2023\/03\/victor_pino-1024x576.jpg\" alt=\"\" class=\"wp-image-7711\" srcset=\"https:\/\/www.semanariotiempo.cl\/wp-content\/uploads\/2023\/03\/victor_pino-1024x576.jpg 1024w, https:\/\/www.semanariotiempo.cl\/wp-content\/uploads\/2023\/03\/victor_pino-300x169.jpg 300w, https:\/\/www.semanariotiempo.cl\/wp-content\/uploads\/2023\/03\/victor_pino-768x432.jpg 768w, https:\/\/www.semanariotiempo.cl\/wp-content\/uploads\/2023\/03\/victor_pino-696x392.jpg 696w, https:\/\/www.semanariotiempo.cl\/wp-content\/uploads\/2023\/03\/victor_pino-1068x601.jpg 1068w, https:\/\/www.semanariotiempo.cl\/wp-content\/uploads\/2023\/03\/victor_pino-747x420.jpg 747w, https:\/\/www.semanariotiempo.cl\/wp-content\/uploads\/2023\/03\/victor_pino.jpg 1200w\" sizes=\"auto, (max-width: 1024px) 100vw, 1024px\" \/><\/figure><\/div>\n\n\n\n<p class=\"wp-block-paragraph\">En conversaci\u00f3n con Radio La popular de Salamanca, el diputado de Avancemos Chile, V\u00edctor Pino, asegur\u00f3 que las medidas que ha tomado el Gobierno de Gabriel Boric han sido escasas, sobre todo las hechas en la macrozona norte. \u201cEs insuficiente mover las tropas de las fuerzas armadas al norte, es una acci\u00f3n m\u00e1s simb\u00f3lica que efectiva\u201d asegur\u00f3.<br>Asimismo, Pino afirm\u00f3 que este actuar se ha replicado en diversas \u00e1reas, \u201cTodo es limitado en este Gobierno, nada se aplica en un 100%, en lo econ\u00f3mico, en lo social, en la seguridad\u201d, recalcando que \u201cestamos en una realidad donde la seguridad no es prioridad\u201d.<br>\u201cJusto cuando se estaba trabajando en la mesa se seguridad se otorgan los indultos a gente que es comprobada como delincuente\u201d enfatiz\u00f3 Pino.<br>Respecto a la posible soluci\u00f3n en \u00e1rea el diputado de Avancemos Chile propuso una colaboraci\u00f3n conjunta donde \u201ccada alcalde debe buscar las herramientas, debe ser parte del trabajo colaborativo con Carabineros y la PDI. No pueden restarse porque son sus vecinos los que tienen esos problemas\u201d subray\u00f3.<br>Al ser consultado por el rol que tiene \u00e9l en materia de seguridad, Pino expres\u00f3 que \u201cLa ejecuci\u00f3n la hacen los gobiernos regionales y el Gobierno central. Nosotros no podemos ejecutar, solo podemos alzar la voz y representar el sentir de la gente para as\u00ed buscar las personas id\u00f3neas para dar soluci\u00f3n a esta crisis de seguridad\u201d. Por \u00faltimo, el congresista indic\u00f3 que los diagn\u00f3sticos est\u00e1n, \u201csolo faltan las soluciones\u201d.<\/p>\n","protected":false},"excerpt":{"rendered":"<p>El diputado del nuevo partido \u201cAvancemos Chile\u201d fue cr\u00edtico respecto de la labor del Gobierno frente a temas econ\u00f3micos, sociales y de seguridad. En conversaci\u00f3n con Radio La popular de Salamanca, el diputado de Avancemos Chile, V\u00edctor Pino, asegur\u00f3 que las medidas que ha tomado el Gobierno de Gabriel Boric han sido escasas, sobre todo [&hellip;]<\/p>\n","protected":false},"author":1,"featured_media":7711,"comment_status":"open","ping_status":"open","sticky":false,"template":"","format":"standard","meta":{"tdm_status":"","tdm_grid_status":"","footnotes":"","_wpscppro_dont_share_socialmedia":false,"_wpscppro_custom_social_share_image":0,"_facebook_share_type":"","_twitter_share_type":"","_linkedin_share_type":"","_pinterest_share_type":"","_linkedin_share_type_page":"","_instagram_share_type":"","_medium_share_type":"","_threads_share_type":"","_google_business_share_type":"","_bluesky_share_type":"","_mastodon_share_type":"","_selected_social_profile":[],"_wpsp_enable_custom_social_template":false,"_wpsp_social_scheduling":{"enabled":false,"datetime":null,"platforms":[],"status":"template_only","dateOption":"today","timeOption":"now","customDays":"","customHours":"","customDate":"","customTime":"","schedulingType":"absolute"},"_wpsp_active_default_template":true},"categories":[1],"tags":[8],"class_list":["post-7710","post","type-post","status-publish","format-standard","has-post-thumbnail","hentry","category-uncategorized","tag-marketing"],"_links":{"self":[{"href":"https:\/\/www.semanariotiempo.cl\/index.php?rest_route=\/wp\/v2\/posts\/7710","targetHints":{"allow":["GET"]}}],"collection":[{"href":"https:\/\/www.semanariotiempo.cl\/index.php?rest_route=\/wp\/v2\/posts"}],"about":[{"href":"https:\/\/www.semanariotiempo.cl\/index.php?rest_route=\/wp\/v2\/types\/post"}],"author":[{"embeddable":true,"href":"https:\/\/www.semanariotiempo.cl\/index.php?rest_route=\/wp\/v2\/users\/1"}],"replies":[{"embeddable":true,"href":"https:\/\/www.semanariotiempo.cl\/index.php?rest_route=%2Fwp%2Fv2%2Fcomments&post=7710"}],"version-history":[{"count":0,"href":"https:\/\/www.semanariotiempo.cl\/index.php?rest_route=\/wp\/v2\/posts\/7710\/revisions"}],"wp:featuredmedia":[{"embeddable":true,"href":"https:\/\/www.semanariotiempo.cl\/index.php?rest_route=\/wp\/v2\/media\/7711"}],"wp:attachment":[{"href":"https:\/\/www.semanariotiempo.cl\/index.php?rest_route=%2Fwp%2Fv2%2Fmedia&parent=7710"}],"wp:term":[{"taxonomy":"category","embeddable":true,"href":"https:\/\/www.semanariotiempo.cl\/index.php?rest_route=%2Fwp%2Fv2%2Fcategories&post=7710"},{"taxonomy":"post_tag","embeddable":true,"href":"https:\/\/www.semanariotiempo.cl\/index.php?rest_route=%2Fwp%2Fv2%2Ftags&post=7710"}],"curies":[{"name":"wp","href":"https:\/\/api.w.org\/{rel}","templated":true}]}}