{"id":7650,"date":"2023-03-01T21:53:18","date_gmt":"2023-03-01T21:53:18","guid":{"rendered":"https:\/\/www.semanariotiempo.cl\/?p=7650"},"modified":"2023-03-01T21:53:18","modified_gmt":"2023-03-01T21:53:18","slug":"empresas-mineras-mas-alla-de-lo-minimo","status":"publish","type":"post","link":"https:\/\/www.semanariotiempo.cl\/?p=7650","title":{"rendered":"Empresas mineras: M\u00e1s all\u00e1 de lo m\u00ednimo"},"content":{"rendered":"\n<p class=\"wp-block-paragraph\">Hay quienes se quejan por todo y no creen ni en nada ni en nadie. All\u00ed no hay mucho di\u00e1logo posible. Pero tambi\u00e9n hay quienes observan objetivamente que, junto con el desarrollo minero en gran parte de los casos existe tambi\u00e9n un notable desarrollo de las comunidades aleda\u00f1as. Las \u00e1reas de influencia y el valor compartido del que tanto hablan.<br>Hay quienes observan lo que sucedi\u00f3 con las salitreras, que se esfumaron en el tiempo y dejaron pueblos fantasmas, pero se olvidan de mencionar que gran parte de la riqueza y el desarrollo de la ciudad de Santiago y los puertos se debi\u00f3 al auge generado por el salitre. Hubo much\u00edsima riqueza circulando, con obras significativas como la extensa red de ferrocarriles o el desarrollo urban\u00edstico liderado por Benjam\u00edn Vicu\u00f1a Mackenna.<br>Hoy las empresas mineras sin lugar a dudas tienen un impacto real en las comunidades en las que est\u00e1n inmersas y existe cada vez m\u00e1s control fiscalizador estatal y empoderamiento de las comunidades para exigir el cumplimiento de las normativas y el respeto del medio ambiente.<br>Pero adem\u00e1s de ello, las principales empresas de la regi\u00f3n de Coquimbo, como son Teck Carmen de Andacollo, Minera Los Pelambres y Compa\u00f1\u00eda Minera del Pac\u00edfico, han dado varios pasos adelante y han estado trabajando de manera profunda y sostenida en conjunto con las comunidades en el mejoramiento del entorno, en obras que deber\u00edan ser p\u00fablicas, como parques, centros deportivos o instalaciones de servicios. Pero tambi\u00e9n han estado presentes para apoyar en casos de emergencias como la falta de agua, las instalaciones de soluciones energ\u00e9ticas y\/o de alcantarillado.<br>Pero incluso m\u00e1s all\u00e1, el primer humedal con resguardo privado de la regi\u00f3n fue de Pelambres en Los Vilos, el proceso de reforestaci\u00f3n en Andacollo o el trabajo con las comunidades de agua de Pan de Az\u00facar y Alfalfares resulta tambi\u00e9n interesante de observar. Por \u00faltimo, esta semana se conoci\u00f3 la instalaci\u00f3n de las primeras boyas hidroac\u00fasticas, una soluci\u00f3n innovadora a nivel nacional internacional.<br>En fin. Es de justicia reconocer que no solo extraen mineral desde la tierra (lo cual tiene un alto costo y un sinf\u00edn de beneficios en la cadena productiva) sino que han sabido adaptarse a las exigencias actuales y contribuir de manera significativa al desarrollo regional.<\/p>\n\n\n\n<p style=\"background-color:#eddbdb\" class=\"has-background wp-block-paragraph\"><strong>V\u00edctor H. Villagr\u00e1n<\/strong><br>Editor Semanario Tiempo<\/p>\n","protected":false},"excerpt":{"rendered":"<p>Hay quienes se quejan por todo y no creen ni en nada ni en nadie. All\u00ed no hay mucho di\u00e1logo posible. Pero tambi\u00e9n hay quienes observan objetivamente que, junto con el desarrollo minero en gran parte de los casos existe tambi\u00e9n un notable desarrollo de las comunidades aleda\u00f1as. Las \u00e1reas de influencia y el valor [&hellip;]<\/p>\n","protected":false},"author":1,"featured_media":0,"comment_status":"open","ping_status":"open","sticky":false,"template":"","format":"standard","meta":{"tdm_status":"","tdm_grid_status":"","footnotes":"","_wpscppro_dont_share_socialmedia":false,"_wpscppro_custom_social_share_image":0,"_facebook_share_type":"","_twitter_share_type":"","_linkedin_share_type":"","_pinterest_share_type":"","_linkedin_share_type_page":"","_instagram_share_type":"","_medium_share_type":"","_threads_share_type":"","_google_business_share_type":"","_bluesky_share_type":"","_mastodon_share_type":"","_selected_social_profile":[],"_wpsp_enable_custom_social_template":false,"_wpsp_social_scheduling":{"enabled":false,"datetime":null,"platforms":[],"status":"template_only","dateOption":"today","timeOption":"now","customDays":"","customHours":"","customDate":"","customTime":"","schedulingType":"absolute"},"_wpsp_active_default_template":true},"categories":[],"tags":[25],"class_list":["post-7650","post","type-post","status-publish","format-standard","hentry","tag-wordpress-themes"],"_links":{"self":[{"href":"https:\/\/www.semanariotiempo.cl\/index.php?rest_route=\/wp\/v2\/posts\/7650","targetHints":{"allow":["GET"]}}],"collection":[{"href":"https:\/\/www.semanariotiempo.cl\/index.php?rest_route=\/wp\/v2\/posts"}],"about":[{"href":"https:\/\/www.semanariotiempo.cl\/index.php?rest_route=\/wp\/v2\/types\/post"}],"author":[{"embeddable":true,"href":"https:\/\/www.semanariotiempo.cl\/index.php?rest_route=\/wp\/v2\/users\/1"}],"replies":[{"embeddable":true,"href":"https:\/\/www.semanariotiempo.cl\/index.php?rest_route=%2Fwp%2Fv2%2Fcomments&post=7650"}],"version-history":[{"count":0,"href":"https:\/\/www.semanariotiempo.cl\/index.php?rest_route=\/wp\/v2\/posts\/7650\/revisions"}],"wp:attachment":[{"href":"https:\/\/www.semanariotiempo.cl\/index.php?rest_route=%2Fwp%2Fv2%2Fmedia&parent=7650"}],"wp:term":[{"taxonomy":"category","embeddable":true,"href":"https:\/\/www.semanariotiempo.cl\/index.php?rest_route=%2Fwp%2Fv2%2Fcategories&post=7650"},{"taxonomy":"post_tag","embeddable":true,"href":"https:\/\/www.semanariotiempo.cl\/index.php?rest_route=%2Fwp%2Fv2%2Ftags&post=7650"}],"curies":[{"name":"wp","href":"https:\/\/api.w.org\/{rel}","templated":true}]}}