{"id":7637,"date":"2023-02-22T21:36:07","date_gmt":"2023-02-22T21:36:07","guid":{"rendered":"https:\/\/www.semanariotiempo.cl\/?p=7637"},"modified":"2023-02-22T21:43:30","modified_gmt":"2023-02-22T21:43:30","slug":"priscilla-gonzalez-fundacion-las-rosas-cuando-acogemos-a-un-adulto-mayor-es-para-siempre-no-los-abandonamos","status":"publish","type":"post","link":"https:\/\/www.semanariotiempo.cl\/?p=7637","title":{"rendered":"Priscilla Gonz\u00e1lez,  Fundaci\u00f3n Las Rosas: \u201cCuando acogemos  a un adulto mayor es para siempre, no los abandonamos\u201d"},"content":{"rendered":"\n<h4 class=\"has-vivid-red-color has-text-color wp-block-heading\"><strong>La recientemente asumida jefa regional de Fundaci\u00f3n Las Rosas, Priscilla Gonz\u00e1lez, da cuenta del trabajo con los adultos mayores que realiza la instituci\u00f3n. Adem\u00e1s, ahora que se viene la renovaci\u00f3n del permiso de circulaci\u00f3n, invita a las personas a colaborar con el seguro obligatorio a trav\u00e9s del organismo.<\/strong><\/h4>\n\n\n\n<div class=\"wp-block-image\"><figure class=\"aligncenter size-large\"><img loading=\"lazy\" decoding=\"async\" width=\"1024\" height=\"684\" src=\"https:\/\/www.semanariotiempo.cl\/wp-content\/uploads\/2023\/02\/Fundacion-las-Rosas-Dany-Vargas-10-1024x684.jpg\" alt=\"\" class=\"wp-image-7638\" srcset=\"https:\/\/www.semanariotiempo.cl\/wp-content\/uploads\/2023\/02\/Fundacion-las-Rosas-Dany-Vargas-10-1024x684.jpg 1024w, https:\/\/www.semanariotiempo.cl\/wp-content\/uploads\/2023\/02\/Fundacion-las-Rosas-Dany-Vargas-10-300x200.jpg 300w, https:\/\/www.semanariotiempo.cl\/wp-content\/uploads\/2023\/02\/Fundacion-las-Rosas-Dany-Vargas-10-768x513.jpg 768w, https:\/\/www.semanariotiempo.cl\/wp-content\/uploads\/2023\/02\/Fundacion-las-Rosas-Dany-Vargas-10-696x465.jpg 696w, https:\/\/www.semanariotiempo.cl\/wp-content\/uploads\/2023\/02\/Fundacion-las-Rosas-Dany-Vargas-10-1068x713.jpg 1068w, https:\/\/www.semanariotiempo.cl\/wp-content\/uploads\/2023\/02\/Fundacion-las-Rosas-Dany-Vargas-10-629x420.jpg 629w, https:\/\/www.semanariotiempo.cl\/wp-content\/uploads\/2023\/02\/Fundacion-las-Rosas-Dany-Vargas-10.jpg 1200w\" sizes=\"auto, (max-width: 1024px) 100vw, 1024px\" \/><\/figure><\/div>\n\n\n\n<div class=\"wp-block-image\"><figure class=\"aligncenter size-large\"><img loading=\"lazy\" decoding=\"async\" width=\"1024\" height=\"678\" src=\"https:\/\/www.semanariotiempo.cl\/wp-content\/uploads\/2023\/02\/priscila-gonzalez-1024x678.jpg\" alt=\"\" class=\"wp-image-7639\" srcset=\"https:\/\/www.semanariotiempo.cl\/wp-content\/uploads\/2023\/02\/priscila-gonzalez-1024x678.jpg 1024w, https:\/\/www.semanariotiempo.cl\/wp-content\/uploads\/2023\/02\/priscila-gonzalez-300x199.jpg 300w, https:\/\/www.semanariotiempo.cl\/wp-content\/uploads\/2023\/02\/priscila-gonzalez-768x509.jpg 768w, https:\/\/www.semanariotiempo.cl\/wp-content\/uploads\/2023\/02\/priscila-gonzalez-696x461.jpg 696w, https:\/\/www.semanariotiempo.cl\/wp-content\/uploads\/2023\/02\/priscila-gonzalez-1068x707.jpg 1068w, https:\/\/www.semanariotiempo.cl\/wp-content\/uploads\/2023\/02\/priscila-gonzalez-634x420.jpg 634w, https:\/\/www.semanariotiempo.cl\/wp-content\/uploads\/2023\/02\/priscila-gonzalez.jpg 1081w\" sizes=\"auto, (max-width: 1024px) 100vw, 1024px\" \/><figcaption>Priscilla Gonz\u00e1lez, jefa regional de Fundaci\u00f3n Las Rosas:<\/figcaption><\/figure><\/div>\n\n\n\n<p class=\"wp-block-paragraph\">El 17 de enero de este a\u00f1o, Priscilla Gonz\u00e1lez, periodista de profesi\u00f3n, asumi\u00f3 como jefa regional de Fundaci\u00f3n Las Rosas, que cuenta con 94 residentes en el hogar la visitaci\u00f3n de Mar\u00eda, con adultos mayores provenientes de las tres provincias de la regi\u00f3n.<br>En cuanto a sus motivaciones, comenta que ha trabajado en el sector privado y tambi\u00e9n en fundaciones, \u201cpor lo que siempre me ha motivado este tema por los objetivos, el fondo del trabajo y el impacto que tiene\u201d.<br>Consultada por los desaf\u00edos, se\u00f1ala que \u201cpara m\u00ed ingresar a la fundaci\u00f3n Las Rosas fue un honor porque es una instituci\u00f3n que lleva m\u00e1s de 50 a\u00f1os en esta misi\u00f3n de acoger a los adultos mayores m\u00e1s vulnerables, porque la idea es que ellos puedan acceder a una vejez digna\u201d.<br>\u201cComo objetivos, primero est\u00e1 visibilizar al adulto mayor que es parte de la sociedad, en alg\u00fan minuto ha contribuido al avance de esta, por lo que es importante que se visibilice como parte de ella y que le devuelva la mano\u201d a\u00f1ade.<br>Agrega que \u201cadem\u00e1s, est\u00e1 el lograr el apoyo de la comunidad, ya sea en impregnar este cuidado del adulto mayor a los colegios, empresas, municipios y tambi\u00e9n a las personas, porque tenemos muchos amigos que son los socios que aportan en esta obra, entonces, todas las partes son importantes\u201d.<br>Para lograr visibilizar a los adultos mayores, comenta que un primer paso es relacionarse con la comunidad, \u201cen este minuto estoy visitando a alcaldes que me abren las puertas para conocer lo que hacemos como hogar\u201d.<br>\u201cEs una tarea bien grande la que hacemos, por ejemplo, nosotros en el hogar a los adultos mayores les brindamos atenci\u00f3n m\u00e9dica de primera con controles con enfermeros, m\u00e9dicos y tens, la alimentaci\u00f3n es supervisada por nutricionistas, y la estimulaci\u00f3n del envejecimiento es mediante terapia ocupacional y kinesi\u00f3logos, y tambi\u00e9n el trabajo de todos los voluntarios y del equipo del hogar\u201d destaca.<br>Por otra parte, la jefa regional destaca el trabajo espiritual de la congregaci\u00f3n que est\u00e1 en el hogar, \u201centonces, la idea es siempre trabajar por los adultos mayores, porque cuando los acogemos es para siempre, no los abandonamos\u201d.<br>En cuanto al costo de la estad\u00eda, explica que es voluntario, \u201ces la atenci\u00f3n m\u00ednima solidaria, pero hay muchos que son vulnerables y que no tienen para aportar. Fundaci\u00f3n Las Rosas los acoge aunque sea gratis, porque no los va a abandonar, son adultos mayores vulnerables\u201d.<br>Para que el hogar pueda funcionar, necesitan financiamiento, que se logra a trav\u00e9s de los socios que todos los meses a trav\u00e9s de su aporte apoyan a la Fundaci\u00f3n Las Rosas, \u201calgo que agradecemos much\u00edsimo ya que son uno de los grandes pilares, hay otros aportes de empresas, subvenciones por programas que podemos postular, tambi\u00e9n los colegios y algunas campa\u00f1as\u201d.<\/p>\n\n\n\n<p class=\"wp-block-paragraph\"><strong>La importancia del voluntariado<\/strong><br>Priscilla Gonz\u00e1lez respecto al trabajo de voluntariado recalca que es una parte importante, \u201csiento que hay que ponerlo en la mesa, hay mucha gente que se siente motivada a ayudar, entonces tambi\u00e9n quiero llamar a las personas que quieran ayudar al pr\u00f3jimo, colaborar, ya sea por solidaridad o por empat\u00eda, que lo puedan hacer a trav\u00e9s de nosotros\u201d.<br>\u201cCuando tenemos campa\u00f1as es importante que sea parte de esto y que ayuden a sus adultos mayores, porque son de aqu\u00ed, de la regi\u00f3n, y adem\u00e1s, a las personas tambi\u00e9n les hace bien formar parte de un voluntariado\u201d se\u00f1ala.<br>Para hacerse voluntario, puede dirigirse a la oficina de la Fundaci\u00f3n Las Rosas, la p\u00e1gina web, instituciones como la iglesia o la universidad, y tambi\u00e9n en el hogar directamente, que se encuentra ubicado en Avenida Cuatro Esquinas 523, en La Serena.<\/p>\n\n\n\n<p style=\"background-color:#ffeeed\" class=\"has-background wp-block-paragraph\"><strong><span class=\"has-inline-color has-vivid-red-color\">Campa\u00f1a SOAP 2023<\/span><\/strong><br>Por otro lado, dio a conocer que tienen una campa\u00f1a a trav\u00e9s del seguro obligatorio de accidentes personales (SOAP) en la cual las personas ingresan a la p\u00e1gina web (<a href=\"http:\/\/www.fundacionlasrosas.cl\">www.fundacionlasrosas.cl<\/a>), buscar el SOAP 2023 y puede adquirir su seguro de la fundaci\u00f3n asociado a una donaci\u00f3n.<br>Dicha donaci\u00f3n puede ser una comida, equivalente a $2.500 pesos, un almuerzo m\u00e1s una cena por $5.000 pesos, o $.7.500 que corresponde a todas las comidas del d\u00eda de un adulto mayor.<\/p>\n","protected":false},"excerpt":{"rendered":"<p>La recientemente asumida jefa regional de Fundaci\u00f3n Las Rosas, Priscilla Gonz\u00e1lez, da cuenta del trabajo con los adultos mayores que realiza la instituci\u00f3n. Adem\u00e1s, ahora que se viene la renovaci\u00f3n del permiso de circulaci\u00f3n, invita a las personas a colaborar con el seguro obligatorio a trav\u00e9s del organismo. El 17 de enero de este a\u00f1o, [&hellip;]<\/p>\n","protected":false},"author":1,"featured_media":7638,"comment_status":"open","ping_status":"open","sticky":false,"template":"","format":"standard","meta":{"tdm_status":"","tdm_grid_status":"","footnotes":"","_wpscppro_dont_share_socialmedia":false,"_wpscppro_custom_social_share_image":0,"_facebook_share_type":"","_twitter_share_type":"","_linkedin_share_type":"","_pinterest_share_type":"","_linkedin_share_type_page":"","_instagram_share_type":"","_medium_share_type":"","_threads_share_type":"","_google_business_share_type":"","_bluesky_share_type":"","_mastodon_share_type":"","_selected_social_profile":[],"_wpsp_enable_custom_social_template":false,"_wpsp_social_scheduling":{"enabled":false,"datetime":null,"platforms":[],"status":"template_only","dateOption":"today","timeOption":"now","customDays":"","customHours":"","customDate":"","customTime":"","schedulingType":"absolute"},"_wpsp_active_default_template":true},"categories":[1],"tags":[8],"class_list":["post-7637","post","type-post","status-publish","format-standard","has-post-thumbnail","hentry","category-uncategorized","tag-marketing"],"_links":{"self":[{"href":"https:\/\/www.semanariotiempo.cl\/index.php?rest_route=\/wp\/v2\/posts\/7637","targetHints":{"allow":["GET"]}}],"collection":[{"href":"https:\/\/www.semanariotiempo.cl\/index.php?rest_route=\/wp\/v2\/posts"}],"about":[{"href":"https:\/\/www.semanariotiempo.cl\/index.php?rest_route=\/wp\/v2\/types\/post"}],"author":[{"embeddable":true,"href":"https:\/\/www.semanariotiempo.cl\/index.php?rest_route=\/wp\/v2\/users\/1"}],"replies":[{"embeddable":true,"href":"https:\/\/www.semanariotiempo.cl\/index.php?rest_route=%2Fwp%2Fv2%2Fcomments&post=7637"}],"version-history":[{"count":0,"href":"https:\/\/www.semanariotiempo.cl\/index.php?rest_route=\/wp\/v2\/posts\/7637\/revisions"}],"wp:featuredmedia":[{"embeddable":true,"href":"https:\/\/www.semanariotiempo.cl\/index.php?rest_route=\/wp\/v2\/media\/7638"}],"wp:attachment":[{"href":"https:\/\/www.semanariotiempo.cl\/index.php?rest_route=%2Fwp%2Fv2%2Fmedia&parent=7637"}],"wp:term":[{"taxonomy":"category","embeddable":true,"href":"https:\/\/www.semanariotiempo.cl\/index.php?rest_route=%2Fwp%2Fv2%2Fcategories&post=7637"},{"taxonomy":"post_tag","embeddable":true,"href":"https:\/\/www.semanariotiempo.cl\/index.php?rest_route=%2Fwp%2Fv2%2Ftags&post=7637"}],"curies":[{"name":"wp","href":"https:\/\/api.w.org\/{rel}","templated":true}]}}