{"id":7615,"date":"2023-02-20T20:31:47","date_gmt":"2023-02-20T20:31:47","guid":{"rendered":"https:\/\/www.semanariotiempo.cl\/?p=7615"},"modified":"2023-02-20T20:31:47","modified_gmt":"2023-02-20T20:31:47","slug":"pasajeros-del-aerodromo-la-florida-suben-un-31-y-moviliza-a-680-mil-personas-en-2022","status":"publish","type":"post","link":"https:\/\/www.semanariotiempo.cl\/?p=7615","title":{"rendered":"Pasajeros del aer\u00f3dromo La Florida suben un 31% y moviliza a 680 mil personas en 2022"},"content":{"rendered":"\n<h4 class=\"has-vivid-red-color has-text-color wp-block-heading\"><strong>La variaci\u00f3n positiva se da en medio de las proyecciones que indican que el 2024 comenzar\u00e1n las obras de la tercera concesi\u00f3n del recinto a\u00e9reo, que considera una inversi\u00f3n total de US$59 millones, y permitir\u00e1 mejorar y ampliara la superficie del terminal, pasando de 4.364 a 13.249 m2.<\/strong><\/h4>\n\n\n\n<div class=\"wp-block-image\"><figure class=\"aligncenter size-large\"><img loading=\"lazy\" decoding=\"async\" width=\"1024\" height=\"768\" src=\"https:\/\/www.semanariotiempo.cl\/wp-content\/uploads\/2023\/02\/Aerodromo-La-Florida-La-Serena-scaled-1-1024x768.jpg\" alt=\"\" class=\"wp-image-7616\" srcset=\"https:\/\/www.semanariotiempo.cl\/wp-content\/uploads\/2023\/02\/Aerodromo-La-Florida-La-Serena-scaled-1-1024x768.jpg 1024w, https:\/\/www.semanariotiempo.cl\/wp-content\/uploads\/2023\/02\/Aerodromo-La-Florida-La-Serena-scaled-1-300x225.jpg 300w, https:\/\/www.semanariotiempo.cl\/wp-content\/uploads\/2023\/02\/Aerodromo-La-Florida-La-Serena-scaled-1-768x576.jpg 768w, https:\/\/www.semanariotiempo.cl\/wp-content\/uploads\/2023\/02\/Aerodromo-La-Florida-La-Serena-scaled-1-80x60.jpg 80w, https:\/\/www.semanariotiempo.cl\/wp-content\/uploads\/2023\/02\/Aerodromo-La-Florida-La-Serena-scaled-1-265x198.jpg 265w, https:\/\/www.semanariotiempo.cl\/wp-content\/uploads\/2023\/02\/Aerodromo-La-Florida-La-Serena-scaled-1-696x522.jpg 696w, https:\/\/www.semanariotiempo.cl\/wp-content\/uploads\/2023\/02\/Aerodromo-La-Florida-La-Serena-scaled-1-1068x801.jpg 1068w, https:\/\/www.semanariotiempo.cl\/wp-content\/uploads\/2023\/02\/Aerodromo-La-Florida-La-Serena-scaled-1-560x420.jpg 560w, https:\/\/www.semanariotiempo.cl\/wp-content\/uploads\/2023\/02\/Aerodromo-La-Florida-La-Serena-scaled-1.jpg 1200w\" sizes=\"auto, (max-width: 1024px) 100vw, 1024px\" \/><\/figure><\/div>\n\n\n\n<p class=\"wp-block-paragraph\">De acuerdo a la Direcci\u00f3n de Concesiones del Ministerio de Obras P\u00fablicas (MOP), el aer\u00f3dromo La Florida de La Serena experiment\u00f3 un alza de pasajeros del 31,4%, al movilizar a 680 mil 456 personas durante el 2022, incremento que incluso super\u00f3 los niveles alcanzados al \u00faltimo \u201ca\u00f1o normal\u201d previo a la pandemia.<br>El aumento se da en medio de las proyecciones que indican que el 2024 se iniciar\u00e1n las obras de la tercera concesi\u00f3n del recinto a\u00e9reo, que considera una inversi\u00f3n total de US$59 millones, y permitir\u00e1 mejorar y ampliar la superficie del terminal, pasando de 4.3604 a 13.249 m2.<br>Y es que si bien se esperaba que el pr\u00f3ximo a\u00f1o ser\u00eda el decisivo para normalizar la operaci\u00f3n tras la irrupci\u00f3n de la emergencia sanitaria, las cifras del concesionario demuestran un fuerte repunte en el tr\u00e1fico del aer\u00f3dromo (ver recuadro), estimado en un 6,4% m\u00e1s que el 2019. Por ahora, la iniciativa de modernizaci\u00f3n a\u00fan se encuentra en fase de estudios de ingenier\u00eda.<br>La nueva concesi\u00f3n ser\u00e1 ejecutada por el \u201cConsorcio Aeropuerto IV Regi\u00f3n\u201d, integrada por las empresas Cointer Chile S.A y Concesiones Coquimbo SpA. Dicha firma tiene un plazo variable m\u00e1ximo de explotaci\u00f3n y operaci\u00f3n de 260 meses (21 a\u00f1os y 8 meses).<br>En su fase de construcci\u00f3n contempla la contrataci\u00f3n de 250 personas.<br>\u201cLas obras contempladas est\u00e1n para el primer semestre de 2024, as\u00ed que no alcanzar\u00edan a empezar a ejecutarse este a\u00f1o\u201d, dijo anteriormente el seremi de Obras P\u00fablicas, Javier Sandoval, quien explic\u00f3 que durante el 2023 los estudios de ingenier\u00eda se concentrar\u00e1n en la infraestructura que circunda al recinto, incluyendo su acceso vial.<br>El mejoramiento del aer\u00f3dromo considera dos nuevos puentes de embarque (en la actualidad no existen), tres cintas de retiro de equipaje, cuatro m\u00e1quinas de Revisi\u00f3n (AVSEC) y 16 counters para las aerol\u00edneas (ver comparaci\u00f3n).<br>A lo anterior se suman 175 nuevos estacionamientos (pasando de 231 a 406); aparcamientos para taxis, buses, minibuses, custodia, rent a car, servicios p\u00fablicos, sociedad concesionaria, carga y DGAC; nuevas v\u00edas de acceso al aeropuerto, incluyendo cruce semaforizado, paraderos de buses y sus refugios; reemplazo de la se\u00f1al\u00e9tica existente y desarrollo de zonas de paisajismo y \u00e1reas verdes.<br>Las futuras obras y estructuras consideran tambi\u00e9n edificios claves en el funcionamiento del aeropuerto: subestaci\u00f3n el\u00e9ctrica aeron\u00e1utica; caseta de control de acceso a instalaciones de la Direcci\u00f3n General de Aeron\u00e1utica Civil; estaciones de transmisores; estaciones de receptores; instalaci\u00f3n de combustible terrestre; puesto de inspecci\u00f3n de carga y puesto de control de acceso a sector carga, y suministro e instalaci\u00f3n de sistema fotovoltaico de generaci\u00f3n de electricidad.<\/p>\n","protected":false},"excerpt":{"rendered":"<p>La variaci\u00f3n positiva se da en medio de las proyecciones que indican que el 2024 comenzar\u00e1n las obras de la tercera concesi\u00f3n del recinto a\u00e9reo, que considera una inversi\u00f3n total de US$59 millones, y permitir\u00e1 mejorar y ampliara la superficie del terminal, pasando de 4.364 a 13.249 m2. De acuerdo a la Direcci\u00f3n de Concesiones [&hellip;]<\/p>\n","protected":false},"author":1,"featured_media":7616,"comment_status":"open","ping_status":"open","sticky":false,"template":"","format":"standard","meta":{"tdm_status":"","tdm_grid_status":"","footnotes":"","_wpscppro_dont_share_socialmedia":false,"_wpscppro_custom_social_share_image":0,"_facebook_share_type":"","_twitter_share_type":"","_linkedin_share_type":"","_pinterest_share_type":"","_linkedin_share_type_page":"","_instagram_share_type":"","_medium_share_type":"","_threads_share_type":"","_google_business_share_type":"","_bluesky_share_type":"","_mastodon_share_type":"","_selected_social_profile":[],"_wpsp_enable_custom_social_template":false,"_wpsp_social_scheduling":{"enabled":false,"datetime":null,"platforms":[],"status":"template_only","dateOption":"today","timeOption":"now","customDays":"","customHours":"","customDate":"","customTime":"","schedulingType":"absolute"},"_wpsp_active_default_template":true},"categories":[1],"tags":[8,28],"class_list":["post-7615","post","type-post","status-publish","format-standard","has-post-thumbnail","hentry","category-uncategorized","tag-marketing","tag-site-tips"],"_links":{"self":[{"href":"https:\/\/www.semanariotiempo.cl\/index.php?rest_route=\/wp\/v2\/posts\/7615","targetHints":{"allow":["GET"]}}],"collection":[{"href":"https:\/\/www.semanariotiempo.cl\/index.php?rest_route=\/wp\/v2\/posts"}],"about":[{"href":"https:\/\/www.semanariotiempo.cl\/index.php?rest_route=\/wp\/v2\/types\/post"}],"author":[{"embeddable":true,"href":"https:\/\/www.semanariotiempo.cl\/index.php?rest_route=\/wp\/v2\/users\/1"}],"replies":[{"embeddable":true,"href":"https:\/\/www.semanariotiempo.cl\/index.php?rest_route=%2Fwp%2Fv2%2Fcomments&post=7615"}],"version-history":[{"count":0,"href":"https:\/\/www.semanariotiempo.cl\/index.php?rest_route=\/wp\/v2\/posts\/7615\/revisions"}],"wp:featuredmedia":[{"embeddable":true,"href":"https:\/\/www.semanariotiempo.cl\/index.php?rest_route=\/wp\/v2\/media\/7616"}],"wp:attachment":[{"href":"https:\/\/www.semanariotiempo.cl\/index.php?rest_route=%2Fwp%2Fv2%2Fmedia&parent=7615"}],"wp:term":[{"taxonomy":"category","embeddable":true,"href":"https:\/\/www.semanariotiempo.cl\/index.php?rest_route=%2Fwp%2Fv2%2Fcategories&post=7615"},{"taxonomy":"post_tag","embeddable":true,"href":"https:\/\/www.semanariotiempo.cl\/index.php?rest_route=%2Fwp%2Fv2%2Ftags&post=7615"}],"curies":[{"name":"wp","href":"https:\/\/api.w.org\/{rel}","templated":true}]}}